{"id":132415,"date":"2025-05-27T18:36:15","date_gmt":"2025-05-27T18:36:15","guid":{"rendered":"https:\/\/www.europesays.com\/fr\/132415\/"},"modified":"2025-05-27T18:36:15","modified_gmt":"2025-05-27T18:36:15","slug":"la-course-de-morbidelli-comme-un-film-de-tarantino","status":"publish","type":"post","link":"https:\/\/www.europesays.com\/fr\/132415\/","title":{"rendered":"La course de Morbidelli ? \u00ab\u00a0Comme un film de Tarantino !\u00a0\u00bb"},"content":{"rendered":"<p>Tendu et un peu foutraque, avec un final en apoth\u00e9ose\u00a0:\u00a0on imagine que c&rsquo;est ainsi que <a href=\"https:\/\/fr.motorsport.com\/driver\/franco-morbidelli\/109417\/\" target=\"_blank\" rel=\"noopener nofollow\">Franco Morbidelli<\/a> voit son Grand Prix pour le comparer \u00e0 un film de Tarantino. Il est vrai qu&rsquo;il s&rsquo;en est pass\u00e9 des choses, pour le pilote italien \u00e0 Silverstone\u00a0!<\/p>\n<p>Cela a commenc\u00e9 d\u00e8s vendredi, avec une p\u00e9nalit\u00e9 re\u00e7ue pour avoir g\u00ean\u00e9 un autre pilote, <a href=\"https:\/\/fr.motorsport.com\/motogp\/news\/morbidelli-sent-cible-penalite-arrive-souvent-autres\/10725822\/\" target=\"_self\" rel=\"noopener nofollow\">sanction jug\u00e9e s\u00e9v\u00e8re par Morbidelli<\/a>. Qualifi\u00e9 dixi\u00e8me apr\u00e8s avoir r\u00e9ussi \u00e0 s&rsquo;extraire de la Q1, le pilote VR46 a manqu\u00e9 les points dans le sprint, mais il a en revanche r\u00e9alis\u00e9 une course longue tr\u00e8s convaincante.<\/p>\n<p>Pourtant, il n&rsquo;\u00e9tait que 13e sur la grille de dimanche, lorsque sa p\u00e9nalit\u00e9 s&rsquo;est appliqu\u00e9e, et il n&rsquo;est m\u00eame pas all\u00e9 au bout du premier tour lorsque le d\u00e9part a \u00e9t\u00e9 donn\u00e9, envoy\u00e9 au tapis par <a href=\"https:\/\/fr.motorsport.com\/driver\/aleix-espargaro\/90382\/\" target=\"_blank\" rel=\"noopener nofollow\">Aleix Espargar\u00f3<\/a>. Mais apr\u00e8s le drapeau rouge et un passage tr\u00e8s efficace par son stand, Morbidelli a finalement v\u00e9cu une course qui l&rsquo;a laiss\u00e9 tr\u00e8s enthousiaste, termin\u00e9e par une lutte face \u00e0 <a href=\"https:\/\/fr.motorsport.com\/driver\/marc-marquez\/92646\/\" target=\"_blank\" rel=\"noopener nofollow\">Marc M\u00e1rquez<\/a> pour le podium.<\/p>\n<p>\u00ab\u00a0La course en elle-m\u00eame a \u00e9t\u00e9 un film de Quentin Tarantino\u00a0!\u00a0\u00bb, a-t-il r\u00e9sum\u00e9. \u00ab\u00a0\u00c7a a \u00e9t\u00e9 un week-end incroyable\u00a0!\u00a0Il s&rsquo;est tout pass\u00e9, mais on a continu\u00e9 \u00e0 travailler, \u00e0 essayer d&rsquo;ajuster la moto et \u00e0 y croire. Apr\u00e8s l&rsquo;accident, apr\u00e8s la p\u00e9nalit\u00e9 qui m&rsquo;a fait partir 13e, c&rsquo;est juste incroyable de pouvoir se battre pour le podium et de ne le manquer que pour 17 milli\u00e8mes. OK, c&rsquo;est une petite amertume mais ce week-end ressemble \u00e0 l&rsquo;histoire d&rsquo;une vie pour nous. Heureusement, avec un happy end alors on est tous contents.\u00a0\u00bb<\/p>\n<p>Au sujet du dernier tour et du podium qui lui a \u00e9chapp\u00e9 de si peu, Morbidelli n&rsquo;a pas vraiment de regrets\u00a0:\u00a0\u00ab\u00a0J&rsquo;ai tout essay\u00e9. J&rsquo;ai le sentiment que j&rsquo;aurais pu faire quelque chose de mieux mais [Marc M\u00e1rquez] a \u00e9t\u00e9 meilleur que moi dans ce dernier tour et il m&rsquo;a battu dans un domaine dans lequel je suis toujours assez fort, c&rsquo;est-\u00e0-dire la lutte en duel. Certes, c&rsquo;est une petite amertume mais il est huit fois champion du monde, alors \u00e7a va\u00a0!\u00a0\u00bb<\/p>\n<p>En revanche, il s&rsquo;est montr\u00e9 beaucoup plus piquant au sujet de sa chute dans la premi\u00e8re partie de la course, provoqu\u00e9e par Aleix Espargar\u00f3 avec qui il a d\u00e9j\u00e0 eu maille \u00e0 partir dans le pass\u00e9. \u00ab\u00a0Je faisais mon virage et, \u00e7a n&rsquo;est pas la premi\u00e8re fois, mais Aleix est tomb\u00e9 en essayant de faire je ne sais quoi. Exactement comme en 2020, quand il m&rsquo;a fait perdre la deuxi\u00e8me course \u00e0 Misano et m&rsquo;a finalement co\u00fbt\u00e9 les points pour le championnat\u00a0\u00bb, a-t-il accus\u00e9.<\/p>\n<p><img decoding=\"async\" class=\"sizer\" draggable=\"false\" src=\"data:image\/png;base64,iVBORw0KGgoAAAANSUhEUgAAABAAAAAJCAYAAAA7KqwyAAAAGXRFWHRTb2Z0d2FyZQBBZG9iZSBJbWFnZVJlYWR5ccllPAAAABpJREFUeNpi\/P\/\/PwMlgImBQjBqwLAwACDAAOVfAw9\/ZDvcAAAAAElFTkSuQmCC\" alt=\"\" loading=\"lazy\"\/><\/p>\n<p class=\"title\">VID\u00c9O &#8211; R\u00c9SUM\u00c9 : Les meilleurs moments du GP de Grande-Bretagne<\/p>\n<p>\u00ab\u00a0Cette fois encore, il a pris des risques juste pour ne pas me laisser passer [le virage] et il est encore tomb\u00e9 sur moi. \u00c7a a \u00e9t\u00e9 une mauvaise chute, j&rsquo;ai mal, je ne sais pas si j&rsquo;ai quelque chose de cass\u00e9\u00a0\u00bb, a alert\u00e9 Morbidelli.<\/p>\n<p>Aleix Espargar\u00f3 n&rsquo;a pas vraiment \u00e9pilogu\u00e9 sur le sujet, mais il s&rsquo;est excus\u00e9\u00a0:\u00a0\u00ab\u00a0J&rsquo;ai un petit peu trop frein\u00e9 parce que Franco \u00e9tait \u00e0 l&rsquo;ext\u00e9rieur et j&rsquo;ai donc essay\u00e9 de laisser plus de place. Au lieu de \u00e7a, je suis tomb\u00e9 et malheureusement \u00c1lex [Rins] et Franco \u00e9taient \u00e0 l&rsquo;ext\u00e9rieur. La moto l&rsquo;a touch\u00e9, \u00c1lex aussi je crois. En tout cas, Franco est tomb\u00e9 et je suis vraiment d\u00e9sol\u00e9.\u00a0\u00bb<\/p>\n<p>\u00ab\u00a0Il m&rsquo;a dit &lsquo;Ah, tu m&rsquo;as encore percut\u00e9\u00a0!&rsquo; et je lui ai dit &lsquo;Non, regarde le replay, je ne t&rsquo;ai pas percut\u00e9, je suis tomb\u00e9 et ma moto t&rsquo;a heurt\u00e9&rsquo;. Je ne crois pas qu&rsquo;il m&rsquo;ait \u00e9cout\u00e9. En tout cas, je peux le comprendre et de toute fa\u00e7on je n&rsquo;y peux rien. Je ne veux pas me battre contre \u00c1lex ou Franco en sachant qu&rsquo;ils sont beaucoup plus rapides que moi alors que je ne suis qu&rsquo;une wild-card.\u00a0\u00bb<\/p>\n<p>   <img decoding=\"async\" draggable=\"false\" src=\"https:\/\/www.europesays.com\/fr\/wp-content\/uploads\/2025\/05\/1748370975_279_franco-morbidelli-vr46-racing-.jpg\" alt=\"Franco Morbidelli, VR46 Racing Team, Aleix Espargaro, Honda HRC \" width=\"1200\" height=\"800\" loading=\"lazy\"\/> <\/p>\n<p class=\"title\">Franco Morbidelli et Aleix Espargar\u00f3 ne partiront pas en vacances ensemble&#8230;<\/p>\n<p class=\"photographer\">Photo de: Adrian Dennis \/ AFP via Getty Images<\/p>\n<p>Morbidelli retient le positif<\/p>\n<p>Malgr\u00e9 le pic d&rsquo;adr\u00e9naline provoqu\u00e9 par cette chute et les douleurs qu&rsquo;il ressentait par la suite, Franco Morbidelli a donc r\u00e9ussi \u00e0 tr\u00e8s bien s&rsquo;en sortir. \u00ab\u00a0Il y a eu le drapeau rouge et j&rsquo;ai eu la possibilit\u00e9 de ramener la moto au stand gr\u00e2ce aux commissaires qui m&rsquo;y ont pouss\u00e9. Ensuite, le team a \u00e9t\u00e9 incroyable, tout \u00e9tait pr\u00eat pour repartir\u00a0\u00bb, a-t-il expliqu\u00e9 aupr\u00e8s du site officiel du MotoGP.<\/p>\n<p>\u00ab\u00a0\u00c7a n&rsquo;est pas facile d&rsquo;\u00eatre concentr\u00e9 pour se relancer, et j&rsquo;ai fait une bonne course. Quand je suis parti, j&rsquo;ai imm\u00e9diatement compris que j&rsquo;avais un bon rythme, un bon potentiel. Je me suis mis \u00e0 remonter dans le classement et je me suis finalement retrouv\u00e9 en bagarre avec Marc pour le podium. Il \u00e9tait meilleur que moi dans les derniers tours et il a pu me battre, de 17 milli\u00e8mes seulement mais c&rsquo;\u00e9tait suffisant. Clairement une course dont on se souviendra en tout cas\u00a0!\u00a0\u00bb<\/p>\n<p>\u00ab\u00a0Je prends le positif du jour, \u00e0 savoir la performance incroyable qu&rsquo;on a eue quand on a pu repartir gr\u00e2ce au team qui a fait un travail incroyable au stand en \u00e9tant dans les temps pour tout, gr\u00e2ce \u00e0 Matteo et Dani [Matteo Flamigni et Daniel Borroni, chef m\u00e9canicien et responsable \u00e9lectronique, ndlr] qui ont un boulot incroyable. Je prends le positif et je laisse le n\u00e9gatif de c\u00f4t\u00e9\u00a0\u00bb,\u00a0a conclu Franco Morbidelli, qui a confort\u00e9 sa quatri\u00e8me place au <a href=\"https:\/\/fr.motorsport.com\/motogp\/news\/championnat-marc-marquez-conforte-avance\/10726518\/\" target=\"_self\" rel=\"noopener nofollow\">championnat<\/a> gr\u00e2ce \u00e0 ce r\u00e9sultat.<\/p>\n<p>Lire aussi :<\/p>\n<p>Dans cet article<\/p>\n<p>    L\u00e9na Buffa\n<\/p>\n<p>    MotoGP\n<\/p>\n<p>    Franco Morbidelli\n<\/p>\n<p>    Team VR46\n<\/p>\n<p>Soyez le premier inform\u00e9 et souscrivez aux alertes mails pour recevoir les infos en temps r\u00e9el<\/p>\n<p>    S&rsquo;abonner aux alertes de news<\/p>\n","protected":false},"excerpt":{"rendered":"Tendu et un peu foutraque, avec un final en apoth\u00e9ose\u00a0:\u00a0on imagine que c&rsquo;est ainsi que Franco Morbidelli voit&hellip;\n","protected":false},"author":2,"featured_media":132416,"comment_status":"","ping_status":"","sticky":false,"template":"","format":"standard","meta":{"footnotes":""},"categories":[1413],"tags":[1011,27,7985,23124,1457,1456,1458,23125,60,7276],"class_list":{"0":"post-132415","1":"post","2":"type-post","3":"status-publish","4":"format-standard","5":"has-post-thumbnail","7":"category-moto","8":"tag-fr","9":"tag-france","10":"tag-franco-morbidelli","11":"tag-gp-de-grande-bretagne","12":"tag-moto","13":"tag-motocycle","14":"tag-motogp","15":"tag-silverstone","16":"tag-sports","17":"tag-team-vr46"},"share_on_mastodon":{"url":"https:\/\/pubeurope.com\/@fr\/114581247370632972","error":""},"_links":{"self":[{"href":"https:\/\/www.europesays.com\/fr\/wp-json\/wp\/v2\/posts\/132415","targetHints":{"allow":["GET"]}}],"collection":[{"href":"https:\/\/www.europesays.com\/fr\/wp-json\/wp\/v2\/posts"}],"about":[{"href":"https:\/\/www.europesays.com\/fr\/wp-json\/wp\/v2\/types\/post"}],"author":[{"embeddable":true,"href":"https:\/\/www.europesays.com\/fr\/wp-json\/wp\/v2\/users\/2"}],"replies":[{"embeddable":true,"href":"https:\/\/www.europesays.com\/fr\/wp-json\/wp\/v2\/comments?post=132415"}],"version-history":[{"count":0,"href":"https:\/\/www.europesays.com\/fr\/wp-json\/wp\/v2\/posts\/132415\/revisions"}],"wp:featuredmedia":[{"embeddable":true,"href":"https:\/\/www.europesays.com\/fr\/wp-json\/wp\/v2\/media\/132416"}],"wp:attachment":[{"href":"https:\/\/www.europesays.com\/fr\/wp-json\/wp\/v2\/media?parent=132415"}],"wp:term":[{"taxonomy":"category","embeddable":true,"href":"https:\/\/www.europesays.com\/fr\/wp-json\/wp\/v2\/categories?post=132415"},{"taxonomy":"post_tag","embeddable":true,"href":"https:\/\/www.europesays.com\/fr\/wp-json\/wp\/v2\/tags?post=132415"}],"curies":[{"name":"wp","href":"https:\/\/api.w.org\/{rel}","templated":true}]}}