{"id":132423,"date":"2025-05-27T18:40:12","date_gmt":"2025-05-27T18:40:12","guid":{"rendered":"https:\/\/www.europesays.com\/fr\/132423\/"},"modified":"2025-05-27T18:40:12","modified_gmt":"2025-05-27T18:40:12","slug":"enora-malagre-se-confie-sur-la-perimenopause-et-evoque-son-quotidien-complique","status":"publish","type":"post","link":"https:\/\/www.europesays.com\/fr\/132423\/","title":{"rendered":"Enora Malagr\u00e9 se confie sur la p\u00e9rim\u00e9nopause et \u00e9voque son quotidien compliqu\u00e9"},"content":{"rendered":"<p>Ce mardi 27 mai, Enora Malagr\u00e9 a pris la parole sur son compte Instagram. La chroniqueuse et com\u00e9dienne a notamment \u00e9voqu\u00e9 les cons\u00e9quences de la p\u00e9rim\u00e9nopause sur son quotidien.  <\/p>\n<p>Les t\u00e9l\u00e9spectateurs ont d\u00e9couvert Enora Malagr\u00e9 en 2010 dans l&rsquo;\u00e9mission de <a href=\"https:\/\/www.programme-tv.net\/biographie\/26010-cauet-sebastien\/\" data-link-people=\"e0ec761d-6c7e-49af-8204-cc7344df4d3a\" target=\"_blank\" rel=\"noopener\">S\u00e9bastien Cauet<\/a>, puis \u00e0 la t\u00e9l\u00e9 dans Touche pas \u00e0 mon poste anim\u00e9 par <a href=\"https:\/\/www.programme-tv.net\/biographie\/25805-hanouna-cyril\/\" data-link-people=\"5dcd4d55-b4fe-4234-abc6-b74b4abdaf5c\" target=\"_blank\" rel=\"noopener\">Cyril Hanouna<\/a>. Apr\u00e8s avoir quitt\u00e9 le talk-show, <a href=\"https:\/\/www.programme-tv.net\/news\/people\/364336-je-suis-en-train-de-faire-le-deuil-enora-malagre-se-resigne-a-l-idee-de-ne-jamais-avoir-d-enfant-a-cause-de-l-endometriose-dont-elle-souffre\/\" data-api-deeplink=\"teleloisirs:\/\/news\/364336\" target=\"_blank\" rel=\"noopener\">celle qui a choisi de m\u00e9diatiser son combat contre l&rsquo;endom\u00e9triose <\/a>r\u00e9alise r\u00e9guli\u00e8rement des chroniques dans le programme de France 5 : Le Magazine de la sant\u00e9. Elle a aussi rejoint <a href=\"https:\/\/www.programme-tv.net\/news\/tv\/349095-ophelie-meunier-va-animer-un-talk-show-sur-m6-avec-enora-malagre-comme-chroniqueuse\/\" data-api-deeplink=\"teleloisirs:\/\/news\/349095\" target=\"_blank\" rel=\"noopener\">La grande semaine, sur M6<\/a> pr\u00e9sent\u00e9e par <a href=\"https:\/\/www.programme-tv.net\/biographie\/259609-meunier-ophelie\/\" data-link-people=\"ab796da3-b8f0-407c-837d-6423fdcfa7a8\" target=\"_blank\" rel=\"noopener\">Oph\u00e9lie Meunier<\/a>.<\/p>\n<p>Enora Malagr\u00e9 en p\u00e9rim\u00e9nopause, elle se confie sur son quotidien compliqu\u00e9<\/p>\n<p>Ce mardi 27 mai, apr\u00e8s avoir annonc\u00e9 \u00eatre la prochaine invit\u00e9e du podcast de <a href=\"https:\/\/www.programme-tv.net\/biographie\/753853-kerienski-shera\/\" data-link-people=\"2684b56d-cc79-4010-885d-ac1a4a16fd70\" target=\"_blank\" rel=\"noopener\">Shera Kerienski<\/a>, Enora Malagr\u00e9 a pris la parole en story Instagram afin d&rsquo;\u00e9voquer <a href=\"https:\/\/www.programme-tv.net\/news\/people\/369042-c-est-mon-grand-drame-enora-malagre-livre-ses-craintes-dues-a-son-impossibilite-de-devenir-maman\/\" data-api-deeplink=\"teleloisirs:\/\/news\/369042\" target=\"_blank\" rel=\"noopener\">son quotidien<\/a> avec la p\u00e9rim\u00e9nopause. \u00ab\u00a0Coucou les amis, je suis en r\u00e9p\u00e9tition pour une \u00e9mission qu&rsquo;on va enregistrer et je voulais juste me plaindre trois secondes parce que \u00e7a fait du bien. Je suis en p\u00e9rim\u00e9nopause voil\u00e0. Je d\u00e9couvre la p\u00e9rim\u00e9nopause heureusement gr\u00e2ce \u00e0 ma copine, <a href=\"https:\/\/www.programme-tv.net\/biographie\/104386-wolinski-elsa\/\" data-link-people=\"be47dbab-c39f-4422-a30d-1c0d0e388945\" target=\"_blank\" rel=\"noopener\">Elsa Wolinski<\/a>, donc j&rsquo;ai \u00e9t\u00e9 un peu pr\u00e9venue\u00a0\u00bb, a d\u00e9clar\u00e9 <a href=\"https:\/\/www.programme-tv.net\/news\/cinema\/375353-il-se-passe-quelque-chose-de-fou-enora-malagre-aux-anges-l-ex-chroniqueuse-de-tpmp-devoile-son-nouveau-projet-inattendu-loin-de-la-television\/\" data-api-deeplink=\"teleloisirs:\/\/news\/375353\" target=\"_blank\" rel=\"noopener\">la chroniqueuse et com\u00e9dienne<\/a> avant de confier avoir des cycles irr\u00e9guliers et des sympt\u00f4mes d\u00e9sagr\u00e9ables. <b>\u00ab\u00a0Je ne pensais pas que c&rsquo;\u00e9tait une telle tann\u00e9e, je vous passe les nuits sans sommeil, les su\u00e9s, les mont\u00e9es de nerf. J&rsquo;ai fait un rendez-vous professionnel la semaine derni\u00e8re, j&rsquo;ai \u00e9t\u00e9 odieuse, autant vous dire que je n&rsquo;aurai pas le job. J&rsquo;ai des cycles parfois courts, parfois hyper longs\u00a0\u00bb<\/b><b>,<\/b> a-t-elle continu\u00e9.<\/p>\n<p>                        \u00ab\u00a0J&rsquo;ai hyper mal avant et pendant\u00a0\u00bb : Enora Malagr\u00e9 \u00e9voque l&rsquo;endom\u00e9triose<\/p>\n<p>\u00ab\u00a0L\u00e0, j&rsquo;ai l&rsquo;impression d&rsquo;avoir attendu 1500 ans avant d&rsquo;avoir mes r\u00e8gles et en plus, j&rsquo;ai hyper mal, sans compter que <a href=\"https:\/\/www.programme-tv.net\/news\/people\/370687-ca-sera-ma-derniere-prise-de-parole-enora-malagre-agacee-par-une-reflexion-concernant-son-endometriose-et-son-reve-de-devenir-maman\/\" data-api-deeplink=\"teleloisirs:\/\/news\/370687\" target=\"_blank\" rel=\"noopener\">j&rsquo;ai de l&rsquo;endom\u00e9triose<\/a> toujours. Donc j&rsquo;ai hyper mal avant et pendant. J&rsquo;en chie, mais j&rsquo;en chie les amis, donc non seulement j&rsquo;en bave, mais en plus, je suis odieuse. Merci la p\u00e9ri, vraiment, c&rsquo;est super\u00a0\u00bb, a ensuite d\u00e9clar\u00e9 Enora Malagr\u00e9. Depuis plusieurs ann\u00e9es, l&rsquo;ancienne chroniqueuse de Touche pas \u00e0 mon poste se bat pour faire conna\u00eetre<a href=\"https:\/\/www.programme-tv.net\/news\/people\/366602-j-ai-perdu-9-kilos-enora-malagre-se-confie-sur-sa-perte-de-poids-liee-a-son-combat-contre-lendometriose\/\" data-api-deeplink=\"teleloisirs:\/\/news\/366602\" target=\"_blank\" rel=\"noopener\"> la maladie dont elle souffre : l&rsquo;endom\u00e9triose<\/a>. \u00c0 plusieurs reprises, Enora Malagr\u00e9 s&rsquo;est confi\u00e9e sur son impossibilit\u00e9 d&rsquo;avoir un enfant \u00e0 cause de la maladie, <a href=\"https:\/\/www.programme-tv.net\/news\/people\/369042-c-est-mon-grand-drame-enora-malagre-livre-ses-craintes-dues-a-son-impossibilite-de-devenir-maman\/\" data-api-deeplink=\"teleloisirs:\/\/news\/369042\" target=\"_blank\" rel=\"noopener\">un drame qui la bouleverse \u00e9norm\u00e9ment.<\/a><\/p>\n","protected":false},"excerpt":{"rendered":"Ce mardi 27 mai, Enora Malagr\u00e9 a pris la parole sur son compte Instagram. La chroniqueuse et com\u00e9dienne&hellip;\n","protected":false},"author":2,"featured_media":132424,"comment_status":"","ping_status":"","sticky":false,"template":"","format":"standard","meta":{"footnotes":""},"categories":[1359],"tags":[244,58,25717,25718,59,1011,27,4467,25719,973,8755],"class_list":{"0":"post-132423","1":"post","2":"type-post","3":"status-publish","4":"format-standard","5":"has-post-thumbnail","7":"category-people","8":"tag-commentaire","9":"tag-divertissement","10":"tag-endomu00e9triose","11":"tag-enora-malagru00e9","12":"tag-entertainment","13":"tag-fr","14":"tag-france","15":"tag-france-5","16":"tag-le-magazine-de-la-santu00e9","17":"tag-people","18":"tag-santu00e9"},"share_on_mastodon":{"url":"https:\/\/pubeurope.com\/@fr\/114581263006461035","error":""},"_links":{"self":[{"href":"https:\/\/www.europesays.com\/fr\/wp-json\/wp\/v2\/posts\/132423","targetHints":{"allow":["GET"]}}],"collection":[{"href":"https:\/\/www.europesays.com\/fr\/wp-json\/wp\/v2\/posts"}],"about":[{"href":"https:\/\/www.europesays.com\/fr\/wp-json\/wp\/v2\/types\/post"}],"author":[{"embeddable":true,"href":"https:\/\/www.europesays.com\/fr\/wp-json\/wp\/v2\/users\/2"}],"replies":[{"embeddable":true,"href":"https:\/\/www.europesays.com\/fr\/wp-json\/wp\/v2\/comments?post=132423"}],"version-history":[{"count":0,"href":"https:\/\/www.europesays.com\/fr\/wp-json\/wp\/v2\/posts\/132423\/revisions"}],"wp:featuredmedia":[{"embeddable":true,"href":"https:\/\/www.europesays.com\/fr\/wp-json\/wp\/v2\/media\/132424"}],"wp:attachment":[{"href":"https:\/\/www.europesays.com\/fr\/wp-json\/wp\/v2\/media?parent=132423"}],"wp:term":[{"taxonomy":"category","embeddable":true,"href":"https:\/\/www.europesays.com\/fr\/wp-json\/wp\/v2\/categories?post=132423"},{"taxonomy":"post_tag","embeddable":true,"href":"https:\/\/www.europesays.com\/fr\/wp-json\/wp\/v2\/tags?post=132423"}],"curies":[{"name":"wp","href":"https:\/\/api.w.org\/{rel}","templated":true}]}}