{"id":132439,"date":"2025-05-27T18:50:08","date_gmt":"2025-05-27T18:50:08","guid":{"rendered":"https:\/\/www.europesays.com\/fr\/132439\/"},"modified":"2025-05-27T18:50:08","modified_gmt":"2025-05-27T18:50:08","slug":"apres-deux-ans-datonie-le-marche-immobilier-repart-fort","status":"publish","type":"post","link":"https:\/\/www.europesays.com\/fr\/132439\/","title":{"rendered":"apr\u00e8s deux ans d\u2019atonie, le march\u00e9 immobilier repart fort"},"content":{"rendered":"<p><strong>D\u00c9CRYPTAGE &#8211;<\/strong> Les ventes et les prix repartent \u00e0 la hausse en France. Un effet de la baisse des taux et de conditions de cr\u00e9dit plus favorables.<\/p>\n<p class=\"fig-paragraph\"><a href=\"http:\/\/www.lefigaro.fr\/conjoncture\/la-baisse-des-prix-de-l-immobilier-s-accelere-en-france-20240703\" data-fig-type=\"Article\" data-gtm-custom-categorie=\"navigation\" data-gtm-custom-action=\"crossclick\" data-gtm-custom-label=\"Contextuel\" data-gtm-event=\"customEventSPE\" data-fig-domain=\"LEFIGARO\" target=\"_blank\" rel=\"noopener\">Apr\u00e8s deux ans de d\u00e9prime,<\/a>\u00a0le march\u00e9 immobilier retrouve enfin le sourire. \u00ab\u00a0Le t\u00e9l\u00e9phone sonne. Il y a des visites et des offres qui arrivent tr\u00e8s vite, et parfois plusieurs sur un m\u00eame bien\u00a0\u00bb, confirme Nathalie Naccache, directrice d\u2019agence Keller Williams \u00e0 Paris.<a href=\"http:\/\/www.lefigaro.fr\/conjoncture\/reprise-du-marche-ou-effet-trompe-l-oeil-les-prix-de-l-immobilier-a-la-hausse-a-paris-20250227\" data-fig-type=\"Article\" data-gtm-custom-categorie=\"navigation\" data-gtm-custom-action=\"crossclick\" data-gtm-custom-label=\"Contextuel\" data-gtm-event=\"customEventSPE\" data-fig-domain=\"LEFIGARO\" target=\"_blank\" rel=\"noopener\">\u00a0En cause, les baisses des taux d\u2019int\u00e9r\u00eat et le recul des prix de ces derniers mois,<\/a>\u00a0qui redonnent du pouvoir d\u2019achat aux acqu\u00e9reurs. Ce ph\u00e9nom\u00e8ne n\u2019est pas que parisien. \u00ab\u00a0On est beaucoup plus sollicit\u00e9s que l\u2019an dernier\u00a0\u00bb, reconna\u00eet \u00c9ric Massat, agent immobilier \u00e0 Toulouse.<\/p>\n<p class=\"fig-body-link\">\n            \u00c0 lire aussi<br \/>\n        <a class=\"fig-body-link__link fig-premium-mark\" href=\"http:\/\/www.lefigaro.fr\/societes\/partir-a-la-conquete-des-primo-accedants-face-a-la-crise-de-l-immobilier-le-pari-reussi-d-altarea-20250525\" data-fig-type=\"Article\" data-gtm-custom-categorie=\"navigation\" data-gtm-custom-action=\"crossclick\" data-gtm-custom-label=\"Contextuel\" data-gtm-event=\"customEventSPE\" data-fig-domain=\"LEFIGARO\" target=\"_blank\" rel=\"noopener\">Partir \u00e0 la conqu\u00eate des primo-acc\u00e9dants\u00a0: face \u00e0 la crise de l\u2019immobilier, le pari r\u00e9ussi d\u2019Altarea<br \/>\n    <\/a>\n<\/p>\n<p class=\"fig-paragraph\">Les chiffres en attestent. En \u00cele-de-France, les ventes rebondissent fortement au premier trimestre (+\u00a021\u00a0% sur un an), selon la note de conjoncture des Notaires du Grand Paris publi\u00e9e mardi. Dans la France enti\u00e8re, les transactions remontent aussi la pente avec 880.000 ventes entre mars 2024 et mars 2025 (+\u00a05\u00a0% depuis septembre 2024, o\u00f9 elles \u00e9taient de 832.000 sur un an), selon l\u2019indice Notaires-Insee paru aussi ce mardi. Il faut dire que le\u2026<\/p>\n<p class=\"fig-premium-paywall__infos\">\n        Cet article est r\u00e9serv\u00e9 aux abonn\u00e9s.        Il vous reste 90% \u00e0 d\u00e9couvrir.\n    <\/p>\n<p>                <img  data- alt=\"Le Figaro\" class=\"fig-img--complete fig-img\"\/><\/p>\n<p class=\"fig-premium-paywall__title\">Vente Flash<\/p>\n<p class=\"fig-premium-paywall__subtitle\">4,99\u20ac par mois pendant 12 mois. Sans engagement.<\/p>\n<p class=\"fig-premium-paywall__connect\">\n                D\u00e9j\u00e0 abonn\u00e9\u00a0?                <a class=\"fig-premium-paywall__connect-link\" href=\"https:\/\/connect.lefigaro.fr\/login?client=horizon_web&amp;type=main&amp;redirect_uri=https%3A%2F%2Fwww.lefigaro.fr%2Fsocietes%2Fplusieurs-offres-sur-un-meme-bien-apres-deux-ans-d-atonie-le-marche-immobilier-repart-fort-20250527\" data-js-gtm=\"{&quot;customCategorie&quot;: &quot;conversion&quot;, &quot;customAction&quot;: &quot;before_Landing_Connexion_paywall_auto&quot;, &quot;customLabel&quot;: &quot;bGVmaWdhcm8uZnJfXzFmMDNiMDE3LTQzMzEtNjk2Ni1hNDRhLWNmMTBmMDRlOTM2Zl9fQXJ0aWNsZQ==_\u00abPlusieurs offres sur un m\u00eame bien\u00bb: apr\u00e8s deux ans d\u2019atonie, le march\u00e9 immobilier repart fort_447&quot;, &quot;customIDSPE&quot;: &quot;bGVmaWdhcm8uZnJfXzFmMDNiMDE3LTQzMzEtNjk2Ni1hNDRhLWNmMTBmMDRlOTM2Zl9fQXJ0aWNsZQ==&quot;, &quot;event&quot;: &quot;customEventSPE&quot;}\" target=\"_blank\" rel=\"noopener\"><br \/>\n                    Connectez-vous<br \/>\n                <\/a>\n            <\/p>\n","protected":false},"excerpt":{"rendered":"D\u00c9CRYPTAGE &#8211; Les ventes et les prix repartent \u00e0 la hausse en France. Un effet de la baisse&hellip;\n","protected":false},"author":2,"featured_media":132440,"comment_status":"","ping_status":"","sticky":false,"template":"","format":"standard","meta":{"footnotes":""},"categories":[6],"tags":[631,627,630,340,398,35,343,634,405,629,11662,636,33,34,632,638,1011,27,1116,637,399,639,635,401,628,633,407],"class_list":{"0":"post-132439","1":"post","2":"type-post","3":"status-publish","4":"format-standard","5":"has-post-thumbnail","7":"category-economie","8":"tag-action","9":"tag-actions-francaise","10":"tag-actualite-bourse","11":"tag-bourse","12":"tag-bourse-de-paris","13":"tag-business","14":"tag-cac-40","15":"tag-cotation","16":"tag-cotations","17":"tag-cours-des-societes-francaises","18":"tag-credit","19":"tag-devises","20":"tag-economie","21":"tag-economy","22":"tag-fcp","23":"tag-figaro","24":"tag-fr","25":"tag-france","26":"tag-immobilier","27":"tag-indices","28":"tag-investissement","29":"tag-le-figaro","30":"tag-marches","31":"tag-sicav","32":"tag-societes-etrangeres","33":"tag-warrant","34":"tag-warrants"},"share_on_mastodon":{"url":"https:\/\/pubeurope.com\/@fr\/114581302392349722","error":""},"_links":{"self":[{"href":"https:\/\/www.europesays.com\/fr\/wp-json\/wp\/v2\/posts\/132439","targetHints":{"allow":["GET"]}}],"collection":[{"href":"https:\/\/www.europesays.com\/fr\/wp-json\/wp\/v2\/posts"}],"about":[{"href":"https:\/\/www.europesays.com\/fr\/wp-json\/wp\/v2\/types\/post"}],"author":[{"embeddable":true,"href":"https:\/\/www.europesays.com\/fr\/wp-json\/wp\/v2\/users\/2"}],"replies":[{"embeddable":true,"href":"https:\/\/www.europesays.com\/fr\/wp-json\/wp\/v2\/comments?post=132439"}],"version-history":[{"count":0,"href":"https:\/\/www.europesays.com\/fr\/wp-json\/wp\/v2\/posts\/132439\/revisions"}],"wp:featuredmedia":[{"embeddable":true,"href":"https:\/\/www.europesays.com\/fr\/wp-json\/wp\/v2\/media\/132440"}],"wp:attachment":[{"href":"https:\/\/www.europesays.com\/fr\/wp-json\/wp\/v2\/media?parent=132439"}],"wp:term":[{"taxonomy":"category","embeddable":true,"href":"https:\/\/www.europesays.com\/fr\/wp-json\/wp\/v2\/categories?post=132439"},{"taxonomy":"post_tag","embeddable":true,"href":"https:\/\/www.europesays.com\/fr\/wp-json\/wp\/v2\/tags?post=132439"}],"curies":[{"name":"wp","href":"https:\/\/api.w.org\/{rel}","templated":true}]}}