{"id":132444,"date":"2025-05-27T18:53:10","date_gmt":"2025-05-27T18:53:10","guid":{"rendered":"https:\/\/www.europesays.com\/fr\/132444\/"},"modified":"2025-05-27T18:53:10","modified_gmt":"2025-05-27T18:53:10","slug":"renvoi-du-proces-de-bastien-vives-lenfant-cheri-de-la-bd","status":"publish","type":"post","link":"https:\/\/www.europesays.com\/fr\/132444\/","title":{"rendered":"renvoi du proc\u00e8s de Bastien Viv\u00e8s, l\u2019enfant ch\u00e9ri de la BD"},"content":{"rendered":"<p><strong>COMPTE RENDU D\u2019AUDIENCE \u2013 <\/strong>Le tribunal judiciaire des Hauts-de-Seine s\u2019est d\u00e9clar\u00e9 territorialement incomp\u00e9tent. Dans la matin\u00e9e, les avocats de Bastien Viv\u00e8s s\u2019en sont vivement pris aux associations de d\u00e9fense des enfants, \u00abdonneuses de le\u00e7on\u00bb.<\/p>\n<p class=\"fig-paragraph\">\u00abMonsieur Viv\u00e8s, approchez-vous.\u00bb Lorsque le dessinateur se pr\u00e9sente \u00e0 la barre, la tignasse d\u2019adolescent a disparu, mais avec ses tennis blanches et son chino trop grand, il a gard\u00e9 l\u2019allure d\u2019un grand gar\u00e7on. Bastien Viv\u00e8s, 41 ans, le \u00abvirtuose\u00bb du 9e art, avait rendez-vous avec la justice ce mardi. Il \u00e9tait jug\u00e9\u00a0<a href=\"http:\/\/www.lefigaro.fr\/faits-divers\/diffusion-d-images-pornographiques-de-mineurs-bastien-vives-l-enfant-terrible-du-9e-art-devant-les-juges-20250524\" data-fig-type=\"Article\" data-gtm-custom-categorie=\"navigation\" data-gtm-custom-action=\"crossclick\" data-gtm-custom-label=\"Contextuel\" data-gtm-event=\"customEventSPE\" data-fig-domain=\"LEFIGARO\" target=\"_blank\" rel=\"noopener\">pour fixation d\u2019images p\u00e9dopornographiques<\/a>\u00a0dans deux ouvrages, Petit Paul et La D\u00e9charge Mentale. Ses deux maisons d\u2019\u00e9dition, Gl\u00e9nat et Requins Marteaux, \u00e9taient quant \u00e0 elles renvoy\u00e9es pour diffusion de ces bandes dessin\u00e9es. Apr\u00e8s avoir confirm\u00e9 son identit\u00e9, le b\u00e9d\u00e9iste a rejoint le banc des pr\u00e9venus et on ne l\u2019a plus jamais entendu. C\u2019est son avocat, Me Richard Malka, qui a pris le relais. Durant pr\u00e8s de quatre heures, un vaste d\u00e9bat, parfois tendu, s\u2019est tenu sur des questions de proc\u00e9dure techniques mais essentielles, en particulier sur la comp\u00e9tence du tribunal correctionnel de Nanterre pour juger le dossier. \u00c0 l\u2019issue de deux heures de d\u00e9lib\u00e9ration, le tribunal s\u2019est d\u00e9clar\u00e9 incomp\u00e9tent et l\u2019affaire a finalement \u00e9t\u00e9 renvoy\u00e9e.<\/p>\n<p><strong>\u00abOn vous demande d\u2019ouvrir les portes de l\u2019enfer\u00bb<\/strong><\/p>\n<p class=\"fig-paragraph\">Chaque partie en convient\u00a0: dans les bandes dessin\u00e9es, il y a les gentils et les m\u00e9chants. Mais dans un tribunal, c\u2019est plus compliqu\u00e9. Aucun c\u00f4t\u00e9 ne peut se pr\u00e9valoir d\u2019\u00eatre l\u2019unique repr\u00e9sentant du bien ou du mal. Un proc\u00e8s n\u2019est jamais un affrontement compl\u00e8tement binaire. Pourtant, de part et d\u2019autre ce mardi, on a d\u00e9peint le camp adverse comme le grand m\u00e9chant loup. C\u00f4t\u00e9 d\u00e9fense, Me Richard Malka avait m\u00fbrement pr\u00e9par\u00e9 ses arguments et s\u2019impatientait d\u2019entrer dans l\u2019ar\u00e8ne pour d\u00e9fendre ce client qui \u00aba fait r\u00eaver des millions de personnes\u00bb, \u00abcapable de dessiner des chefs-d\u2019\u0153uvre de raffinement\u00bb. \u00abOn veut vous faire dire que l\u2019art doit \u00eatre pur, qu\u2019il ne doit surtout pas aller chercher les tabous, ce qu\u2019il y a d\u2019obscur dans la condition humaine\u00bb, s\u2019inqui\u00e8te ce fervent d\u00e9fenseur de la libert\u00e9 d\u2019expression \u00e9galement auteur de bandes dessin\u00e9es. \u00abOn vous demande d\u2019ouvrir les portes de l\u2019enfer pour tous les artistes de ce pays, car elles [NDLR\u00a0: les associations] ne s\u2019arr\u00eateront pas l\u00e0.\u00bb Aujourd\u2019hui, Bastien Viv\u00e8s,\u00a0<a href=\"http:\/\/www.lefigaro.fr\/culture\/pedopornographie-la-justice-rejette-les-plaintes-contre-le-palais-de-tokyo-20230328\" data-fig-type=\"Article\" data-gtm-custom-categorie=\"navigation\" data-gtm-custom-action=\"crossclick\" data-gtm-custom-label=\"Contextuel\" data-gtm-event=\"customEventSPE\" data-fig-domain=\"LEFIGARO\" target=\"_blank\" rel=\"noopener\">hier Miriam Cahn au Palais de Tokyo<\/a>, demain Titeuf et son dernier ouvrage qui a r\u00e9cemment fait l\u2019objet d\u2019un signalement pour le dessin d\u2019\u00abune petite culotte\u00bb. Et apr\u00e8s\u00a0? <strong>\u00ab<\/strong>Dans une salle d\u2019audience, nous ne sommes pas l\u00e0 pour faire la morale\u00bb, insiste-t-il.<\/p>\n<p>\u00a0\u00bb<br \/>\n        data-script=\u00a0\u00bbhttps:\/\/static.lefigaro.fr\/widget-video\/short-ttl\/video\/index.js\u00a0\u00bb<br \/>\n    &gt;<\/p>\n<p class=\"fig-paragraph\">Sa collaboratrice, Me Marine Viegas, lui succ\u00e8de pour s\u2019interroger directement sur la recevabilit\u00e9 des associations \u00e0 l\u2019origine de l\u2019affaire\u00a0: Innocence en Danger, Fondation pour l\u2019Enfance, Face \u00e0 l\u2019Inceste &#8211; et l\u2019Enfant Bleu qui s\u2019est constitu\u00e9 partie civile au dernier moment. Toutes d\u00e9fendent, chacune \u00e0 leur fa\u00e7on, les int\u00e9r\u00eats et les droits de l\u2019enfant et sont des visages familiers des pr\u00e9toires. Mais pour la d\u00e9fense, puisqu\u2019il n\u2019y a aucune victime r\u00e9elle \u2013 Bastien Viv\u00e8s est jug\u00e9 pour des dessins -, elles ne devraient pas avoir voix au chapitre. Plus g\u00e9n\u00e9ralement, Me Viegas leur reproche de devenir des \u00absp\u00e9cialistes de la traque de p\u00e9dophiles imaginaires\u00bb en s\u2019en prenant d\u2019avantage \u00e0 des artistes qu\u2019\u00e0 de vrais pr\u00e9dateurs, des associations \u00abdonneuses de le\u00e7on\u00bb qui pr\u00e9tendent \u00abd\u00e9tenir le monopole de la souffrance des enfants du monde\u00bb mais \u00absouffrent d\u2019un complexe de toute puissance\u00bb. Et de pointer les accointances qu\u2019auraient certaines associations \u00abavec l\u2019extr\u00eame droite\u00bb.<\/p>\n<p>\u00abLa d\u00e9fense a-t-elle peur d\u2019un d\u00e9bat sur le fond\u00a0?\u00bb<\/p>\n<p class=\"fig-paragraph\">Face \u00e0 eux, les avocats de ces associations incrimin\u00e9es s\u2019offusquent d\u2019une d\u00e9fense qui voudrait \u00abmuseler les parties civiles\u00bb, pointent des propos qui s\u2019apparenteraient \u00e0 de la diffamation. D\u2019une m\u00eame voix, ils d\u00e9noncent une \u00abstigmatisation\u00bb in\u00e9dite, un \u00abm\u00e9pris\u00bb, une v\u00e9ritable \u00abhaine\u00bb qui pourrait cacher d\u2019autres intentions\u00a0: \u00abla d\u00e9fense a-t-elle peur d\u2019un d\u00e9bat sur le fond\u00a0?\u00bb Entre ces passes d\u2019armes justement, le fond n\u2019est pour l\u2019instant pas \u00e9voqu\u00e9 car au-del\u00e0 du r\u00f4le des associations, la comp\u00e9tence m\u00eame du tribunal est interrog\u00e9e.<\/p>\n<p class=\"fig-paragraph\">\u00abMais que fait-on \u00e0 Nanterre\u00a0?\u00bb, se demande Me Malka. Et pour cause\u00a0: le code de proc\u00e9dure p\u00e9nale dispose qu\u2019une affaire doit \u00eatre jug\u00e9e devant la juridiction comp\u00e9tente territorialement, c\u2019est-\u00e0-dire l\u00e0 o\u00f9 les faits ont \u00e9t\u00e9 commis ou le mis en cause r\u00e9side. Probl\u00e8me\u00a0: Bastien Viv\u00e8s r\u00e9side \u00e0 Paris et a cr\u00e9\u00e9 ses bandes dessin\u00e9es chez lui. M\u00eame \u00e9cueil pour les maisons d\u2019\u00e9dition, dont les si\u00e8ges sociaux se trouvent \u00e0 Grenoble et Bordeaux. Les \u00e9ditions Gl\u00e9nat ont bien un \u00ab\u00e9tablissement secondaire\u00bb \u00e0 Issy-les-Moulineaux, dans les Hauts-de-Seine, mais la jurisprudence n\u2019a jusqu\u2019\u00e0 pr\u00e9sent jamais assimil\u00e9 un \u00e9tablissement secondaire \u00e0 un si\u00e8ge social. Un \u00abcharabia judiciaire\u00bb compliqu\u00e9 \u00e0 comprendre pour le profane, convient la pr\u00e9sidente C\u00e9line Ballerini, avant de rendre sa d\u00e9cision peu apr\u00e8s 15 heures. Elle d\u00e9clare qu\u2019\u00abaucune pi\u00e8ce du dossier ne permet de dire\u00bb que les faits poursuivis \u00abse sont tenus dans les Hauts-de-Seine\u00bb. La magistrate d\u00e9clare par cons\u00e9quent le tribunal de Nanterre \u00abincomp\u00e9tent\u00bb et \u00abrenvoie l\u2019affaire au parquet\u00bb. Apr\u00e8s deux ans et demi de proc\u00e9dure, n\u2019aurait-on pas pu se poser la question avant?<\/p>\n","protected":false},"excerpt":{"rendered":"COMPTE RENDU D\u2019AUDIENCE \u2013 Le tribunal judiciaire des Hauts-de-Seine s\u2019est d\u00e9clar\u00e9 territorialement incomp\u00e9tent. Dans la matin\u00e9e, les avocats&hellip;\n","protected":false},"author":2,"featured_media":132445,"comment_status":"","ping_status":"","sticky":false,"template":"","format":"standard","meta":{"footnotes":""},"categories":[2],"tags":[119,11,3694,25725,271,2951,3695,3696,118,1011,27,2825,1253,303,12,1974,1072,2694,2949],"class_list":{"0":"post-132444","1":"post","2":"type-post","3":"status-publish","4":"format-standard","5":"has-post-thumbnail","7":"category-actualites","8":"tag-accident","9":"tag-actualites","10":"tag-affaires","11":"tag-bastien-vives","12":"tag-crime","13":"tag-criminalite","14":"tag-enquetes","15":"tag-evenements","16":"tag-faits-divers","17":"tag-fr","18":"tag-france","19":"tag-insecurite","20":"tag-islamisme","21":"tag-justice","22":"tag-news","23":"tag-pedocriminalite","24":"tag-police","25":"tag-proces","26":"tag-violences"},"share_on_mastodon":{"url":"https:\/\/pubeurope.com\/@fr\/114581314121378303","error":""},"_links":{"self":[{"href":"https:\/\/www.europesays.com\/fr\/wp-json\/wp\/v2\/posts\/132444","targetHints":{"allow":["GET"]}}],"collection":[{"href":"https:\/\/www.europesays.com\/fr\/wp-json\/wp\/v2\/posts"}],"about":[{"href":"https:\/\/www.europesays.com\/fr\/wp-json\/wp\/v2\/types\/post"}],"author":[{"embeddable":true,"href":"https:\/\/www.europesays.com\/fr\/wp-json\/wp\/v2\/users\/2"}],"replies":[{"embeddable":true,"href":"https:\/\/www.europesays.com\/fr\/wp-json\/wp\/v2\/comments?post=132444"}],"version-history":[{"count":0,"href":"https:\/\/www.europesays.com\/fr\/wp-json\/wp\/v2\/posts\/132444\/revisions"}],"wp:featuredmedia":[{"embeddable":true,"href":"https:\/\/www.europesays.com\/fr\/wp-json\/wp\/v2\/media\/132445"}],"wp:attachment":[{"href":"https:\/\/www.europesays.com\/fr\/wp-json\/wp\/v2\/media?parent=132444"}],"wp:term":[{"taxonomy":"category","embeddable":true,"href":"https:\/\/www.europesays.com\/fr\/wp-json\/wp\/v2\/categories?post=132444"},{"taxonomy":"post_tag","embeddable":true,"href":"https:\/\/www.europesays.com\/fr\/wp-json\/wp\/v2\/tags?post=132444"}],"curies":[{"name":"wp","href":"https:\/\/api.w.org\/{rel}","templated":true}]}}