{"id":132451,"date":"2025-05-27T18:57:14","date_gmt":"2025-05-27T18:57:14","guid":{"rendered":"https:\/\/www.europesays.com\/fr\/132451\/"},"modified":"2025-05-27T18:57:14","modified_gmt":"2025-05-27T18:57:14","slug":"un-engouement-populaire-impressionnant-pour-le-match-de-lequipe-de-france-feminine-contre-la-suisse","status":"publish","type":"post","link":"https:\/\/www.europesays.com\/fr\/132451\/","title":{"rendered":"un engouement populaire impressionnant pour le match de l\u2019\u00e9quipe de France f\u00e9minine contre la Suisse"},"content":{"rendered":"<p>France &#8211; Suisse<\/p>\n<p>Ce vendredi \u00e0 21 h 10<\/p>\n<p>Ce n\u2019est que la troisi\u00e8me fois de l\u2019histoire que l\u2019\u00e9quipe de France f\u00e9minine passe par le stade Marcel-Picot, apr\u00e8s le nul 2-2 face au Br\u00e9sil en 2013 et la victoire 1-0 contre l\u2019\u00c9cosse en 2015. Cela fait aussi dix ans, du coup, que le public nanc\u00e9ien n\u2019a plus eu l\u2019occasion de voir les Bleues \u00e0 l\u2019\u0153uvre. De quoi, en partie, expliquer l\u2019impressionnant engouement populaire constat\u00e9 pour le match de Ligue des Nations France &#8211; Suisse, ce vendredi \u00e0 Picot (coup d\u2019envoi 21 h 10).<\/p>\n<p>Ce mardi en fin de journ\u00e9e, pr\u00e8s de 11.000 tickets avaient d\u00e9j\u00e0 trouv\u00e9 preneurs\u00a0! On se dirige donc vers une affluence des grands soirs, vendredi \u00e0 Marcel-Picot, pour encourager les filles de Laurent Bonadei. Il n\u2019y a plus qu\u2019une cat\u00e9gorie disponible, \u00e0 12\u00a0euros la place, sur le site www.billetterie.fff.fr. Le jour de la rencontre, le prix des tickets passera \u00e0 14\u00a0euros aux guichets du stade Picot.<\/p>\n","protected":false},"excerpt":{"rendered":"France &#8211; Suisse Ce vendredi \u00e0 21 h 10 Ce n\u2019est que la troisi\u00e8me fois de l\u2019histoire que&hellip;\n","protected":false},"author":2,"featured_media":132452,"comment_status":"","ping_status":"","sticky":false,"template":"","format":"standard","meta":{"footnotes":""},"categories":[9635],"tags":[1111,11,3703,1704,1777,674,107,1701,63,1011,27,775,1702,1703,12,25,517,1700],"class_list":{"0":"post-132451","1":"post","2":"type-post","3":"status-publish","4":"format-standard","5":"has-post-thumbnail","7":"category-nancy","8":"tag-actu","9":"tag-actualites","10":"tag-asnl","11":"tag-edition-nancy-et-agglomeration","12":"tag-eu","13":"tag-europe","14":"tag-fil-info","15":"tag-fil-info-sport","16":"tag-football","17":"tag-fr","18":"tag-france","19":"tag-grand-est","20":"tag-nancy","21":"tag-nancy-ville-54b","22":"tag-news","23":"tag-republique-francaise","24":"tag-sport","25":"tag-sport-lorrain"},"share_on_mastodon":{"url":"https:\/\/pubeurope.com\/@fr\/114581329917134893","error":""},"_links":{"self":[{"href":"https:\/\/www.europesays.com\/fr\/wp-json\/wp\/v2\/posts\/132451","targetHints":{"allow":["GET"]}}],"collection":[{"href":"https:\/\/www.europesays.com\/fr\/wp-json\/wp\/v2\/posts"}],"about":[{"href":"https:\/\/www.europesays.com\/fr\/wp-json\/wp\/v2\/types\/post"}],"author":[{"embeddable":true,"href":"https:\/\/www.europesays.com\/fr\/wp-json\/wp\/v2\/users\/2"}],"replies":[{"embeddable":true,"href":"https:\/\/www.europesays.com\/fr\/wp-json\/wp\/v2\/comments?post=132451"}],"version-history":[{"count":0,"href":"https:\/\/www.europesays.com\/fr\/wp-json\/wp\/v2\/posts\/132451\/revisions"}],"wp:featuredmedia":[{"embeddable":true,"href":"https:\/\/www.europesays.com\/fr\/wp-json\/wp\/v2\/media\/132452"}],"wp:attachment":[{"href":"https:\/\/www.europesays.com\/fr\/wp-json\/wp\/v2\/media?parent=132451"}],"wp:term":[{"taxonomy":"category","embeddable":true,"href":"https:\/\/www.europesays.com\/fr\/wp-json\/wp\/v2\/categories?post=132451"},{"taxonomy":"post_tag","embeddable":true,"href":"https:\/\/www.europesays.com\/fr\/wp-json\/wp\/v2\/tags?post=132451"}],"curies":[{"name":"wp","href":"https:\/\/api.w.org\/{rel}","templated":true}]}}