{"id":132457,"date":"2025-05-27T19:00:10","date_gmt":"2025-05-27T19:00:10","guid":{"rendered":"https:\/\/www.europesays.com\/fr\/132457\/"},"modified":"2025-05-27T19:00:10","modified_gmt":"2025-05-27T19:00:10","slug":"jazz-rai-expositions-plus-que-quatre-concerts-aux-paillotes-stand-up-radio-aviva","status":"publish","type":"post","link":"https:\/\/www.europesays.com\/fr\/132457\/","title":{"rendered":"jazz, ra\u00ef, expositions, plus que quatre concerts aux Paillotes, stand-up Radio Aviva"},"content":{"rendered":"<p>            Par<br \/>\n        <strong><br \/>\n            <a href=\"https:\/\/actu.fr\/auteur\/jm-aubert\" title=\"Consulter tous les articles de Jean-Marc Aubert\" rel=\"nofollow noopener\" target=\"_blank\">Jean-Marc Aubert<\/a><br \/>\n        <\/strong><\/p>\n<p>        Publi\u00e9 le<\/p>\n<p>            27 mai 2025 \u00e0 20h48        <\/p>\n<p>Qu\u2019on se le dise ! Voil\u00e0 des rendez-vous \u00e0 ne pas manquer pour les amateurs de <strong>jazz, de swing, de\u00a0<\/strong><b>ra\u00ef<\/b>\u00a0et autres musiques : <strong>les Paillotes du JAM,<\/strong> \u00e0<strong> Montpellier<\/strong> proposent<strong> trois\u00a0concerts gratuits<\/strong> par soir tous les jeudis et les vendredis jusqu\u2019au 6 juin prochain. Ils ont lieu dans le jardin, avec une petite restauration et deux bars, dont un \u00e0 l\u2019ext\u00e9rieur, o\u00f9 on peut d\u00e9couvrir aussi des expositions. Ces concerts d\u00e9butent \u00e0 20h, apr\u00e8s l\u2019ouverture du jardin \u00e0 19h30.\u00a0<\/p>\n<p>    <a href=\"https:\/\/www.google.com\/maps\/embed?pb=!1m18!1m12!1m3!1d7486.088332774415!2d3.87688265377475!3d43.59366086125302!2m3!1f0!2f0!3f0!3m2!1i1024!2i768!4f13.1!3m3!1m2!1s0x12b6afb8fc0fd3bf%3A0x7fcd6b9211eabdc!2sJam!5e0!3m2!1sfr!2sfr!4v1748164671431!5m2!1sfr!2sfr\" title=\"Ouvrie le lien\" rel=\"nofollow noopener\" target=\"_blank\">Cliquez ici pour visualiser le contenu<\/a><\/p>\n<p>La programmation\u00a0<\/p>\n<p class=\" wall-content\"><strong>Jeudi 29 mai\u00a0<\/strong>Paillote HECATE, chanson \u00e9lectro-pop, 7 DEGREES, Hip-hop LE CH\u00c2TEAU COSCO, rock noise et techno instrumentale\u00a0<a href=\"https:\/\/www.facebook.com\/events\/1013770253417392\" rel=\"nofollow noopener\" target=\"_blank\">https:\/\/www.facebook.com\/events\/1013770253417392<\/a><\/p>\n<p class=\" wall-content\">Pr\u00e9c\u00e9d\u00e9 par la conf\u00e9rence hebdomadaire \u00e0 18h30, Histoire du Jazz et des Musiques Populaires sur le th\u00e8me \u00ab\u00a0L\u2019accord des corps\u00a0\u00bb par Clotilde Verri\u00e8s.<\/p>\n<p class=\" wall-content\"><strong>Vendredi 30 mai<\/strong> Paillote :\u00a0SABRINA KADRI, chanson \u00e9lectro kabyle\u00a0SCAT\u2019N\u2019 SCRATCH, groove vocal et\u00a0LE GRAND BAL RA\u00cf, Ra\u00ef <a href=\"https:\/\/www.facebook.com\/events\/1392386535276738\" rel=\"nofollow noopener\" target=\"_blank\">https:\/\/www.facebook.com\/events\/1392386535276738\u00a0<\/a><\/p>\n<p>Vid\u00e9os : en ce moment sur Actu<\/p>\n<p class=\" wall-content\">Le JAM, pr\u00e9sid\u00e9 par l\u2019incontournable Jean-Fran\u00e7ois Fontana, accueille <strong>plus de 80 concerts<\/strong> d\u2019octobre \u00e0 mi-juin, soit deux \u00e0 trois concerts par semaine en moyenne. \u00ab\u00a0Le JAM souhaite ouvrir ses portes au plus large public et proposant des musiques diverses en styles, esth\u00e9tiques et horizons, mais aussi en proposant des tarifs attractifs. Et pr\u00e8s de la moiti\u00e9 des concerts sont gratuits, car la musique est faite de d\u00e9couvertes, de coup de c\u0153ur et d\u2019immanquables\u00a0\u00bb, indiquent les responsables.<\/p>\n<p>Jusqu\u2019\u00e0 350 personnes\u00a0<\/p>\n<p class=\" wall-content\">Le JAM s\u2019est donn\u00e9 pour mission de promouvoir les groupes \u00e9mergents et de pr\u00e9senter au public de nouvelles cr\u00e9ations.\u00a0Le site peut accueillir jusqu\u2019\u00e0 <strong>350 personnes<\/strong> et adapte la disposition de sa salle en fonction du concert : un club intimiste pour les concerts jazz, une salle \u00e9pur\u00e9e pour accueillir des publics en furie, un ext\u00e9rieur pour les Paillotes. Les soirs de concert, le bar est ouvert avec un grand choix de bi\u00e8res, de vins, de jus de fruit.<\/p>\n<p>    <a href=\"https:\/\/www.facebook.com\/plugins\/post.php?href=https%3A%2F%2Fwww.facebook.com%2FleJamMontpellier%2Fposts%2Fpfbid0KtQ8sLH6YiGLHs5rt1B8PMetLtwtX9o9cK4QLM7JLMgUgSgu8qYSNCrS9jLtiYvUl&amp;show_text=true&amp;width=350\" title=\"Ouvrie le lien\" rel=\"nofollow noopener\" target=\"_blank\">Cliquez ici pour visualiser le contenu<\/a><\/p>\n<p class=\" wall-content\">JAM De\u0301couverte (entr\u00e9e gratuite) de\u0301die\u0301s a\u0300 la sce\u0300ne e\u0301mergente, des soire\u0301es \u00ab Coup de C\u0153ur \u00bb a\u0300 des tarifs doux, des musiques festives, des soire\u0301es jazz, blues, latines, africaines, un bar, une ambiance rare, une proximite\u0301 avec les artistes, un son dont la re\u0301putation n\u2019est plus a\u0300 faire, le tout a\u0300 six minutes de la gare SNCF Saint-Roch en tramway (ligne 4, station Saint Martin. C\u2019est le plaisir retrouve\u0301 de la musique vivante. \u00c0 noter aussi, chaque jeudi, \u00e0 18h30\u00a0en acce\u0300s libre, des confe\u0301rences a\u0300 the\u0300me sur l\u2019Histoire du Jazz et des musiques actuelles. Acce\u0300s tout public.<\/p>\n<p>    <img   decoding=\"async\" loading=\"lazy\" src=\"https:\/\/www.europesays.com\/fr\/wp-content\/uploads\/2025\/05\/unnamed-1-960x640.png\" alt=\"Radio Aviva au JAM le 17 juin\" width=\"960\" height=\"640\"\/><br \/>\n    Radio Aviva au JAM le 17 juin (\u00a9RA)Concert et stand-up Radio Aviva<\/p>\n<p class=\" wall-content\">Autre rendez-vous : <strong>Radio Aviva<\/strong> vous propose une soir\u00e9e festive mardi 17 juin \u00e0 19h au JAM.<\/p>\n<p class=\" wall-content\">Au programme : concert de jazz avec The International Jazz Quartet.\u00a0Stand-up avec cinq artistes du <strong>Fridge Comedy Club.\u00a0<\/strong>Entr\u00e9e sur r\u00e9servation \u2013 places limit\u00e9es.<br \/>Vous pouvez aussi soutenir la radio avec un don libre (Cerfa fourni ult\u00e9rieurement, d\u00e9duction\u00a0fiscale). Par exemple : Pour un don de 100 \u20ac vous avez droit \u00e0 une d\u00e9duction d\u2019imp\u00f4t de 66\u20ac. Les infos ici :\u00a0<a href=\"http:\/\/www.radio-aviva.com\" rel=\"nofollow noopener\" target=\"_blank\">www.radio-aviva.com<\/a> \/\u00a004 67 79 28 88<\/p>\n<p>&gt; JAM100, rue Ferdinand de Lesseps, Montpellierl : 04 67 58 30 30. Pour la programmation adresser un\u00a0mail : <a href=\"https:\/\/actu.fr\/cdn-cgi\/l\/email-protection\" class=\"__cf_email__\" data-cfemail=\"e9999b868e9b888484889d808687a9858c838884c78a8684\" rel=\"nofollow noopener\" target=\"_blank\">[email\u00a0protected]<\/a>, \u00e0 l\u2019attention de Michael Williams \/\u00a0<a href=\"https:\/\/www.facebook.com\/events\/1004670358270954\/?acontext=%7B%22event_action_history%22%3A%5B%5D%7D\" rel=\"nofollow noopener\" target=\"_blank\">https:\/\/www.facebook.com\/events\/1004670358270954\/?acontext=%7B%22event_action_history%22%3A[]%7D\u00a0<\/a><\/p>\n<p class=\" wall-content\">Suivez toute l\u2019actualit\u00e9 de vos villes et m\u00e9dias favoris en vous inscrivant \u00e0 <a href=\"https:\/\/moncompte.actu.fr\" title=\"D\u00e9couvez Mon Actu\" rel=\"nofollow noopener\" data-trk=\"{&quot;cta&quot;:{&quot;action&quot;:&quot;https:\\\/\\\/moncompte.actu.fr&quot;,&quot;category&quot;:&quot;mon compte&quot;,&quot;from&quot;:&quot;article footer&quot;,&quot;name&quot;:&quot;Mon actu&quot;,&quot;type&quot;:&quot;cta&quot;}}\" target=\"_blank\">Mon Actu<\/a>.<\/p>\n","protected":false},"excerpt":{"rendered":"Par Jean-Marc Aubert Publi\u00e9 le 27 mai 2025 \u00e0 20h48 Qu\u2019on se le dise ! Voil\u00e0 des rendez-vous&hellip;\n","protected":false},"author":2,"featured_media":132458,"comment_status":"","ping_status":"","sticky":false,"template":"","format":"standard","meta":{"footnotes":""},"categories":[9599],"tags":[1111,11,1697,1777,674,1011,27,1652,2208,12,2680,25],"class_list":{"0":"post-132457","1":"post","2":"type-post","3":"status-publish","4":"format-standard","5":"has-post-thumbnail","7":"category-montpellier","8":"tag-actu","9":"tag-actualites","10":"tag-concert","11":"tag-eu","12":"tag-europe","13":"tag-fr","14":"tag-france","15":"tag-loisirs-culture","16":"tag-montpellier","17":"tag-news","18":"tag-occitanie","19":"tag-republique-francaise"},"share_on_mastodon":{"url":"https:\/\/pubeurope.com\/@fr\/114581341700795342","error":""},"_links":{"self":[{"href":"https:\/\/www.europesays.com\/fr\/wp-json\/wp\/v2\/posts\/132457","targetHints":{"allow":["GET"]}}],"collection":[{"href":"https:\/\/www.europesays.com\/fr\/wp-json\/wp\/v2\/posts"}],"about":[{"href":"https:\/\/www.europesays.com\/fr\/wp-json\/wp\/v2\/types\/post"}],"author":[{"embeddable":true,"href":"https:\/\/www.europesays.com\/fr\/wp-json\/wp\/v2\/users\/2"}],"replies":[{"embeddable":true,"href":"https:\/\/www.europesays.com\/fr\/wp-json\/wp\/v2\/comments?post=132457"}],"version-history":[{"count":0,"href":"https:\/\/www.europesays.com\/fr\/wp-json\/wp\/v2\/posts\/132457\/revisions"}],"wp:featuredmedia":[{"embeddable":true,"href":"https:\/\/www.europesays.com\/fr\/wp-json\/wp\/v2\/media\/132458"}],"wp:attachment":[{"href":"https:\/\/www.europesays.com\/fr\/wp-json\/wp\/v2\/media?parent=132457"}],"wp:term":[{"taxonomy":"category","embeddable":true,"href":"https:\/\/www.europesays.com\/fr\/wp-json\/wp\/v2\/categories?post=132457"},{"taxonomy":"post_tag","embeddable":true,"href":"https:\/\/www.europesays.com\/fr\/wp-json\/wp\/v2\/tags?post=132457"}],"curies":[{"name":"wp","href":"https:\/\/api.w.org\/{rel}","templated":true}]}}