{"id":132461,"date":"2025-05-27T19:06:12","date_gmt":"2025-05-27T19:06:12","guid":{"rendered":"https:\/\/www.europesays.com\/fr\/132461\/"},"modified":"2025-05-27T19:06:12","modified_gmt":"2025-05-27T19:06:12","slug":"le-tram-e-bloque-et-circulation-perturbee","status":"publish","type":"post","link":"https:\/\/www.europesays.com\/fr\/132461\/","title":{"rendered":"le tram E bloqu\u00e9 et circulation perturb\u00e9e"},"content":{"rendered":"<p>Une vague humaine aux couleurs de la Palestine a remont\u00e9 le cours Jean-Jaur\u00e8s, \u00e0 Grenoble, en d\u00e9but de soir\u00e9e ce mardi 27\u00a0mai. Plusieurs centaines de manifestants, essentiellement des femmes et des enfants accompagn\u00e9s de drapeaux, pancartes et keffieh, ont fait entendre leur soutien \u00e0 la Palestine, de Pont-de-Claix jusqu\u2019au quai de l\u2019Is\u00e8re.<\/p>\n<p>La ligne E du tramway est temporairement bloqu\u00e9e entre les stations Louise-Michel et Annie Fratellini-Esplanade, tandis que les lignes A, B, C et D sont perturb\u00e9es. Il en est de m\u00eame pour la circulation sur cet axe tr\u00e8s emprunt\u00e9 \u00e0 cette heure. Plusieurs automobilistes &#8211; m\u00e9contents ou favorables &#8211; accompagnent cette manifestation avec des klaxons.<\/p>\n<p>  \u00ab On a \u00e9t\u00e9 surpris par tout le monde qui est venu\u00a0\u00bb<\/p>\n<p>Imen Ben Rejeb d\u2019Urgence Palestine, pr\u00e9sente au c\u0153ur de la manifestation, nous a dit\u00a0: \u00abC\u2019est un rassemblement issu d\u2019une initiative personnelle \u00ab\u00a0Tous en rouge pour Gaza\u00a0\u00bb, d\u00e9clar\u00e9 en pr\u00e9fecture, de la part d\u2019un militant qui avait appel\u00e9 \u00e0 une d\u00e9marche citoyenne, pacifique, apolitique. C\u2019\u00e9tait une cha\u00eene de la Paix qui avait plusieurs points de rendez-vous, de Pont-de-Claix \u00e0 la Porte-de-France. On avait pour but de se rassembler \u00e0 Vallier-Catane, pour marcher dans les contre-all\u00e9es. Mais on a \u00e9t\u00e9 surpris par tout le monde qui est venu, donc on est all\u00e9 marcher au milieu du cours Jean-Jaur\u00e8s. Les derniers \u00e9v\u00e9nements \u00e0 Gaza ont vraiment mobilis\u00e9. Cela a rassembl\u00e9 des personnes de tout bord, cette marche \u00e9tait juste impressionnante et tr\u00e8s belle. C\u2019est s\u00fbr qu\u2019il y en aura d\u2019autres, tr\u00e8s vite.\u00a0\u00bb<\/p>\n","protected":false},"excerpt":{"rendered":"Une vague humaine aux couleurs de la Palestine a remont\u00e9 le cours Jean-Jaur\u00e8s, \u00e0 Grenoble, en d\u00e9but de&hellip;\n","protected":false},"author":2,"featured_media":132462,"comment_status":"","ping_status":"","sticky":false,"template":"","format":"standard","meta":{"footnotes":""},"categories":[9566],"tags":[1111,11,2430,9671,3206,112,1777,674,107,1011,27,2731,2732,108,12,316,25,2803],"class_list":{"0":"post-132461","1":"post","2":"type-post","3":"status-publish","4":"format-standard","5":"has-post-thumbnail","7":"category-grenoble","8":"tag-actu","9":"tag-actualites","10":"tag-auvergne-rhone-alpes","11":"tag-conflit-social","12":"tag-defense-guerre-conflit","13":"tag-edition-grenoble-agglomeration","14":"tag-eu","15":"tag-europe","16":"tag-fil-info","17":"tag-fr","18":"tag-france","19":"tag-grenoble","20":"tag-grenoble-bassin","21":"tag-isere","22":"tag-news","23":"tag-politique","24":"tag-republique-francaise","25":"tag-transport"},"share_on_mastodon":{"url":"https:\/\/pubeurope.com\/@fr\/114581365294815038","error":""},"_links":{"self":[{"href":"https:\/\/www.europesays.com\/fr\/wp-json\/wp\/v2\/posts\/132461","targetHints":{"allow":["GET"]}}],"collection":[{"href":"https:\/\/www.europesays.com\/fr\/wp-json\/wp\/v2\/posts"}],"about":[{"href":"https:\/\/www.europesays.com\/fr\/wp-json\/wp\/v2\/types\/post"}],"author":[{"embeddable":true,"href":"https:\/\/www.europesays.com\/fr\/wp-json\/wp\/v2\/users\/2"}],"replies":[{"embeddable":true,"href":"https:\/\/www.europesays.com\/fr\/wp-json\/wp\/v2\/comments?post=132461"}],"version-history":[{"count":0,"href":"https:\/\/www.europesays.com\/fr\/wp-json\/wp\/v2\/posts\/132461\/revisions"}],"wp:featuredmedia":[{"embeddable":true,"href":"https:\/\/www.europesays.com\/fr\/wp-json\/wp\/v2\/media\/132462"}],"wp:attachment":[{"href":"https:\/\/www.europesays.com\/fr\/wp-json\/wp\/v2\/media?parent=132461"}],"wp:term":[{"taxonomy":"category","embeddable":true,"href":"https:\/\/www.europesays.com\/fr\/wp-json\/wp\/v2\/categories?post=132461"},{"taxonomy":"post_tag","embeddable":true,"href":"https:\/\/www.europesays.com\/fr\/wp-json\/wp\/v2\/tags?post=132461"}],"curies":[{"name":"wp","href":"https:\/\/api.w.org\/{rel}","templated":true}]}}