{"id":132465,"date":"2025-05-27T19:08:41","date_gmt":"2025-05-27T19:08:41","guid":{"rendered":"https:\/\/www.europesays.com\/fr\/132465\/"},"modified":"2025-05-27T19:08:41","modified_gmt":"2025-05-27T19:08:41","slug":"dix-victimes-trois-personnes-en-urgence-absolue","status":"publish","type":"post","link":"https:\/\/www.europesays.com\/fr\/132465\/","title":{"rendered":"dix victimes, trois personnes en urgence absolue"},"content":{"rendered":"<p>            Par<br \/>\n        <strong><br \/>\n            <a href=\"https:\/\/actu.fr\/auteur\/brian-legoff\" title=\"Consulter tous les articles de Brian Le Goff\" rel=\"nofollow noopener\" target=\"_blank\">Brian Le Goff<\/a><br \/>\n        <\/strong><\/p>\n<p>        Publi\u00e9 le<\/p>\n<p>            27 mai 2025 \u00e0 15h26        <\/p>\n<p>Alors qu\u2019ils d\u00e9jeunaient dans le restaurant l\u2019Unik, situ\u00e9 pr\u00e8s du <a href=\"https:\/\/actu.fr\/bretagne\/rennes_35238\/enfin-un-zenith-a-rennes-ou-presque-le-musikhall-va-se-transformer-et-s-agrandir_61735403.html\" rel=\"nofollow noopener\" target=\"_blank\">parc des expositions de Rennes<\/a>, des clients ont \u00e9t\u00e9 <strong>pris de suffocations et ont manifest\u00e9 des rougeurs<\/strong>, mardi 27\u00a0mai.<\/p>\n<p class=\" wall-content\">Tr\u00e8s vite, les <a href=\"https:\/\/actu.fr\/tag\/pompiers\" rel=\"nofollow noopener\" target=\"_blank\">pompiers<\/a> et le Samu ont \u00e9t\u00e9 alert\u00e9s et se sont rendus sur les lieux, indique le Codis (centre op\u00e9rationnel d\u00e9partemental d\u2019incendie et de secours) aupr\u00e8s d\u2019<a href=\"https:\/\/actu.fr\/rennes\/\" rel=\"nofollow noopener\" target=\"_blank\">actu Rennes<\/a>, confirmant <a href=\"https:\/\/www.ouest-france.fr\/societe\/faits-divers\/victimes-dune-soudaine-intoxication-au-restaurant-dix-clients-a-lhopital-en-ille-et-vilaine-5416b7de-3af5-11f0-88b0-943c4d024772\" rel=\"nofollow noopener\" target=\"_blank\">Ouest-France<\/a>.<\/p>\n<p class=\" wall-content\">Au total, <strong>dix victimes <\/strong>ont \u00e9t\u00e9 comptabilis\u00e9es sur place et souffriraient d\u2019une <strong>intoxication alimentaire<\/strong>. Trois personnes, en urgence absolue, ont \u00e9t\u00e9 transport\u00e9es vers le <a href=\"https:\/\/actu.fr\/tag\/chu-de-rennes\" rel=\"nofollow noopener\" target=\"_blank\">CHU de Rennes<\/a>.<\/p>\n<p>Des circonstances \u00e0 \u00e9claircir<\/p>\n<p class=\" wall-content\">Pour l\u2019heure, les <strong>circonstances exactes<\/strong> de cette intoxication ne sont <strong>pas connues<\/strong>. La <strong>recherche d\u2019une potentielle bact\u00e9rie<\/strong> dans les aliments est en cours.<\/p>\n<p class=\" wall-content\"><strong>Une vingtaine de pompiers<\/strong> sont intervenus aux c\u00f4t\u00e9s de plusieurs \u00e9quipes de Samu.<\/p>\n<p>Vid\u00e9os : en ce moment sur Actu<\/p>\n<p class=\" wall-content\">Suivez toute l\u2019actualit\u00e9 de vos villes et m\u00e9dias favoris en vous inscrivant \u00e0 <a href=\"https:\/\/moncompte.actu.fr\" title=\"D\u00e9couvez Mon Actu\" rel=\"nofollow noopener\" data-trk=\"{&quot;cta&quot;:{&quot;action&quot;:&quot;https:\\\/\\\/moncompte.actu.fr&quot;,&quot;category&quot;:&quot;mon compte&quot;,&quot;from&quot;:&quot;article footer&quot;,&quot;name&quot;:&quot;Mon actu&quot;,&quot;type&quot;:&quot;cta&quot;}}\" target=\"_blank\">Mon Actu<\/a>.<\/p>\n","protected":false},"excerpt":{"rendered":"Par Brian Le Goff Publi\u00e9 le 27 mai 2025 \u00e0 15h26 Alors qu\u2019ils d\u00e9jeunaient dans le restaurant l\u2019Unik,&hellip;\n","protected":false},"author":2,"featured_media":132466,"comment_status":"","ping_status":"","sticky":false,"template":"","format":"standard","meta":{"footnotes":""},"categories":[2821],"tags":[1111,11,258,829,1777,674,118,1011,27,12,1311,584,25,1340],"class_list":{"0":"post-132465","1":"post","2":"type-post","3":"status-publish","4":"format-standard","5":"has-post-thumbnail","7":"category-rennes","8":"tag-actu","9":"tag-actualites","10":"tag-alimentation","11":"tag-bretagne","12":"tag-eu","13":"tag-europe","14":"tag-faits-divers","15":"tag-fr","16":"tag-france","17":"tag-news","18":"tag-pompiers","19":"tag-rennes","20":"tag-republique-francaise","21":"tag-restaurant"},"share_on_mastodon":{"url":"https:\/\/pubeurope.com\/@fr\/114581373179259282","error":""},"_links":{"self":[{"href":"https:\/\/www.europesays.com\/fr\/wp-json\/wp\/v2\/posts\/132465","targetHints":{"allow":["GET"]}}],"collection":[{"href":"https:\/\/www.europesays.com\/fr\/wp-json\/wp\/v2\/posts"}],"about":[{"href":"https:\/\/www.europesays.com\/fr\/wp-json\/wp\/v2\/types\/post"}],"author":[{"embeddable":true,"href":"https:\/\/www.europesays.com\/fr\/wp-json\/wp\/v2\/users\/2"}],"replies":[{"embeddable":true,"href":"https:\/\/www.europesays.com\/fr\/wp-json\/wp\/v2\/comments?post=132465"}],"version-history":[{"count":0,"href":"https:\/\/www.europesays.com\/fr\/wp-json\/wp\/v2\/posts\/132465\/revisions"}],"wp:featuredmedia":[{"embeddable":true,"href":"https:\/\/www.europesays.com\/fr\/wp-json\/wp\/v2\/media\/132466"}],"wp:attachment":[{"href":"https:\/\/www.europesays.com\/fr\/wp-json\/wp\/v2\/media?parent=132465"}],"wp:term":[{"taxonomy":"category","embeddable":true,"href":"https:\/\/www.europesays.com\/fr\/wp-json\/wp\/v2\/categories?post=132465"},{"taxonomy":"post_tag","embeddable":true,"href":"https:\/\/www.europesays.com\/fr\/wp-json\/wp\/v2\/tags?post=132465"}],"curies":[{"name":"wp","href":"https:\/\/api.w.org\/{rel}","templated":true}]}}