{"id":132476,"date":"2025-05-27T19:14:13","date_gmt":"2025-05-27T19:14:13","guid":{"rendered":"https:\/\/www.europesays.com\/fr\/132476\/"},"modified":"2025-05-27T19:14:13","modified_gmt":"2025-05-27T19:14:13","slug":"week-end-de-lascension-du-rouge-au-noir-a-quoi-sattendre-sur-les-routes-de-bretagne","status":"publish","type":"post","link":"https:\/\/www.europesays.com\/fr\/132476\/","title":{"rendered":"Week-end de l\u2019Ascension\u00a0: Du rouge au noir, \u00e0 quoi s\u2019attendre sur les routes de Bretagne\u00a0?"},"content":{"rendered":"<p>Il va falloir s\u2019armer de patience pour ce week-end de l\u2019Ascension. Selon les pr\u00e9visions de Bison Fut\u00e9 les routes fran\u00e7aises seront charg\u00e9es. Comme souvent en ces longs week-ends, la Bretagne n\u2019a pas \u00e9t\u00e9 boud\u00e9e et de nombreux touristes sont attendus. On fait le point sur ce qui vous attend entre le 28\u00a0mai et 1er\u00a0juin 2025.<\/p>\n<p>Des d\u00e9parts compliqu\u00e9s mercredi\u00a0et jeudi<\/p>\n<p>Les deux premiers jours de ce long week-end sont annonc\u00e9s rouge par Bison Fut\u00e9 dans le sens des d\u00e9parts. Quelques axes seront \u00e0 \u00e9viter dans l\u2019Ouest\u00a0: la route entre Nantes et Quimper sera particuli\u00e8rement fr\u00e9quent\u00e9e \u00e0 partir de 16\u00a0h mercredi et dans la journ\u00e9e de jeudi, elle est notamment class\u00e9e en alerte Jaune. L\u2019axe Angers-Nantes, est lui en rouge sur Bison Fut\u00e9 mercredi apr\u00e8s-midi, il repasse en jaune jeudi.<\/p>\n<p>Dans le sens des retours, la circulation sera difficile sur les routes Quimper-Nantes et Nantes-Angers.<\/p>\n<p><strong>Lire aussi\u00a0:<\/strong> <a href=\"https:\/\/saint-brieuc.maville.com\/actu\/actudet_-le-chantier-de-la-rn164-avance-en-centre-bretagne-un-nouveau-troncon-bientot-ouvert-_5-6821841_actu.Htm?utm_source=troove&amp;utm_medium=site\" target=\"_self\" rel=\"noopener\">Le chantier de la RN164\u00a0avance en Centre Bretagne\u00a0: un nouveau tron\u00e7on bient\u00f4t ouvert<\/a><\/p>\n<p>Les meilleurs jours pour prendre la route\u00a0: vendredi\u00a0et samedi<\/p>\n<p>Pour ce week-end prolong\u00e9, le trafic routier devrait \u00eatre plus fluide vendredi et samedi. Bison Fut\u00e9 annonce du vert sur toute la France pour ces deux jours en milieu de pont.<\/p>\n<p>Une journ\u00e9e class\u00e9e noire dimanche<\/p>\n<p>Sur le sens des retours, les routes seront tr\u00e8s fr\u00e9quent\u00e9es, dimanche 1er\u00a0juin. Bison Fut\u00e9 a notamment class\u00e9 tout l\u2019Ouest et le Nord de l\u2019hexagone en noir.<\/p>\n<p>La circulation sera tr\u00e8s difficile sur l\u2019axe Quimper-Nantes. Dans le sens des retours, en partant de Rennes, la route reliant Paris depuis Rennes est annonc\u00e9e en rouge. L\u2019axe Rennes-Caen, lui, est en jaune.<\/p>\n<p>Des trains d\u00e9j\u00e0 presque tous complets<\/p>\n<p>Pour ceux qui ne souhaitent pas \u00eatre coinc\u00e9s dans les bouchons, il existe une alternative, le train. Si la plupart des TGV affichent complets sur la ligne Paris Montparnasse-Rennes d\u00e8s mercredi apr\u00e8s-midi. Il reste encore quelques billets disponibles selon le site de la SNCF mais les tarifs sont assez \u00e9lev\u00e9s. Il faut compter en moyenne 99\u00a0\u20ac pour un billet. Si vous \u00eates patients, des billets sont disponibles pour une quarantaine d\u2019euros, en revanche, il faut compter quatre heures de trajet. La ligne grande vitesse Rennes-Paris Montparnasse est elle compl\u00e8te dimanche pour ce qui est des TGV.<\/p>\n<p>M\u00e9t\u00e9o\u00a0: du soleil puis de la pluie\u2026<\/p>\n<p><a href=\"https:\/\/meteofrance.com\/previsions-meteo-france\/bretagne\/5\" target=\"_self\" rel=\"noopener\">M\u00e9t\u00e9o France<\/a> pr\u00e9voit du beau temps sur toute la Bretagne jeudi et vendredi, avec des temp\u00e9ratures autour de 20\u00a0\u00b0C. Un pic de chaleur est attendu vendredi, notamment en Ille-et-Vilaine, autour de Rennes o\u00f9 le mercure est annonc\u00e9 \u00e0 29\u00a0\u00b0C.<\/p>\n<p>Malheureusement, le temps se g\u00e2tera \u00e0 partir de samedi apr\u00e8s-midi sur la pointe finist\u00e9rienne, puis sur toute la Bretagne d\u00e8s dimanche matin.<\/p>\n<p>\u00a0<\/p>\n","protected":false},"excerpt":{"rendered":"Il va falloir s\u2019armer de patience pour ce week-end de l\u2019Ascension. Selon les pr\u00e9visions de Bison Fut\u00e9 les&hellip;\n","protected":false},"author":2,"featured_media":132477,"comment_status":"","ping_status":"","sticky":false,"template":"","format":"standard","meta":{"footnotes":""},"categories":[2818],"tags":[1111,11,25159,11351,829,1777,674,1011,27,766,12,3624,2636,25,7289,11616,4064],"class_list":{"0":"post-132476","1":"post","2":"type-post","3":"status-publish","4":"format-standard","5":"has-post-thumbnail","7":"category-nantes","8":"tag-actu","9":"tag-actualites","10":"tag-ascension","11":"tag-attendre","12":"tag-bretagne","13":"tag-eu","14":"tag-europe","15":"tag-fr","16":"tag-france","17":"tag-nantes","18":"tag-news","19":"tag-noir","20":"tag-pays-de-la-loire","21":"tag-republique-francaise","22":"tag-rouge","23":"tag-routes","24":"tag-week-end"},"share_on_mastodon":{"url":"https:\/\/pubeurope.com\/@fr\/114581396802756082","error":""},"_links":{"self":[{"href":"https:\/\/www.europesays.com\/fr\/wp-json\/wp\/v2\/posts\/132476","targetHints":{"allow":["GET"]}}],"collection":[{"href":"https:\/\/www.europesays.com\/fr\/wp-json\/wp\/v2\/posts"}],"about":[{"href":"https:\/\/www.europesays.com\/fr\/wp-json\/wp\/v2\/types\/post"}],"author":[{"embeddable":true,"href":"https:\/\/www.europesays.com\/fr\/wp-json\/wp\/v2\/users\/2"}],"replies":[{"embeddable":true,"href":"https:\/\/www.europesays.com\/fr\/wp-json\/wp\/v2\/comments?post=132476"}],"version-history":[{"count":0,"href":"https:\/\/www.europesays.com\/fr\/wp-json\/wp\/v2\/posts\/132476\/revisions"}],"wp:featuredmedia":[{"embeddable":true,"href":"https:\/\/www.europesays.com\/fr\/wp-json\/wp\/v2\/media\/132477"}],"wp:attachment":[{"href":"https:\/\/www.europesays.com\/fr\/wp-json\/wp\/v2\/media?parent=132476"}],"wp:term":[{"taxonomy":"category","embeddable":true,"href":"https:\/\/www.europesays.com\/fr\/wp-json\/wp\/v2\/categories?post=132476"},{"taxonomy":"post_tag","embeddable":true,"href":"https:\/\/www.europesays.com\/fr\/wp-json\/wp\/v2\/tags?post=132476"}],"curies":[{"name":"wp","href":"https:\/\/api.w.org\/{rel}","templated":true}]}}