{"id":132478,"date":"2025-05-27T19:15:19","date_gmt":"2025-05-27T19:15:19","guid":{"rendered":"https:\/\/www.europesays.com\/fr\/132478\/"},"modified":"2025-05-27T19:15:19","modified_gmt":"2025-05-27T19:15:19","slug":"les-pecheurs-lancent-leur-festival-national-a-nantes","status":"publish","type":"post","link":"https:\/\/www.europesays.com\/fr\/132478\/","title":{"rendered":"Les p\u00eacheurs lancent leur festival national \u00e0 Nantes"},"content":{"rendered":"<p itemprop=\"description\">Nantes accueillera la premi\u00e8re \u00e9dition d\u2019un festival d\u00e9di\u00e9 \u00e0 la p\u00eache de loisir, un moment d\u2019espoir pour une fili\u00e8re \u00e9prouv\u00e9e par le climat.<\/p>\n<p data-pm-slice=\"0 0 []\">Un festival tr\u00e8s particulier s&rsquo;est d\u00e9roul\u00e9 du 23 au 25 mai 2025 \u00e0 Nantes. Ce grand rassemblement a vu de nombreuses personnes se r\u00e9unir autour d&rsquo;une passion commune : la p\u00eache de loisir. Cette premi\u00e8re \u00e9dition a permis de redonner un souffle \u00e0 toute une fili\u00e8re, fortement affect\u00e9e par des al\u00e9as climatiques ces derni\u00e8res ann\u00e9es.<\/p>\n<p>     Un festival d\u00e9di\u00e9 \u00e0 la p\u00eache de loisir  <\/p>\n<p>Le vendredi 23 mai, et <strong>jusqu\u00a0\u00bbau dimanche 25 mai 2025<\/strong>, la ville des Ducs accueillait pour la toute premi\u00e8re fois, un <a href=\"https:\/\/www.lechasseurfrancais.com\/peche\/festival-national-de-la-peche-le-reseau-associatif-de-la-peche-de-loisir-partenaire-de-cet-evenement-inedit-149479.html\" target=\"_blank\" rel=\"noopener\">festival national enti\u00e8rement consacr\u00e9 \u00e0 la p\u00eache de loisir<\/a>. L&rsquo;\u00e9v\u00e8nement, qui s&rsquo;\u00e9tait install\u00e9 au parc des expositions et sur les berges de l\u2019Erdre, s&rsquo;\u00e9tendait tout de m\u00eame sur pr\u00e8s de 15 000 m\u00b2. Un espace permettant aux amateurs de <strong>rencontrer pr\u00e8s de 150 exposants<\/strong> venus de toute la France. La programmation se voulait vari\u00e9e avec de nombreuses d\u00e9monstrations d&rsquo;outils ou de techniques de p\u00eache. Contrairement \u00e0 ce que certains pourraient penser, la p\u00eache de loisir n&rsquo;est absolument pas une activit\u00e9 marginale puisqu&rsquo;elle rassemble<strong> plus de 1,2\u00a0million de licenci\u00e9s<\/strong> sur l&rsquo;ensemble du territoire. C&rsquo;est d&rsquo;ailleurs la deuxi\u00e8me pratique sportive nationale, apr\u00e8s le football, en nombre d&rsquo;adh\u00e9rents.<\/p>\n<p>Ce festival \u00e9tait organis\u00e9 par le Groupement des industries et fabricants d\u2019articles de p\u00eache (<a href=\"https:\/\/www.lechasseurfrancais.com\/peche\/un-sondage-pour-mieux-connaitre-les-habitudes-des-pecheurs-84317.html\" target=\"_blank\" rel=\"noopener\">GIFAP<\/a>) et Exponantes. Il se voulait avant tout f\u00e9d\u00e9rateur, mais tombe \u00e0 pic pour une pratique dont les derni\u00e8res saisons ont \u00e9t\u00e9 marqu\u00e9es <strong>par des \u00e9v\u00e9nements climatiques extr\u00eames<\/strong>. En 2022, la France a connu <a class=\"qbe-widget\" href=\"https:\/\/www.lechasseurfrancais.com\/peche\/crues-secheresse-rechauffement-les-truites-ny-survivent-plus-108142.html\" target=\"_blank\" rel=\"noopener noreferrer\">une s\u00e9cheresse<\/a> historique. En 2024, ce sont plut\u00f4t les pr\u00e9cipitations et les pluies qui ont atteint des records. Tous ces bouleversements <strong>ont \u00e9videmment fragilis\u00e9 la faune aquatique<\/strong>, et donc toute la fili\u00e8re. La p\u00eache de loisir g\u00e9n\u00e9rait encore, en 2020, 10 millions d\u2019euros de retomb\u00e9es \u00e9conomiques en Loire-Atlantique.<\/p>\n<p>  Un nouveau d\u00e9part apr\u00e8s des saisons compliqu\u00e9es  <\/p>\n<p>Cette premi\u00e8re \u00e9dition du festival \u00e9tait donc l&rsquo;occasion parfaite pour trouver des r\u00e9ponses, collectivement, <strong>aux d\u00e9fis que rencontrent les p\u00eacheurs<\/strong> tout au long de l&rsquo;ann\u00e9e. Mathieu Becker, agent de d\u00e9veloppement \u00e0 la f\u00e9d\u00e9ration de p\u00eache de Loire-Atlantique, expliquait au Figaro \u00e0 quel point les \u00e9pisodes de s\u00e9cheresse et de canicule ont fragilis\u00e9 les milieux aquatiques. Il raconte notamment un \u00e9t\u00e9 d\u00e9sastreux durant lequel certaines parties de la Loire avaient compl\u00e8tement tari, ce qui avait caus\u00e9<strong> la disparition des poissons<\/strong>. \u00ab\u00a0Sur les bassins les plus m\u00e9t\u00e9o-d\u00e9pendants, ceux du Gesvres et du Cens, cela a \u00e9t\u00e9 un massacre. On regardait les poissons mourir d\u2019anoxie, faute d\u2019oxyg\u00e8ne dans l\u2019eau. \u00c0 la fin de l\u2019\u00e9t\u00e9, la population de poissons <strong>a \u00e9t\u00e9 divis\u00e9e par vingt ou trente<\/strong>, sur ces cours d\u2019eau\u00a0\u00bb, confie-t-il.<\/p>\n<p>Heureusement, en quelques ann\u00e9es, <strong>les \u00ab\u00a0micro-migrations\u00a0\u00bb<\/strong>, dont celles du gardon, ont pu repeupler le fleuve de poissons. Les f\u00e9d\u00e9rations pr\u00e9f\u00e8rent rester prudentes et appellent \u00e0 des pratiques plus responsables de la p\u00eache de loisir. L&rsquo;objectif ? Laisser aux esp\u00e8ces sensibles (brochet, truite fario, lamproie\u2026) <strong>le temps de renouveler leurs populations<\/strong>. Beaucoup d&rsquo;experts soulignent le d\u00e9calage entre les <a class=\"qbe-widget\" href=\"https:\/\/www.lechasseurfrancais.com\/peche\/paris-des-elus-et-des-associations-veulent-interdire-la-peche-de-loisir-84165.html\" target=\"_blank\" rel=\"noopener noreferrer\">associations animalistes<\/a> et les d\u00e9fenseurs de la p\u00eache, professionnelle ou de loisir. Mathieu Becker, toujours, rappelle pourtant que 95 % des p\u00eacheurs de loisir pratiquent <strong>la remise \u00e0 l\u2019eau des poissons<\/strong>. Ce festival \u00e9tait d&rsquo;ailleurs l&rsquo;occasion de sensibiliser les curieux et les n\u00e9ophytes \u00e0 cette pratique responsable et soucieuse de pr\u00e9server l&rsquo;environnement.<\/p>\n","protected":false},"excerpt":{"rendered":"Nantes accueillera la premi\u00e8re \u00e9dition d\u2019un festival d\u00e9di\u00e9 \u00e0 la p\u00eache de loisir, un moment d\u2019espoir pour une&hellip;\n","protected":false},"author":2,"featured_media":132479,"comment_status":"","ping_status":"","sticky":false,"template":"","format":"standard","meta":{"footnotes":""},"categories":[2818],"tags":[930,13041,1111,11,150,25727,1129,154,1777,674,849,1011,27,9089,151,3289,766,3238,12,5912,2636,15972,25,25726],"class_list":{"0":"post-132478","1":"post","2":"type-post","3":"status-publish","4":"format-standard","5":"has-post-thumbnail","7":"category-nantes","8":"tag-le","9":"tag-a","10":"tag-actu","11":"tag-actualites","12":"tag-apres","13":"tag-bouleversees","14":"tag-climat","15":"tag-des","16":"tag-eu","17":"tag-europe","18":"tag-festival","19":"tag-fr","20":"tag-france","21":"tag-lancent","22":"tag-les","23":"tag-leur","24":"tag-nantes","25":"tag-national","26":"tag-news","27":"tag-par","28":"tag-pays-de-la-loire","29":"tag-pecheurs","30":"tag-republique-francaise","31":"tag-saisons"},"share_on_mastodon":{"url":"https:\/\/pubeurope.com\/@fr\/114581400665396380","error":""},"_links":{"self":[{"href":"https:\/\/www.europesays.com\/fr\/wp-json\/wp\/v2\/posts\/132478","targetHints":{"allow":["GET"]}}],"collection":[{"href":"https:\/\/www.europesays.com\/fr\/wp-json\/wp\/v2\/posts"}],"about":[{"href":"https:\/\/www.europesays.com\/fr\/wp-json\/wp\/v2\/types\/post"}],"author":[{"embeddable":true,"href":"https:\/\/www.europesays.com\/fr\/wp-json\/wp\/v2\/users\/2"}],"replies":[{"embeddable":true,"href":"https:\/\/www.europesays.com\/fr\/wp-json\/wp\/v2\/comments?post=132478"}],"version-history":[{"count":0,"href":"https:\/\/www.europesays.com\/fr\/wp-json\/wp\/v2\/posts\/132478\/revisions"}],"wp:featuredmedia":[{"embeddable":true,"href":"https:\/\/www.europesays.com\/fr\/wp-json\/wp\/v2\/media\/132479"}],"wp:attachment":[{"href":"https:\/\/www.europesays.com\/fr\/wp-json\/wp\/v2\/media?parent=132478"}],"wp:term":[{"taxonomy":"category","embeddable":true,"href":"https:\/\/www.europesays.com\/fr\/wp-json\/wp\/v2\/categories?post=132478"},{"taxonomy":"post_tag","embeddable":true,"href":"https:\/\/www.europesays.com\/fr\/wp-json\/wp\/v2\/tags?post=132478"}],"curies":[{"name":"wp","href":"https:\/\/api.w.org\/{rel}","templated":true}]}}