{"id":132482,"date":"2025-05-27T19:17:10","date_gmt":"2025-05-27T19:17:10","guid":{"rendered":"https:\/\/www.europesays.com\/fr\/132482\/"},"modified":"2025-05-27T19:17:10","modified_gmt":"2025-05-27T19:17:10","slug":"girondins-gerard-lopez-sort-en-catimini-du-tribunal-de-commerce-de-bordeaux-et-fuit-les-supporters","status":"publish","type":"post","link":"https:\/\/www.europesays.com\/fr\/132482\/","title":{"rendered":"Girondins : G\u00e9rard Lopez sort en catimini du tribunal de commerce de Bordeaux et fuit les supporters"},"content":{"rendered":"<p><img decoding=\"async\" src=\"https:\/\/www.europesays.com\/fr\/wp-content\/uploads\/2025\/05\/671_56607550192dc0fd2d6c32a1b01ecdf3.png\" alt=\"Girondins : G\u00e9rard Lopez sort en catimini du tribunal de commerce de Bordeaux et fuit les supporters\" class=\"img-responsive mt-3\"\/><\/p>\n<p class=\"text-center mb-3\" style=\"font-size: 14px\">\u00a9 Iconsport<\/p>\n<p style=\"text-align: justify;\">La pr\u00e9sence de G\u00e9rard Lopez \u00e9tait attendue ce mardi en marge de l&rsquo;audition devant le tribunal de commerce de Bordeaux. Il n&rsquo;est que rarement \u00e0 Bordeaux.<\/p>\n<p style=\"text-align: justify;\">En effet, les supporters rassembl\u00e9s qui \u00e9taient environ une centaine place de la Bourse voulaient interpeler G\u00e9rard Lopez \u00e0 la fin de l\u2019audition, afin de lui dire ce qu&rsquo;ils pensent de sa gestion des Girondins de Bordeaux depuis 2021. En effet, le FCGB est pass\u00e9 de la Ligue 1 \u00e0 la 4e division sous l&rsquo;\u00e8re Lopez, et il ne veut toujours pas l\u00e2cher le club. C&rsquo;est incompr\u00e9hensible pour ses amoureux du scapulaire.<\/p>\n<p style=\"text-align: justify;\">&gt;&gt; Vid\u00e9o : <strong><a href=\"https:\/\/www.webgirondins.com\/actualite-girondins-girondins-gerard-lopez-arrive-par-la-porte-de-derriere-au-tribunal-de-commerce-de-bordeaux-129233\" target=\"_blank\" rel=\"noopener\">G\u00e9rard Lopez arrive par la porte de derri\u00e8re au tribunal de commerce de Bordeaux<\/a><\/strong><\/p>\n<p><strong>G\u00e9rard Lopez sort en cachette, les supporters jusque devant son hotel<\/strong><\/p>\n<p style=\"text-align: justify;\">Son arriv\u00e9e au tribunal par la porte de derri\u00e8re, et sous escorte \u00e0 16h00, soit 15 minutes avant l&rsquo;audition, donnait le ton de la crainte et de la tension qui r\u00e9gnait dans la direction du club. Malgr\u00e9 les efforts des supporters pour quadriller les multiples sorties du tribunal de commerce, G\u00e9rard Lopez a r\u00e9ussi \u00e0 sortir par une porte d\u00e9rob\u00e9e et \u00e0 regagner son h\u00f4tel.<\/p>\n<p style=\"text-align: justify;\">Les supporters se sont alors pr\u00e9cipit\u00e9s devant le Grand Hotel pour l&rsquo;interpeler, des chants de North Gate Bordeaux, et du Kop 33 ont \u00e9clat\u00e9 (voir la vid\u00e9o ci-dessous). Alors, 10 v\u00e9hicules des forces de l&rsquo;ordre ont rapidement quadrill\u00e9 la Place de la Com\u00e9die m\u00e9dus\u00e9e par ce spectacle. De plus, une vingtaine de policiers et CRS ont avanc\u00e9 pour faire reculer les fans Bordeaux avec une bombe lacrymog\u00e8ne lanc\u00e9e. Il n&rsquo;y a eu aucun incident ni d\u00e9gradation.<\/p>\n<p style=\"text-align: justify;\">Le message est clair pour les supporters pr\u00e9sents concernant l&rsquo;homme d&rsquo;affaires G\u00e9rard Lopez : il n&rsquo;est plus le bienvenu \u00e0 Bordeaux. Comment peut-il alors se projeter encore dans un r\u00f4le de propri\u00e9taire du club ?<\/p>\n<p>Ce navigateur ne supporte pas les iframes<\/p>\n<p>&gt;&gt; <strong><a href=\"https:\/\/www.webgirondins.com\/actualite-girondins-girondins-le-dossier-d-oliver-kahn-retenu-par-le-tribunal-de-commerce-de-bordeaux-129234\" target=\"_blank\" rel=\"noopener\">Le dossier d&rsquo;Oliver Kahn retenu par le tribunal de commerce de Bordeaux<\/a><\/strong><\/p>\n","protected":false},"excerpt":{"rendered":"\u00a9 Iconsport La pr\u00e9sence de G\u00e9rard Lopez \u00e9tait attendue ce mardi en marge de l&rsquo;audition devant le tribunal&hellip;\n","protected":false},"author":2,"featured_media":132483,"comment_status":"","ping_status":"","sticky":false,"template":"","format":"standard","meta":{"footnotes":""},"categories":[2817],"tags":[1111,11,1997,25728,7654,215,2834,8485,1777,674,1011,27,25729,12695,8294,1987,25733,8295,12,12694,2219,25731,25732,25,4102,25730,10221,3693],"class_list":{"0":"post-132482","1":"post","2":"type-post","3":"status-publish","4":"format-standard","5":"has-post-thumbnail","7":"category-bordeaux","8":"tag-actu","9":"tag-actualites","10":"tag-bordeaux","11":"tag-catimini","12":"tag-chat","13":"tag-commerce","14":"tag-entre","15":"tag-etait","16":"tag-eu","17":"tag-europe","18":"tag-fr","19":"tag-france","20":"tag-fuit","21":"tag-gate","22":"tag-gerard","23":"tag-girondins","24":"tag-independants","25":"tag-lopez","26":"tag-news","27":"tag-north","28":"tag-nouvelle-aquitaine","29":"tag-presents","30":"tag-quelques","31":"tag-republique-francaise","32":"tag-sort","33":"tag-souris","34":"tag-supporters","35":"tag-tribunal"},"share_on_mastodon":{"url":"https:\/\/pubeurope.com\/@fr\/114581408713036500","error":""},"_links":{"self":[{"href":"https:\/\/www.europesays.com\/fr\/wp-json\/wp\/v2\/posts\/132482","targetHints":{"allow":["GET"]}}],"collection":[{"href":"https:\/\/www.europesays.com\/fr\/wp-json\/wp\/v2\/posts"}],"about":[{"href":"https:\/\/www.europesays.com\/fr\/wp-json\/wp\/v2\/types\/post"}],"author":[{"embeddable":true,"href":"https:\/\/www.europesays.com\/fr\/wp-json\/wp\/v2\/users\/2"}],"replies":[{"embeddable":true,"href":"https:\/\/www.europesays.com\/fr\/wp-json\/wp\/v2\/comments?post=132482"}],"version-history":[{"count":0,"href":"https:\/\/www.europesays.com\/fr\/wp-json\/wp\/v2\/posts\/132482\/revisions"}],"wp:featuredmedia":[{"embeddable":true,"href":"https:\/\/www.europesays.com\/fr\/wp-json\/wp\/v2\/media\/132483"}],"wp:attachment":[{"href":"https:\/\/www.europesays.com\/fr\/wp-json\/wp\/v2\/media?parent=132482"}],"wp:term":[{"taxonomy":"category","embeddable":true,"href":"https:\/\/www.europesays.com\/fr\/wp-json\/wp\/v2\/categories?post=132482"},{"taxonomy":"post_tag","embeddable":true,"href":"https:\/\/www.europesays.com\/fr\/wp-json\/wp\/v2\/tags?post=132482"}],"curies":[{"name":"wp","href":"https:\/\/api.w.org\/{rel}","templated":true}]}}