{"id":132488,"date":"2025-05-27T19:20:18","date_gmt":"2025-05-27T19:20:18","guid":{"rendered":"https:\/\/www.europesays.com\/fr\/132488\/"},"modified":"2025-05-27T19:20:18","modified_gmt":"2025-05-27T19:20:18","slug":"lille3000-fiesta-exposition-pom-pom-pidou-au-tripostal-de-lille-jusquau-09-novembre-2025","status":"publish","type":"post","link":"https:\/\/www.europesays.com\/fr\/132488\/","title":{"rendered":"[lille3000 &#8211; Fiesta] Exposition \u00ab\u00a0Pom Pom Pidou\u00a0\u00bb au TriPostal de Lille jusqu&rsquo;au 09 novembre 2025"},"content":{"rendered":"<p style=\"text-align: justify;\"><strong>Jusqu\u2019au dimanche 09 novembre 2025, le<\/strong> <strong>TriPostal de Lille <\/strong>propose <strong>l\u2019exposition<\/strong> <strong>\u00ab\u00a0Pom Pom Pidou\u00a0\u00bb.<\/strong><\/p>\n<p style=\"text-align: justify;\">L\u2019exposition \u00ab\u00a0Pom Pom Pidou\u00a0\u00bb<br \/><strong>Le Centre Pompidou<\/strong> <strong>investit<\/strong> le <strong>Tripostal,<\/strong> <strong>l\u2019un des lieux des plus embl\u00e9matiques de la vie culturelle lilloise.<\/strong> <strong>L\u2019exposition Pom Pom Pidou<\/strong> prend appui sur la<strong> collection<\/strong> et les <strong>chefs-d\u2019\u0153uvre du <\/strong><strong>Centre Pompidou<\/strong> pour <strong>d\u00e9rouler un r\u00e9cit renversant de l\u2019art moderne<\/strong> et <strong>actuel sur les trois niveaux du Tripostal,<\/strong> <strong>vaisseau-amiral des grandes saisons culturelles de lille3000, <\/strong>en montrant qu\u2019au <strong>XX\u00e8me si\u00e8cle,<\/strong> et <strong>jusqu\u2019\u00e0 aujourd\u2019hui, <\/strong>le <strong>champ de la cr\u00e9ation<\/strong> n\u2019a cess\u00e9 d\u2019\u00eatre <strong>chamboul\u00e9,<\/strong> <strong>agit\u00e9 en tous sens.<\/strong><\/p>\n<p style=\"text-align: justify;\"><strong>Au rez-de-chauss\u00e9e, <\/strong>le parcours prend la forme d\u2019un <strong>mus\u00e9e des avant-gardes, dynamis\u00e9 par les peintures tout en rythmes color\u00e9s<\/strong> de <strong>Robert Delaunay<\/strong> et par les <strong>toiles-vortex<\/strong> de <strong>Franti\u0161ek Kupka, <\/strong><strong>l\u2019aventure continue<\/strong> avec les <strong>Futuristes italiens <\/strong>qui <strong>proclam\u00e8rent la beaut\u00e9 de la vitesse,<\/strong> pour en venir<br \/>au<strong> d\u00e9fi insolent <\/strong>que <strong>Marcel Duchamp<\/strong> <strong>adressa \u00e0 l\u2019art <\/strong>avec ses <strong>r\u00e9volutionnaires ready-made.<\/strong> Ce <strong>d\u00e9roul\u00e9 chronologique<\/strong> est <strong>ponctu\u00e9 par des contrepoints contemporains,<\/strong> telles des <strong>lampes design<\/strong> ou une <strong>projection lumineuse<\/strong> de <strong>l\u2019artiste islandais<\/strong> <strong>Olafur Eliasson.<\/strong><\/p>\n<tr>\n<td class=\"has-text-align-center\" data-align=\"center\"><img loading=\"lazy\" decoding=\"async\" width=\"2560\" height=\"1708\" class=\"wp-image-85053\" style=\"width: 500px;\" src=\"https:\/\/www.europesays.com\/fr\/wp-content\/uploads\/2025\/05\/art_lille3000_fiesta_pompompidou_02-scaled.jpg\" alt=\"\"  \/><\/td>\n<td class=\"has-text-align-center\" data-align=\"center\"><img loading=\"lazy\" decoding=\"async\" width=\"2560\" height=\"1708\" class=\"wp-image-85054\" style=\"width: 500px;\" src=\"https:\/\/www.europesays.com\/fr\/wp-content\/uploads\/2025\/05\/art_lille3000_fiesta_pompompidou_03-scaled.jpg\" alt=\"\"  \/><\/td>\n<\/tr>\n<p style=\"text-align: justify;\"><strong>Au premier \u00e9tage,<\/strong> le <strong>bousculement de l\u2019art <\/strong>s\u2019amplifie avec le <strong>mouvement Dada,<\/strong> puis avec les <strong>Nouveaux R\u00e9alistes<\/strong> et <strong>leur fa\u00e7on de faire entrer la rue,<\/strong> ses<strong> affiches<\/strong> et ses <strong>objets quotidiens<\/strong> dans le<strong> grand art de la peinture. <\/strong>Tandis que le <strong>mouvement Fluxus <\/strong>met la <strong>participation du spectateur au c\u0153ur du jeu artistique,<\/strong> <strong>apr\u00e8s 1960<\/strong> les <strong>artistes du Pop Art<\/strong> ou de <strong>la Figuration narrative se confrontent au d\u00e9ferlement des images m\u00e9dias.<\/strong><\/p>\n<tr>\n<td class=\"has-text-align-center\" data-align=\"center\"><img decoding=\"async\" loading=\"lazy\" width=\"2560\" height=\"1708\" class=\"wp-image-85055\" style=\"width: 500px;\" src=\"https:\/\/www.europesays.com\/fr\/wp-content\/uploads\/2025\/05\/art_lille3000_fiesta_pompompidou_04-scaled.jpg\" alt=\"\"  \/><\/td>\n<td class=\"has-text-align-center\" data-align=\"center\"><img decoding=\"async\" loading=\"lazy\" width=\"2560\" height=\"1708\" class=\"wp-image-85056\" style=\"width: 500px;\" src=\"https:\/\/www.europesays.com\/fr\/wp-content\/uploads\/2025\/05\/art_lille3000_fiesta_pompompidou_05-scaled.jpg\" alt=\"\"  \/><\/td>\n<\/tr>\n<p style=\"text-align: justify;\">Enfin, le <strong>deuxi\u00e8me \u00e9tage du Tripostal<\/strong> prend quant \u00e0 lui des <strong>allures de laboratoire<\/strong> et met l\u2019accent sur les <strong>recherches exp\u00e9rimentales <\/strong>et les <strong>nouvelles technologies :<\/strong> <strong>\u0153uvres algorithmiques<\/strong> de <strong>Vera Molnar, environnements sensoriels<\/strong> ou<strong> fichiers NFT cr\u00e9\u00e9s par des artistes<\/strong> et <strong>r\u00e9cemment acquis<\/strong> par le <strong>Centre Pompidou \u2212 Mus\u00e9e national d\u2019art moderne.<\/strong> Ainsi<strong> l\u2019histoire de l\u2019art du XXe si\u00e8cle \u00e0 nos jours<\/strong> peut \u00eatre vue comme <strong>une machine un peu folle,<\/strong> faite de <strong>rythmes divers, d\u2019embrayages <\/strong>et de <strong>ruptures, agit\u00e9e de soubresauts.<\/strong><\/p>\n<tr>\n<td><img decoding=\"async\" loading=\"lazy\" width=\"2560\" height=\"1708\" class=\"wp-image-85057\" style=\"width: 500px;\" src=\"https:\/\/www.europesays.com\/fr\/wp-content\/uploads\/2025\/05\/art_lille3000_fiesta_pompompidou_10-scaled.jpg\" alt=\"\"  \/><\/td>\n<td class=\"has-text-align-center\" data-align=\"center\"><img decoding=\"async\" loading=\"lazy\" width=\"2560\" height=\"1708\" class=\"wp-image-85058\" style=\"width: 500px;\" src=\"https:\/\/www.europesays.com\/fr\/wp-content\/uploads\/2025\/05\/art_lille3000_fiesta_pompompidou_11-scaled.jpg\" alt=\"\"  \/><\/td>\n<\/tr>\n<p style=\"text-align: justify;\">Au gr\u00e9 de ce <strong>parcours chronologique<\/strong> agr\u00e9ment\u00e9 de <strong>dialogues interdisciplinaires<\/strong> (design, architecture, bande dessin\u00e9e),<strong> le Centre Pompidou <\/strong>pr\u00e9sente \u00e0 la fois des <strong>\u0153uvres phares de sa collection<\/strong> mais fait \u00e9galement<strong> honneur \u00e0 sa pluridisciplinarit\u00e9<\/strong> avec des <strong>propositions in\u00e9dites aux visiteurs ;<\/strong> ceux-ci sont ainsi <strong>invit\u00e9s \u00e0 prendre part, au c\u0153ur du parcours, \u00e0 un jeu con\u00e7u <\/strong>par <strong>l\u2019artiste<\/strong> <strong>Elsa Werth<\/strong> <strong>en \u00e9cho aux bo\u00eetes \u00e0 jeux imagin\u00e9es dans les ann\u00e9es 1960-1970<\/strong> par les<strong> artistes du mouvement Fluxus.<\/strong> Dans <strong>une salle d\u00e9di\u00e9e aux relations entre la BD <\/strong>et la <strong>peinture,<\/strong> la <strong>Bpi <\/strong>(Biblioth\u00e8que publique d\u2019information) propose <strong>un salon de lecture<\/strong> avec<strong> les albums de l\u2019artiste<\/strong> et <strong>auteur de BD<\/strong> <strong>Jochen Gerner.<\/strong> En fin de parcours, une salle est d\u00e9di\u00e9e au<strong> projet architectura<\/strong>l du <strong>Centre Pompidou,<\/strong> avec des <strong>dessins in\u00e9dits<\/strong> de <strong>Renzo Piano<\/strong> et <strong>Richard Rogers :<\/strong> le \u00ab plateau Beaubourg \u00bb, <strong>emplacement du futur Centre Pompidou, <\/strong>peut appara\u00eetre alors comme <strong>une r\u00e9ponse des institutions culturelles<\/strong> aux <strong>multiples d\u00e9fis des mouvements artistiques du XX\u00e8me si\u00e8cle.<\/strong><\/p>\n<p>Photos de l\u2019expo \u00ab\u00a0Pom Pom Pidou\u00a0\u00bb<\/p>\n<p><strong>Infos pratiques<\/strong><br \/><strong><img decoding=\"async\" loading=\"lazy\" class=\"size-full wp-image-45 lazyloaded tie-appear\" src=\"https:\/\/www.europesays.com\/fr\/wp-content\/uploads\/2025\/04\/arrow.png\" alt=\"\" width=\"9\" height=\"9\" data-lazy-src=\"https:\/\/www.europesays.com\/fr\/wp-content\/uploads\/2025\/04\/arrow.png\"\/><\/strong> <strong>TriPostal<\/strong><br \/>22, avenue Willy Brandt \u2013 Lille<\/p>\n<p><strong><img decoding=\"async\" loading=\"lazy\" class=\"size-full wp-image-45 lazyloaded tie-appear\" src=\"https:\/\/www.europesays.com\/fr\/wp-content\/uploads\/2025\/04\/arrow.png\" alt=\"\" width=\"9\" height=\"9\" data-lazy-src=\"https:\/\/www.europesays.com\/fr\/wp-content\/uploads\/2025\/04\/arrow.png\"\/> Horaires :<\/strong><br \/>\u2013 mercredi au dimanche de 11h \u00e0 18h<\/p>\n<p><strong><img decoding=\"async\" loading=\"lazy\" class=\"size-full wp-image-45 lazyloaded tie-appear\" src=\"https:\/\/www.europesays.com\/fr\/wp-content\/uploads\/2025\/04\/arrow.png\" alt=\"\" width=\"9\" height=\"9\" data-lazy-src=\"https:\/\/www.europesays.com\/fr\/wp-content\/uploads\/2025\/04\/arrow.png\"\/> Tarifs : <\/strong>12\u20ac \/ 8\u20ac<\/p>\n<p><strong><b><img decoding=\"async\" loading=\"lazy\" class=\"size-full wp-image-45 lazyloaded tie-appear\" src=\"https:\/\/www.europesays.com\/fr\/wp-content\/uploads\/2025\/04\/1743937991_452_arrow.png\" alt=\"\" width=\"9\" height=\"9\" data-lazy-src=\"https:\/\/www.europesays.com\/fr\/wp-content\/uploads\/2025\/04\/1743937991_452_arrow.png\"\/><\/b><\/strong> <a href=\"https:\/\/lille3000.com\/\" target=\"_blank\" rel=\"noopener nofollow\">Site internet de lille3000<\/a><\/p>\n<p><strong><b><img decoding=\"async\" loading=\"lazy\" class=\"size-full wp-image-45 lazyloaded tie-appear\" src=\"https:\/\/www.europesays.com\/fr\/wp-content\/uploads\/2025\/04\/1743937991_452_arrow.png\" alt=\"\" width=\"9\" height=\"9\" data-lazy-src=\"https:\/\/www.europesays.com\/fr\/wp-content\/uploads\/2025\/04\/1743937991_452_arrow.png\"\/><\/b><\/strong> <a href=\"https:\/\/www.zoomsurlille.fr\/tag\/fiesta\" target=\"_blank\" rel=\"noreferrer noopener nofollow\">D\u00e9couvrez nos articles sur FIESTA<\/a><\/p>\n<p>\u00a0<\/p>\n<p class=\"has-text-align-right\">Source : lille3000 \u2013 Photos : \u00a9 Zoom Sur Lille<\/p>\n","protected":false},"excerpt":{"rendered":"Jusqu\u2019au dimanche 09 novembre 2025, le TriPostal de Lille propose l\u2019exposition \u00ab\u00a0Pom Pom Pidou\u00a0\u00bb. L\u2019exposition \u00ab\u00a0Pom Pom Pidou\u00a0\u00bbLe&hellip;\n","protected":false},"author":2,"featured_media":132489,"comment_status":"","ping_status":"","sticky":false,"template":"","format":"standard","meta":{"footnotes":""},"categories":[2815],"tags":[1111,11,1777,674,3293,3274,1011,27,811,1307,3276,12,25735,25,25736],"class_list":{"0":"post-132488","1":"post","2":"type-post","3":"status-publish","4":"format-standard","5":"has-post-thumbnail","7":"category-lille","8":"tag-actu","9":"tag-actualites","10":"tag-eu","11":"tag-europe","12":"tag-exposition","13":"tag-fiesta","14":"tag-fr","15":"tag-france","16":"tag-hauts-de-france","17":"tag-lille","18":"tag-lille3000","19":"tag-news","20":"tag-pom-pom-pidou","21":"tag-republique-francaise","22":"tag-tripostal"},"share_on_mastodon":{"url":"https:\/\/pubeurope.com\/@fr\/114581420612824965","error":""},"_links":{"self":[{"href":"https:\/\/www.europesays.com\/fr\/wp-json\/wp\/v2\/posts\/132488","targetHints":{"allow":["GET"]}}],"collection":[{"href":"https:\/\/www.europesays.com\/fr\/wp-json\/wp\/v2\/posts"}],"about":[{"href":"https:\/\/www.europesays.com\/fr\/wp-json\/wp\/v2\/types\/post"}],"author":[{"embeddable":true,"href":"https:\/\/www.europesays.com\/fr\/wp-json\/wp\/v2\/users\/2"}],"replies":[{"embeddable":true,"href":"https:\/\/www.europesays.com\/fr\/wp-json\/wp\/v2\/comments?post=132488"}],"version-history":[{"count":0,"href":"https:\/\/www.europesays.com\/fr\/wp-json\/wp\/v2\/posts\/132488\/revisions"}],"wp:featuredmedia":[{"embeddable":true,"href":"https:\/\/www.europesays.com\/fr\/wp-json\/wp\/v2\/media\/132489"}],"wp:attachment":[{"href":"https:\/\/www.europesays.com\/fr\/wp-json\/wp\/v2\/media?parent=132488"}],"wp:term":[{"taxonomy":"category","embeddable":true,"href":"https:\/\/www.europesays.com\/fr\/wp-json\/wp\/v2\/categories?post=132488"},{"taxonomy":"post_tag","embeddable":true,"href":"https:\/\/www.europesays.com\/fr\/wp-json\/wp\/v2\/tags?post=132488"}],"curies":[{"name":"wp","href":"https:\/\/api.w.org\/{rel}","templated":true}]}}