{"id":132492,"date":"2025-05-27T19:22:09","date_gmt":"2025-05-27T19:22:09","guid":{"rendered":"https:\/\/www.europesays.com\/fr\/132492\/"},"modified":"2025-05-27T19:22:09","modified_gmt":"2025-05-27T19:22:09","slug":"renaud-muselier-designe-pilote-de-renaissance-pour-la-campagne-a-marseille","status":"publish","type":"post","link":"https:\/\/www.europesays.com\/fr\/132492\/","title":{"rendered":"Renaud Muselier d\u00e9sign\u00e9 \u00ab\u00a0pilote\u00a0\u00bb de Renaissance pour la campagne \u00e0 Marseille"},"content":{"rendered":"<p>\u00ab\u00a0Si on refait la strat\u00e9gie de\u00a02020, on n\u2019aura m\u00eame pas un conseil d\u2019arrondissement\u00a0! Ils ont int\u00e9r\u00eat \u00e0 m\u2019\u00e9couter et je crois qu\u2019ils ne veulent pas d\u2019histoires avec moi.\u00a0\u00bb Il y a encore une semaine, les strat\u00e9gies divergentes pour la municipale de\u00a02026 \u00e0 Marseille au sein de l\u2019\u00e9tat-major de Renaissance faisaient grincer des dents Renaud Muselier. Le pr\u00e9sident de la R\u00e9gion Provence-Alpes-C\u00f4te d&rsquo;Azur, la seule tenue par le parti pr\u00e9sidentiel, a donc \u00e9t\u00e9 \u00ab\u00a0\u00e9cout\u00e9\u00a0\u00bb.<\/p>\n<p>Ce mardi 27\u00a0mai au soir, la commission nationale d\u2019investiture pr\u00e9sid\u00e9e par Franck Riester vient de le d\u00e9signer comme \u00ab\u00a0pilote\u00a0\u00bb de la campagne \u00e0 venir dans la cit\u00e9 phoc\u00e9enne. Son r\u00f4le\u00a0? Dialoguer avec les diff\u00e9rents partenaires au nom du parti dirig\u00e9 par Gabriel Attal. Et \u00e0 Marseille, les combinaisons sont innombrables. Pas si simple, alors qu\u2019ils se sont entre-d\u00e9chir\u00e9s en\u00a02020, de mettre autour de la m\u00eame table Les R\u00e9publicains, Horizons, l\u2019UDI, le Nouveau Centre et l\u2019\u00e9curie de Martine Vassal (divers droite), potentielle t\u00eate de liste, <a href=\"https:\/\/www.laprovence.com\/article\/elections\/123604724782114\/renaud-muselier-derriere-martine-vassal-si-elle-est-candidate-a-la-mairie-de-marseille\" target=\"_blank\" rel=\"nofollow noopener\">\u00e0 laquelle Renaud Muselier a d\u00e9j\u00e0 apport\u00e9 son soutien<\/a>. Dans son nouveau r\u00f4le, il est aussi missionn\u00e9 pour organiser la campagne et composer la future liste.<\/p>\n","protected":false},"excerpt":{"rendered":"\u00ab\u00a0Si on refait la strat\u00e9gie de\u00a02020, on n\u2019aura m\u00eame pas un conseil d\u2019arrondissement\u00a0! Ils ont int\u00e9r\u00eat \u00e0 m\u2019\u00e9couter&hellip;\n","protected":false},"author":2,"featured_media":132493,"comment_status":"","ping_status":"","sticky":false,"template":"","format":"standard","meta":{"footnotes":""},"categories":[2814],"tags":[17,5734,1111,11,9808,5949,1777,674,1011,27,884,3554,22548,12,19438,882,3370,1628,25],"class_list":{"0":"post-132492","1":"post","2":"type-post","3":"status-publish","4":"format-standard","5":"has-post-thumbnail","7":"category-marseille","8":"tag-17","9":"tag-5734","10":"tag-actu","11":"tag-actualites","12":"tag-designe","13":"tag-elections","14":"tag-eu","15":"tag-europe","16":"tag-fr","17":"tag-france","18":"tag-marseille","19":"tag-municipales","20":"tag-muselier","21":"tag-news","22":"tag-pilote","23":"tag-provence-alpes-cote-dazur","24":"tag-renaissance","25":"tag-renaud","26":"tag-republique-francaise"},"share_on_mastodon":{"url":"https:\/\/pubeurope.com\/@fr\/114581428273691976","error":""},"_links":{"self":[{"href":"https:\/\/www.europesays.com\/fr\/wp-json\/wp\/v2\/posts\/132492","targetHints":{"allow":["GET"]}}],"collection":[{"href":"https:\/\/www.europesays.com\/fr\/wp-json\/wp\/v2\/posts"}],"about":[{"href":"https:\/\/www.europesays.com\/fr\/wp-json\/wp\/v2\/types\/post"}],"author":[{"embeddable":true,"href":"https:\/\/www.europesays.com\/fr\/wp-json\/wp\/v2\/users\/2"}],"replies":[{"embeddable":true,"href":"https:\/\/www.europesays.com\/fr\/wp-json\/wp\/v2\/comments?post=132492"}],"version-history":[{"count":0,"href":"https:\/\/www.europesays.com\/fr\/wp-json\/wp\/v2\/posts\/132492\/revisions"}],"wp:featuredmedia":[{"embeddable":true,"href":"https:\/\/www.europesays.com\/fr\/wp-json\/wp\/v2\/media\/132493"}],"wp:attachment":[{"href":"https:\/\/www.europesays.com\/fr\/wp-json\/wp\/v2\/media?parent=132492"}],"wp:term":[{"taxonomy":"category","embeddable":true,"href":"https:\/\/www.europesays.com\/fr\/wp-json\/wp\/v2\/categories?post=132492"},{"taxonomy":"post_tag","embeddable":true,"href":"https:\/\/www.europesays.com\/fr\/wp-json\/wp\/v2\/tags?post=132492"}],"curies":[{"name":"wp","href":"https:\/\/api.w.org\/{rel}","templated":true}]}}