{"id":132496,"date":"2025-05-27T19:24:13","date_gmt":"2025-05-27T19:24:13","guid":{"rendered":"https:\/\/www.europesays.com\/fr\/132496\/"},"modified":"2025-05-27T19:24:13","modified_gmt":"2025-05-27T19:24:13","slug":"la-plus-grande-velostation-de-france-est-a-lyon","status":"publish","type":"post","link":"https:\/\/www.europesays.com\/fr\/132496\/","title":{"rendered":"La plus grande v\u00e9lostation de France est \u00e0 Lyon"},"content":{"rendered":"<p>La nouvelle v\u00e9lostation de la Part-Dieu joue un r\u00f4le crucial dans la facilitation de l\u2019intermodalit\u00e9. En particulier avec l\u2019un des plus grands hubs de transport d\u2019Europe : la gare de Lyon Part-Dieu. Avec les Voies Lyonnaises, cet \u00e9quipement contribue \u00e0 la cr\u00e9ation d\u2019un \u00ab\u00a0syst\u00e8me v\u00e9lo\u00a0\u00bb dans la Capitale des Gaules.<\/p>\n<p><strong>Stationner son v\u00e9lo sans risque<\/strong> de se le faire voler\u2026 Les Lyonnaises et les Lyonnais sont en perp\u00e9tuelle recherche d\u2019un lieu s\u00fbr pour garer leur simple biclou ou leur couteux V\u00e9lo \u00e0 Assistance Electrique ou v\u00e9lo cargo. Surtout quand il s\u2019agit de le laisser toute une journ\u00e9e, voire durant les vacances\u2026 1500 places de v\u00e9los s\u00e9curis\u00e9es sont d\u00e9sormais disponibles \u00e0 la <strong>v\u00e9lostation<\/strong>, de la <strong>gare de la Part-dieu<\/strong>, sous la <strong>place B\u00e9raudier<\/strong>.<\/p>\n<p>Ecoutez le podcast<\/p>\n<p>V\u00e9lostation place B\u00e9raudier<\/p>\n<p>Comment en profiter ? Nous avons pos\u00e9 la question \u00e0 <strong>Elsa Rousselet<\/strong> de <strong><a href=\"https:\/\/www.lpa.fr\/des-solutions-pour-stationner-son-velo-en-parc-et-en-voirie\/\" target=\"_blank\" rel=\"noreferrer noopener\">Lyon Parc Auto<\/a><\/strong>. \u00ab\u00a0Tout d\u2019abord,<strong> il faut s\u2019inscrire<\/strong>. Et pour pouvoir s\u2019inscrire, il faut une <strong>carte TCL<\/strong> ou une <strong>carte Oura.<\/strong> Pas besoin d\u2019avoir un abonnement dessus. Il suffit juste d\u2019\u00eatre porteur de la carte. On va sur notre site internet o\u00f9 on flashe les <strong>QR codes<\/strong> qu\u2019on trouve aux entr\u00e9es de la <strong>v\u00e9lostation<\/strong>. On s\u2019inscrit, on rentre ses coordonn\u00e9es, son num\u00e9ro de carte, et le lendemain, on peut venir acc\u00e9der \u00e0 la <strong>v\u00e9lostation<\/strong>. C\u2019est une v\u00e9lostation sur laquelle <strong>le stationnement est gratuit<\/strong>. Et on badge simplement avec notre carte pour entrer et pour sortir. On peut venir pour quelques heures, pour un d\u00e9placement plus long d\u2019une journ\u00e9e. Et on peut stationner jusqu\u2019\u00e0 14 jours d\u2019affil\u00e9e\u00a0\u00bb.<\/p>\n<p>Ecoutez aussi : <a href=\"https:\/\/www.lyondemain.fr\/conditions-de-deplacement-a-velo\/\" target=\"_blank\" rel=\"noreferrer noopener\">Une grande enqu\u00eate sur les conditions de d\u00e9placement \u00e0 v\u00e9lo<\/a><\/p>\n<p>1534 places de stationnement s\u00e9curis\u00e9es et gratuites pour tous types de v\u00e9los<\/p>\n<p>La <strong>v\u00e9lostation<\/strong> se pr\u00e9sente un peu comme un parking traditionnel. Mais vous n\u2019y croiserez aucune voiture. Deux niveaux sur lesquels des <strong>points d\u2019accroche <\/strong>ont \u00e9t\u00e9 install\u00e9s pour <strong>tous types de v\u00e9los<\/strong>. Petite visite avec <strong>Fabien Bagnon<\/strong>, vice pr\u00e9sident de la <strong><a href=\"https:\/\/www.grandlyon.com\/\" target=\"_blank\" rel=\"noreferrer noopener\">M\u00e9tropole de Lyon<\/a><\/strong> d\u00e9l\u00e9gu\u00e9 aux <strong>Mobilit\u00e9s Actives<\/strong>. \u00ab\u00a0Une <strong>v\u00e9lostation<\/strong>, c\u2019est ni plus ni moins qu\u2019un <strong>grand parking r\u00e9serv\u00e9 aux v\u00e9los<\/strong>. Sous la place B\u00e9raudier, donc \u00e0 la Part-Dieu, on a maintenant <strong>1534 places pour v\u00e9los<\/strong>. Ces places vont permettre essentiellement aux personnes qui viennent <strong><a href=\"https:\/\/www.ter.sncf.com\/auvergne-rhone-alpes\/services-contacts\/voyager-avec-velo\/embarquement-velo\" target=\"_blank\" rel=\"noreferrer noopener\">prendre un train \u00e0 la gare<\/a><\/strong>, de se stationner sur la journ\u00e9e. Ou m\u00eame sur plusieurs jours, ou \u00e9ventuellement de prendre le m\u00e9tro.\u00a0\u00bb<\/p>\n<p><img fetchpriority=\"high\" decoding=\"async\" width=\"1200\" height=\"675\" src=\"https:\/\/www.europesays.com\/fr\/wp-content\/uploads\/2025\/05\/Velostation-Fabien-Bagnon.jpg\" alt=\"Fabien Bagnon\" class=\"wp-image-249646\"  \/>Fabien Bagnon<\/p>\n<p>La <strong>v\u00e9lostation<\/strong>, les cyclistes l\u2019attendaient ! Car \u00e0 la <strong>Part-Dieu<\/strong>, la demande est forte. Nous avons rencontr\u00e9 <strong>Alexandre Deloffre<\/strong>, administrateur de l\u2019association <strong>La Ville \u00e0 V\u00e9lo<\/strong>. \u00ab\u00a0Il y a d\u00e9j\u00e0 plusieurs <strong>parkings \u00e0 v\u00e9los<\/strong>, dont un <strong>parking s\u00e9curis\u00e9 de 250 place<\/strong>s \u00e0 l\u2019int\u00e9rieur de la gare. Ils sont arriv\u00e9s \u00e0 saturation quelques mois \u00e0 peine apr\u00e8s leur ouverture. Aujourd\u2019hui, 1 500 places, \u00e7a para\u00eet important. On sait que \u00e7a va tr\u00e8s vite se remplir. Il faut se rendre compte que dans une ville plus avanc\u00e9e comme <strong>Utrecht<\/strong>, aux <strong>Pays-Bas<\/strong>, le <strong>parking v\u00e9lo <\/strong>de la gare centrale fait <strong>12 000 places<\/strong>. Donc, on a encore de la marge\u2026\u00a0\u00bb<\/p>\n<p><img loading=\"lazy\" decoding=\"async\" width=\"1200\" height=\"675\" src=\"https:\/\/www.europesays.com\/fr\/wp-content\/uploads\/2025\/05\/Velostation-La-Ville-a-Velo.jpg\" alt=\"V\u00e9lostation\" class=\"wp-image-249647\"  \/>Alexandre Deloffre<\/p>\n<p>Pour la <strong>Ville de Lyon<\/strong>, l\u2019id\u00e9e est de favoriser l\u2019<strong>intermodalit\u00e9<\/strong>. Lyon peut se targuer d\u2019avoir <strong>la plus grande v\u00e9lostation de France<\/strong>\u2026 Au moins provisoirement\u2026 Mais la municipalit\u00e9 entend surtout devenir une <strong>r\u00e9f\u00e9rence pour le v\u00e9lo<\/strong>. Comme le sont les villes du nord de l\u2019Europe. <\/p>\n<p>Ecoutez aussi : <a href=\"https:\/\/veloradio.fr\/journees-pro-cyclomobilite\/\" target=\"_blank\" rel=\"noreferrer noopener\">Cyclomobilit\u00e9 : la solution v\u00e9lo pour les professionnels<\/a><\/p>\n<p>\u00ab\u00a0Le d\u00e9veloppement des Voies Lyonnaises ne suffit pas. Il faut mettre en place un syst\u00e8me v\u00e9lo\u2026\u00a0\u00bb<\/p>\n<p>Pour <strong>Gr\u00e9gory Doucet<\/strong>, le <strong>maire de Lyon<\/strong>. \u00ab\u00a0Avec ce <strong>p\u00f4le d\u2019\u00e9change multimodal<\/strong>, on inscrit d\u00e9finitivement Lyon dans une modernit\u00e9 du 21e si\u00e8cle. Mais au-del\u00e0 de \u00e7a, on fait aussi de Lyon une <strong>ville pionni\u00e8re en mati\u00e8re de transformation des mobilit\u00e9s<\/strong>, en mati\u00e8re de <strong>transition \u00e9cologique<\/strong>. Une ville pionni\u00e8re qui, comme d\u2019autres grandes capitales europ\u00e9ennes, donne le l\u00e0, mais aussi inspire. Le d\u00e9veloppement du r\u00e9seau de <strong><a href=\"https:\/\/avelo.grandlyon.com\/se-deplacer-a-velo\/les-voies-lyonnaises\" target=\"_blank\" rel=\"noreferrer noopener\">Voies Lyonnaises<\/a><\/strong> est essentiel. Mais \u00e7a ne suffit pas. Il faut mettre en place un <strong>syst\u00e8me v\u00e9lo<\/strong> dans son int\u00e9gralit\u00e9. Et un syst\u00e8me v\u00e9lo, c\u2019est d\u2019abord du <strong>stationnement<\/strong>. Mais aussi des <strong>v\u00e9locistes<\/strong> comp\u00e9tents et des <strong>ateliers v\u00e9lo<\/strong>\u2026\u00a0\u00bb<\/p>\n<p><img loading=\"lazy\" decoding=\"async\" width=\"1200\" height=\"675\" src=\"https:\/\/www.europesays.com\/fr\/wp-content\/uploads\/2025\/05\/Velostation-inauguration.jpg\" alt=\"V\u00e9lostation\" class=\"wp-image-249649\"  \/><\/p>\n<p>Apr\u00e8s les <strong>Park V\u00e9lo<\/strong> Villette et B\u00e9raudier, un autre projet de <strong>v\u00e9lostation<\/strong> est \u00e0 l\u2019\u00e9tude dans le secteur de la <strong>place de Milan<\/strong>, au nord de la <strong>place B\u00e9raudier<\/strong>. Il porte sur <strong>1 000 places s\u00e9curis\u00e9es suppl\u00e9mentaires \u00e0 l\u2019horizon 2030<\/strong>. Objectif : porter \u00e0 terme \u00e0 plus de 2 500, la <strong>capacit\u00e9 totale de stationnement s\u00e9curis\u00e9<\/strong> en lien avec la <strong>gare Part-Dieu<\/strong>\u2026<\/p>\n<p>Ecoutez aussi :<a href=\"https:\/\/www.lyondemain.fr\/les-bikers-insa-lyon\/\" target=\"_blank\" rel=\"noreferrer noopener\"> Les Bikers : un atelier pour apprendre \u00e0 r\u00e9parer son v\u00e9lo<\/a><\/p>\n<p><img loading=\"lazy\" decoding=\"async\" width=\"1200\" height=\"675\" src=\"https:\/\/www.europesays.com\/fr\/wp-content\/uploads\/2025\/05\/Velostation-racks-de-stationnement.jpg\" alt=\"V\u00e9lostation\" class=\"wp-image-249657\"  \/><br \/>\nJ\u2019aime \u00e7a\u00a0:<\/p>\n<p>J\u2019aime chargement\u2026<\/p>\n<p><a class=\"sd-link-color\"\/><\/p>\n<p>\n\tArticles similaires\n<\/p>\n<p>\t\t\t\t<img decoding=\"async\" src=\"https:\/\/www.europesays.com\/fr\/wp-content\/uploads\/2025\/05\/1748373853_497_7866158698e17e8ed633c05e8f8e7fe5d9e057ad78661c4dc34e413abb6b9f19\" alt=\"G\u00e9rald Bouchon\"\/><\/p>\n<p>Pionnier des radios libres, passionn\u00e9 de radio, journaliste et dirigeant de m\u00e9dias \u00e9co-responsables..<\/p>\n","protected":false},"excerpt":{"rendered":"La nouvelle v\u00e9lostation de la Part-Dieu joue un r\u00f4le crucial dans la facilitation de l\u2019intermodalit\u00e9. En particulier avec&hellip;\n","protected":false},"author":2,"featured_media":132497,"comment_status":"","ping_status":"","sticky":false,"template":"","format":"standard","meta":{"footnotes":""},"categories":[1889],"tags":[1111,11,2430,1777,674,1011,27,25278,5226,23032,2428,25280,10510,12,25283,25,25737,6173,208,21642,3291,25738],"class_list":{"0":"post-132496","1":"post","2":"type-post","3":"status-publish","4":"format-standard","5":"has-post-thumbnail","7":"category-lyon","8":"tag-actu","9":"tag-actualites","10":"tag-auvergne-rhone-alpes","11":"tag-eu","12":"tag-europe","13":"tag-fr","14":"tag-france","15":"tag-gare-lyon-part-dieu","16":"tag-gregory-doucet","17":"tag-la-ville-a-velo","18":"tag-lyon","19":"tag-lyon-parc-auto","20":"tag-metropole-de-lyon","21":"tag-news","22":"tag-parking-a-velos","23":"tag-republique-francaise","24":"tag-securite-a-velo","25":"tag-stationnement","26":"tag-velo","27":"tag-velostation","28":"tag-ville-de-lyon","29":"tag-vol-de-velo"},"share_on_mastodon":{"url":"https:\/\/pubeurope.com\/@fr\/114581436202727156","error":""},"_links":{"self":[{"href":"https:\/\/www.europesays.com\/fr\/wp-json\/wp\/v2\/posts\/132496","targetHints":{"allow":["GET"]}}],"collection":[{"href":"https:\/\/www.europesays.com\/fr\/wp-json\/wp\/v2\/posts"}],"about":[{"href":"https:\/\/www.europesays.com\/fr\/wp-json\/wp\/v2\/types\/post"}],"author":[{"embeddable":true,"href":"https:\/\/www.europesays.com\/fr\/wp-json\/wp\/v2\/users\/2"}],"replies":[{"embeddable":true,"href":"https:\/\/www.europesays.com\/fr\/wp-json\/wp\/v2\/comments?post=132496"}],"version-history":[{"count":0,"href":"https:\/\/www.europesays.com\/fr\/wp-json\/wp\/v2\/posts\/132496\/revisions"}],"wp:featuredmedia":[{"embeddable":true,"href":"https:\/\/www.europesays.com\/fr\/wp-json\/wp\/v2\/media\/132497"}],"wp:attachment":[{"href":"https:\/\/www.europesays.com\/fr\/wp-json\/wp\/v2\/media?parent=132496"}],"wp:term":[{"taxonomy":"category","embeddable":true,"href":"https:\/\/www.europesays.com\/fr\/wp-json\/wp\/v2\/categories?post=132496"},{"taxonomy":"post_tag","embeddable":true,"href":"https:\/\/www.europesays.com\/fr\/wp-json\/wp\/v2\/tags?post=132496"}],"curies":[{"name":"wp","href":"https:\/\/api.w.org\/{rel}","templated":true}]}}