{"id":13251,"date":"2025-04-09T18:12:19","date_gmt":"2025-04-09T18:12:19","guid":{"rendered":"https:\/\/www.europesays.com\/fr\/13251\/"},"modified":"2025-04-09T18:12:19","modified_gmt":"2025-04-09T18:12:19","slug":"psg-aston-villa-meme-pas-peur-a-paris-en-ligue-des-champions-la-crainte-a-change-de-camp","status":"publish","type":"post","link":"https:\/\/www.europesays.com\/fr\/13251\/","title":{"rendered":"PSG-Aston Villa\u00a0: m\u00eame pas peur\u00a0! \u00c0 Paris, en Ligue des champions, la crainte a chang\u00e9 de camp"},"content":{"rendered":"<p class=\"paragraph text_align_left\">Puisque dans l\u2019\u00eele aux gagnants, c\u2019est tous les jours le printemps, voici venu le temps des rires et des chants. Pour la premi\u00e8re fois depuis longtemps, peut-\u00eatre m\u00eame pour la premi\u00e8re fois tout court, le quart de finale de <a href=\"https:\/\/www.leparisien.fr\/sports\/football\/ligue-des-champions\/\" target=\"_blank\" rel=\"nofollow noopener\">Ligue des champions<\/a> qui attend Paris <a href=\"https:\/\/www.leparisien.fr\/sports\/football\/ligue-des-champions\/psg-aston-villa-la-composition-probable-des-parisiens-avec-beraldo-ruiz-et-barcola-titulaires-08-04-2025-425SRFQJ7BG3DBZ66XP6WXTIUI.php\" target=\"_blank\" rel=\"nofollow noopener\">ce mercredi (21 heures) au Parc des Princes<\/a> file, en amont, davantage la banane que les jetons.<\/p>\n<p class=\"paragraph text_align_left\">\u00c0 quelques heures de recevoir les Anglais d\u2019Aston Villa, 7es de Premier League, pas de craintes en tout cas, ni de ces doutes qui semblent accompagner chaque ann\u00e9e le club de la capitale sur la sc\u00e8ne europ\u00e9enne \u00e0 l\u2019approche des matchs couperets.<\/p>\n","protected":false},"excerpt":{"rendered":"Puisque dans l\u2019\u00eele aux gagnants, c\u2019est tous les jours le printemps, voici venu le temps des rires et&hellip;\n","protected":false},"author":2,"featured_media":13252,"comment_status":"","ping_status":"","sticky":false,"template":"","format":"standard","meta":{"footnotes":""},"categories":[1888],"tags":[11,1777,674,63,1011,27,447,12,626,25,60],"class_list":{"0":"post-13251","1":"post","2":"type-post","3":"status-publish","4":"format-standard","5":"has-post-thumbnail","7":"category-paris","8":"tag-actualites","9":"tag-eu","10":"tag-europe","11":"tag-football","12":"tag-fr","13":"tag-france","14":"tag-ligue-des-champions","15":"tag-news","16":"tag-paris","17":"tag-republique-francaise","18":"tag-sports"},"share_on_mastodon":{"url":"https:\/\/pubeurope.com\/@fr\/114309362094717793","error":""},"_links":{"self":[{"href":"https:\/\/www.europesays.com\/fr\/wp-json\/wp\/v2\/posts\/13251","targetHints":{"allow":["GET"]}}],"collection":[{"href":"https:\/\/www.europesays.com\/fr\/wp-json\/wp\/v2\/posts"}],"about":[{"href":"https:\/\/www.europesays.com\/fr\/wp-json\/wp\/v2\/types\/post"}],"author":[{"embeddable":true,"href":"https:\/\/www.europesays.com\/fr\/wp-json\/wp\/v2\/users\/2"}],"replies":[{"embeddable":true,"href":"https:\/\/www.europesays.com\/fr\/wp-json\/wp\/v2\/comments?post=13251"}],"version-history":[{"count":0,"href":"https:\/\/www.europesays.com\/fr\/wp-json\/wp\/v2\/posts\/13251\/revisions"}],"wp:featuredmedia":[{"embeddable":true,"href":"https:\/\/www.europesays.com\/fr\/wp-json\/wp\/v2\/media\/13252"}],"wp:attachment":[{"href":"https:\/\/www.europesays.com\/fr\/wp-json\/wp\/v2\/media?parent=13251"}],"wp:term":[{"taxonomy":"category","embeddable":true,"href":"https:\/\/www.europesays.com\/fr\/wp-json\/wp\/v2\/categories?post=13251"},{"taxonomy":"post_tag","embeddable":true,"href":"https:\/\/www.europesays.com\/fr\/wp-json\/wp\/v2\/tags?post=13251"}],"curies":[{"name":"wp","href":"https:\/\/api.w.org\/{rel}","templated":true}]}}