{"id":132512,"date":"2025-05-27T19:32:16","date_gmt":"2025-05-27T19:32:16","guid":{"rendered":"https:\/\/www.europesays.com\/fr\/132512\/"},"modified":"2025-05-27T19:32:16","modified_gmt":"2025-05-27T19:32:16","slug":"invite-ilia-iachine-son-temoignage-sur-sa-detention-en-russie-apres-avoir-critique-linvasion-de-lukraine-quotidien","status":"publish","type":"post","link":"https:\/\/www.europesays.com\/fr\/132512\/","title":{"rendered":"Invit\u00e9 &#8211; Ilia Iachine : son t\u00e9moignage sur sa d\u00e9tention en Russie apr\u00e8s avoir critiqu\u00e9 l&rsquo;invasion de l&rsquo;Ukraine &#8211; Quotidien"},"content":{"rendered":"<p id=\"descriptionPanel\" aria-labelledby=\"descriptionArrow\" aria-expanded=\"false\" class=\"mr-2 line-clamp-2 pr-2.5 text-secondary overflow-visible\">Ilia Iachine \u00e9tait un \u00e9lu municipal de Moscou avant d&rsquo;\u00eatre arr\u00eat\u00e9 en juin 2022 et condamn\u00e9 \u00e0 huit ans et demi de prison pour avoir critiqu\u00e9 l\u2019invasion de l\u2019Ukraine. Deux ans plus tard, il est lib\u00e9r\u00e9 et vit aujourd&rsquo;hui \u00e0 Berlin. Ilia Iachine est \u00e0 Paris pour rencontrer les \u00e9quipes d\u2019Emmanuel Macron et du gouvernement fran\u00e7ais mais aussi pour nous livrer son t\u00e9moignage sur le plateau de Quotidien.<\/p>\n<p><a class=\"shrink-0\" href=\"https:\/\/www.tf1.fr\/tmc\/quotidien-avec-yann-barthes\" target=\"_blank\" rel=\"noopener\"><img decoding=\"async\" src=\"https:\/\/www.europesays.com\/fr\/wp-content\/uploads\/2025\/04\/program-card-portrait-3-quotidien-2024-v2-66f2e9-45d01d-0@1x.jpg\" width=\"138\" height=\"184\" alt=\"\" loading=\"eager\" fetchpriority=\"auto\" class=\"aspect-[3\/4] h-24 w-auto rounded-3px\" aria-hidden=\"true\"\/><\/a><\/p>\n","protected":false},"excerpt":{"rendered":"Ilia Iachine \u00e9tait un \u00e9lu municipal de Moscou avant d&rsquo;\u00eatre arr\u00eat\u00e9 en juin 2022 et condamn\u00e9 \u00e0 huit&hellip;\n","protected":false},"author":2,"featured_media":132513,"comment_status":"","ping_status":"","sticky":false,"template":"","format":"standard","meta":{"footnotes":""},"categories":[1591],"tags":[11,3483,10698,1887,12,1404,10699,1885,1886,132,10701,10702,10700],"class_list":{"0":"post-132512","1":"post","2":"type-post","3":"status-publish","4":"format-standard","5":"has-post-thumbnail","7":"category-russie","8":"tag-actualites","9":"tag-extrait","10":"tag-extrait-quotidien","11":"tag-federation-de-russie","12":"tag-news","13":"tag-quotidien","14":"tag-quotidien-extrait","15":"tag-russia","16":"tag-russian-federation","17":"tag-russie","18":"tag-streaming-quotidien","19":"tag-video-en-streaming-quotidien","20":"tag-video-quotidien"},"share_on_mastodon":{"url":"https:\/\/pubeurope.com\/@fr\/114581467650360079","error":""},"_links":{"self":[{"href":"https:\/\/www.europesays.com\/fr\/wp-json\/wp\/v2\/posts\/132512","targetHints":{"allow":["GET"]}}],"collection":[{"href":"https:\/\/www.europesays.com\/fr\/wp-json\/wp\/v2\/posts"}],"about":[{"href":"https:\/\/www.europesays.com\/fr\/wp-json\/wp\/v2\/types\/post"}],"author":[{"embeddable":true,"href":"https:\/\/www.europesays.com\/fr\/wp-json\/wp\/v2\/users\/2"}],"replies":[{"embeddable":true,"href":"https:\/\/www.europesays.com\/fr\/wp-json\/wp\/v2\/comments?post=132512"}],"version-history":[{"count":0,"href":"https:\/\/www.europesays.com\/fr\/wp-json\/wp\/v2\/posts\/132512\/revisions"}],"wp:featuredmedia":[{"embeddable":true,"href":"https:\/\/www.europesays.com\/fr\/wp-json\/wp\/v2\/media\/132513"}],"wp:attachment":[{"href":"https:\/\/www.europesays.com\/fr\/wp-json\/wp\/v2\/media?parent=132512"}],"wp:term":[{"taxonomy":"category","embeddable":true,"href":"https:\/\/www.europesays.com\/fr\/wp-json\/wp\/v2\/categories?post=132512"},{"taxonomy":"post_tag","embeddable":true,"href":"https:\/\/www.europesays.com\/fr\/wp-json\/wp\/v2\/tags?post=132512"}],"curies":[{"name":"wp","href":"https:\/\/api.w.org\/{rel}","templated":true}]}}