{"id":132519,"date":"2025-05-27T19:36:14","date_gmt":"2025-05-27T19:36:14","guid":{"rendered":"https:\/\/www.europesays.com\/fr\/132519\/"},"modified":"2025-05-27T19:36:14","modified_gmt":"2025-05-27T19:36:14","slug":"nous-ne-nous-laisserons-pas-faire-en-allemagne-ig-metall-en-lutte-contre-le-tronconnage-de-thyssenkrupp","status":"publish","type":"post","link":"https:\/\/www.europesays.com\/fr\/132519\/","title":{"rendered":"\u00ab\u00a0Nous ne nous laisserons pas faire\u00a0\u00bb\u00a0: en Allemagne, IG Metall en lutte contre le \u00ab\u00a0tron\u00e7onnage\u00a0\u00bb de Thyssenkrupp"},"content":{"rendered":"<p>Le patron du g\u00e9ant historique de la sid\u00e9rurgie Thyssenkrupp, Miguel Lopez, a programm\u00e9 un d\u00e9mant\u00e8lement en r\u00e8gle du groupe. D\u00e9vou\u00e9 depuis plusieurs ann\u00e9es \u00e0 une strat\u00e9gie tr\u00e8s financi\u00e8re, il a fait savoir lundi 26\u00a0mai qu\u2019il entendait \u00ab\u00a0cr\u00e9er une holding flexible\u00a0\u00bb en lieu et place du conglom\u00e9rat industriel actuel.<\/p>\n<p>Objectif\u00a0: s\u00e9parer les principales activit\u00e9s du groupe dans la production d\u2019acier, \u00e9quipements automobiles, \u00e9lectrolyseurs et sous-marins, en autant d\u2019entit\u00e9s autonomes, toutes cot\u00e9es en Bourse et donc soumises au seul diktat de leur rentabilit\u00e9 financi\u00e8re. La concr\u00e9tisation de ce projet signifierait une formidable acc\u00e9l\u00e9ration du processus d\u00e9j\u00e0 bien engag\u00e9 de d\u00e9sindustrialisation dans une Allemagne d\u00e9j\u00e0 touch\u00e9e depuis deux ans par la r\u00e9cession.<\/p>\n<p>Le projet de la direction de Thyssenkrupp a \u00e9t\u00e9 salu\u00e9 imm\u00e9diatement par un bond des actions du groupe de pr\u00e8s de 8\u00a0% \u00e0 la Bourse de Francfort. Une euphorie exactement proportionnelle aux craintes de coupes massives dans l\u2019emploi, voire de disparitions pures et simples de grands sites industriels.<\/p>\n<p>Un v\u00e9ritable \u00ab\u00a0tron\u00e7onnage\u00a0\u00bb<\/p>\n<p>Seules les productions d\u2019engins de guerre comme les sous-marins pourront tirer leur \u00e9pingle du jeu, d\u00e9j\u00e0 dop\u00e9es par les commandes de la Bundeswehr et de l\u2019UE <a href=\"https:\/\/www.humanite.fr\/monde\/commission-europeenne\/le-plan-von-der-layen-800-milliards-pour-rearmer-leurope-et-enrichir-les-marchands-darmes-americains\" rel=\"nofollow noopener\" target=\"_blank\">au nom du \u00ab\u00a0r\u00e9armement de l\u2019Europe\u00a0\u00bb<\/a>, selon l\u2019\u00e9l\u00e9ment de langage destin\u00e9 \u00e0 dissimuler la brutale et dangereuse r\u00e9alit\u00e9 de la course aux armements.<\/p>\n<p>On voit mal, par ailleurs, ce qui pourrait sauver une branche comme celle des \u00e9quipements automobiles, qui essuie d\u00e9j\u00e0 de vertigineux reculs sur ses carnets de commandes. Comme on voit mal comment pourrait \u00eatre sauvegard\u00e9e l\u2019activit\u00e9 de Thyssenkrupp Steel (acier), qui emploie encore 17\u00a0000 salari\u00e9s sur ses sites de production originels \u00e0 Duisburg, dans la Ruhr. <a href=\"https:\/\/www.humanite.fr\/monde\/allemagne\/thyssenkrupp-un-geant-du-capitalisme-rhenan-au-bord-du-vide-696374\" rel=\"nofollow noopener\" target=\"_blank\">Un premier projet de restructuration, pr\u00e9sent\u00e9 \u00e0 l\u2019automne dernier<\/a>, pr\u00e9voyait d\u00e9j\u00e0 quelque 11\u00a0000 suppressions de poste d\u2019ici \u00e0 2030.<\/p>\n<p>J\u00fcrgen Kerner, l\u2019un des dirigeants du syndicat IG Metall dans l\u2019entreprise, a fait savoir solennellement que son organisation refusait \u00ab\u00a0un\u00a0tron\u00e7onnage de l\u2019entreprise en vue d\u2019en livrer peu \u00e0 peu les diff\u00e9rents morceaux \u00e0 la Bourse\u00a0\u00bb.\u00a0Le processus de restructuration est d\u00e9j\u00e0 engag\u00e9 avec les hauts-fourneaux Krupp Mannesmann, situ\u00e9s au sud de la ville et promis \u00e0 la fermeture. Quelque 3\u00a0000 emplois sont menac\u00e9s.<\/p>\n<p>\u00ab\u00a0Nous ne laisserons pas faire\u00a0\u00bb, clame <a href=\"https:\/\/www.humanite.fr\/monde\/allemagne\/mirze-edis-le-combattant-de-lemploi-chez-thyssenkrupp-a-lassaut-du-bundestag\" rel=\"nofollow noopener\" target=\"_blank\">Mirze Edis, un syndicaliste d\u2019IG Metall au profil tr\u00e8s particulier<\/a>\u00a0: candidat sur la liste de Die Linke en f\u00e9vrier, il est devenu d\u00e9put\u00e9 du Bundestag. Une nationalisation sous l\u2019\u00e9gide de la f\u00e9d\u00e9ration allemande ou du Land de Rh\u00e9nanie-du-Nord-Westphalie \u00ab\u00a0est d\u00e9sormais la seule solution pour garder ce site industriel en vie\u00a0\u00bb, lance-t-il.<\/p>\n<p>La revendication est d\u2019autant mieux audible que Thyssenkrupp a re\u00e7u 700\u00a0millions d\u2019euros de subventions du Land en 2024. Sans compter ces autres centaines de millions consentis par la f\u00e9d\u00e9ration \u00e0 l\u2019\u00e9chelle nationale, dans des aides destin\u00e9es \u00e0 produire de l\u2019acier vert sur des hauts-fourneaux fonctionnant avec de l\u2019hydrog\u00e8ne produit par \u00e9lectrolyse de l\u2019eau. Au massacre social annonc\u00e9 s\u2019ajoute ainsi un formidable g\u00e2chis pour l\u2019environnement et le climat.<\/p>\n<p>Aux c\u00f4t\u00e9s de celles et ceux qui luttent\u00a0!<\/p>\n<p>L\u2019urgence sociale, c\u2019est chaque jour la priorit\u00e9 de l\u2019Humanit\u00e9.<\/p>\n<ul class=\"wp-block-list\">\n<li>En exposant la violence patronale.<\/li>\n<li>En montrant ce que vivent celles et ceux qui travaillent et ceux qui aspirent \u00e0 le faire.<\/li>\n<li>En donnant des cl\u00e9s de compr\u00e9hension et des outils aux salari\u00e9.es pour se d\u00e9fendre contre les politiques ultralib\u00e9rales qui d\u00e9gradent leur qualit\u00e9 de vie.<\/li>\n<\/ul>\n<p>Vous connaissez d\u2019autres m\u00e9dias qui font \u00e7a\u00a0? Soutenez-nous\u00a0!<br \/><a href=\"https:\/\/www.humanite.fr\/lhumanite-cest-vous\" rel=\"nofollow noopener\" target=\"_blank\">Je veux en savoir plus.<\/a><\/p>\n","protected":false},"excerpt":{"rendered":"Le patron du g\u00e9ant historique de la sid\u00e9rurgie Thyssenkrupp, Miguel Lopez, a programm\u00e9 un d\u00e9mant\u00e8lement en r\u00e8gle du&hellip;\n","protected":false},"author":2,"featured_media":132520,"comment_status":"","ping_status":"","sticky":false,"template":"","format":"standard","meta":{"footnotes":""},"categories":[1587],"tags":[11,672,1804,1805,1803,25739,1777,674,1801,12,1802,25740,25741],"class_list":{"0":"post-132519","1":"post","2":"type-post","3":"status-publish","4":"format-standard","5":"has-post-thumbnail","7":"category-allemagne","8":"tag-actualites","9":"tag-allemagne","10":"tag-bundesrepublik-deutschland","11":"tag-de","12":"tag-deutschland","13":"tag-du00e9sindustrialisation","14":"tag-eu","15":"tag-europe","16":"tag-germany","17":"tag-news","18":"tag-republique-federale-dallemagne","19":"tag-thyssenkrupp","20":"tag-vente-u00e0-la-du00e9coupe"},"share_on_mastodon":{"url":"https:\/\/pubeurope.com\/@fr\/114581483267255188","error":""},"_links":{"self":[{"href":"https:\/\/www.europesays.com\/fr\/wp-json\/wp\/v2\/posts\/132519","targetHints":{"allow":["GET"]}}],"collection":[{"href":"https:\/\/www.europesays.com\/fr\/wp-json\/wp\/v2\/posts"}],"about":[{"href":"https:\/\/www.europesays.com\/fr\/wp-json\/wp\/v2\/types\/post"}],"author":[{"embeddable":true,"href":"https:\/\/www.europesays.com\/fr\/wp-json\/wp\/v2\/users\/2"}],"replies":[{"embeddable":true,"href":"https:\/\/www.europesays.com\/fr\/wp-json\/wp\/v2\/comments?post=132519"}],"version-history":[{"count":0,"href":"https:\/\/www.europesays.com\/fr\/wp-json\/wp\/v2\/posts\/132519\/revisions"}],"wp:featuredmedia":[{"embeddable":true,"href":"https:\/\/www.europesays.com\/fr\/wp-json\/wp\/v2\/media\/132520"}],"wp:attachment":[{"href":"https:\/\/www.europesays.com\/fr\/wp-json\/wp\/v2\/media?parent=132519"}],"wp:term":[{"taxonomy":"category","embeddable":true,"href":"https:\/\/www.europesays.com\/fr\/wp-json\/wp\/v2\/categories?post=132519"},{"taxonomy":"post_tag","embeddable":true,"href":"https:\/\/www.europesays.com\/fr\/wp-json\/wp\/v2\/tags?post=132519"}],"curies":[{"name":"wp","href":"https:\/\/api.w.org\/{rel}","templated":true}]}}