{"id":132521,"date":"2025-05-27T19:37:09","date_gmt":"2025-05-27T19:37:09","guid":{"rendered":"https:\/\/www.europesays.com\/fr\/132521\/"},"modified":"2025-05-27T19:37:09","modified_gmt":"2025-05-27T19:37:09","slug":"vingt-ans-apres-le-non-au-traite-europeen-leurope-est-elle-encore-un-clivage-a-gauche","status":"publish","type":"post","link":"https:\/\/www.europesays.com\/fr\/132521\/","title":{"rendered":"Vingt ans apr\u00e8s le \u00ab non \u00bb au trait\u00e9 europ\u00e9en, l\u2019Europe est-elle encore un clivage \u00e0 gauche ?"},"content":{"rendered":"<p>\u00c0 deux jours de l\u2019anniversaire du \u00ab\u00a0non\u00a0\u00bb au trait\u00e9 europ\u00e9en de 2005, la gauche a r\u00e9actualis\u00e9 le d\u00e9bat au Palais du Luxembourg. Or vingt ans plus tard, les lignes semblent avoir (un peu) boug\u00e9. Mais avant la r\u00e9conciliation, \u00ab\u00a0on peut commencer par les choses d\u00e9sagr\u00e9ables\u00a0\u00bb, s\u2019amuse Fran\u00e7ois Ruffin. Le d\u00e9put\u00e9 de la Somme retrace le r\u00e9cit de la d\u00e9sindustrialisation de son \u00ab\u00a0coin\u00a0\u00bb qui l\u2019a amen\u00e9 \u00e0 cr\u00e9er le journal Fakir, puis \u00e0 s\u2019engager en politique et rappelle\u00a0: \u00ab\u00a0L\u2019effondrement \u00e9lectoral de la gauche a une base mat\u00e9rielle\u00a0: l\u2019effondrement de la base industrielle \u00e0 cause du libre-\u00e9change. Et le d\u00e9sagr\u00e9able, c\u2019est l\u2019accompagnement de ce processus [par une partie de la gauche] dans une sorte de consensus lib\u00e9ral.\u00a0\u00bb<\/p>\n<p>\u00ab\u00a0Ne pas rejouer le match des deux gauches irr\u00e9conciliables\u00a0\u00bb<\/p>\n<p>Dans un colloque organis\u00e9 par Fran\u00e7ois Kalfon et la d\u00e9l\u00e9gation socialiste fran\u00e7aise au Parlement europ\u00e9en, citer Pascal Lamy \u2013 figure du PS europ\u00e9en et pr\u00e9sident de l\u2019Institut Jacques Delors \u2013 comme avatar de la mondialisation heureuse et de l\u2019OMC rel\u00e8ve effectivement du \u00ab\u00a0d\u00e9sagr\u00e9able.\u00a0\u00bb \u00c0 l\u2019inverse, noter comme Majdouline Sba\u00ef, eurod\u00e9put\u00e9e Les Verts, que les trait\u00e9s europ\u00e9ens et la d\u00e9fense du libre-\u00e9change avaient pour but de \u00ab\u00a0rendre la guerre impossible et \u00e9viter les logiques d\u2019accaparement et de pr\u00e9dation\u00a0\u00bb \u2013 ou comme Philippe Wahl, PDG de la Poste, que \u00ab\u00a0la r\u00e9gulation permet d\u2019aider les entreprises \u00e0 faire un capitalisme et une \u00e9conomie de march\u00e9 plus humaine\u00a0\u00bb \u2013 peut sembler a minima folklorique devant un pourfendeur de la mondialisation comme Fran\u00e7ois Ruffin.<\/p>\n<p>Pour autant, le d\u00e9put\u00e9 de la Somme veut croire \u00e0 un \u00ab\u00a0chemin\u00a0\u00bb de convergence possible \u00e0 gauche sur la question de l\u2019Europe et du libre-\u00e9change. \u00ab\u00a0Depuis le \u2018non\u2019 au trait\u00e9 europ\u00e9en, du flou s\u2019est install\u00e9 des deux c\u00f4t\u00e9s, analyse-t-il. Du c\u00f4t\u00e9 du \u2018non\u2019, on doit admettre qu\u2019il y a eu un boug\u00e9, insuffisant, mais sensible de l\u2019Union europ\u00e9enne et que cela change la donne. Du c\u00f4t\u00e9 du \u2018oui\u2019, les europhiles de l\u2019\u00e9poque voient bien que le dumping fiscal et le libre-\u00e9change tous azimuts posent probl\u00e8me.\u00a0\u00bb Devant Bernard Cazeneuve qui venait de s\u2019installer au premier rang du public pour la table ronde suivante consacr\u00e9e \u00e0 la d\u00e9fense europ\u00e9enne, Fran\u00e7ois Ruffin appelle donc \u00e0 \u00ab\u00a0ne pas rejouer le match des deux gauches irr\u00e9conciliables. \u00ab\u00a0On est dans un moment de d\u00e9passement dialectique de ce qui est en v\u00e9rit\u00e9 une fausse contradiction\u00a0\u00bb, ajoute-t-il.<\/p>\n<p>\u00ab\u00a0La Commission europ\u00e9enne a chang\u00e9 depuis 2014\u00a0\u00bb<\/p>\n<p>Du c\u00f4t\u00e9 de la gauche plus tendance\u00a0Jacques Delors qu\u2019Henri Emmanuelli, on met aussi en avant les \u00e9volutions de l\u2019Europe depuis 2005. \u00ab\u00a0Le Green Deal pr\u00e9voit des chapitres dans les accords commerciaux, c\u2019est ce que l\u2019on appelle les clauses miroirs, mais il y a beaucoup d\u2019autres outils que je pourrai vous d\u00e9tailler, sur la d\u00e9forestation import\u00e9e par exemple. Le but de tout \u00e7a, c\u2019est de r\u00e9\u00e9quilibrer les r\u00e8gles du jeu pour aller vers une prosp\u00e9rit\u00e9 durable\u00a0; et le souci c\u2019est quand ces outils sont attaqu\u00e9s\u00a0\u00bb, d\u00e9fend notamment Majdouline Sba\u00ef, eurod\u00e9put\u00e9e Les Verts. Philippe Wahl a lui aussi apport\u00e9 un t\u00e9moignage des changements qu\u2019il a pu observer au niveau europ\u00e9en en tant qu\u2019acteur \u00e9conomique\u00a0: \u00ab\u00a0La Commission europ\u00e9enne a chang\u00e9 depuis 2014. A l\u2019\u00e9poque, alors que j\u2019alertais sur la concurrence de ce que l\u2019on allait ensuite appeler GAFA, on m\u2019avait dit \u2018vous \u00eates des vieux monopoles, c\u2019est la vie\u2019. Maintenant il y a des pratiques pr\u00e9datrices reconnues par l\u2019Union europ\u00e9enne, et le DMA et le DSA [r\u00e8glements europ\u00e9ens sur le num\u00e9rique] par exemple sont la preuve que l\u2019on peut faire des choses quand on est d\u00e9cid\u00e9.\u00a0\u00bb<\/p>\n<p>Mais une fois l\u2019analyse que les clivages sur la question sont moins intenses \u00e0 gauche, quelle forme pourrait prendre cette \u00ab\u00a0souverainet\u00e9 europ\u00e9enne\u00a0\u00bb, qui pourrait \u00ab\u00a0\u00e9merger face au retour du protectionnisme et de la guerre commerciale, comme le demandait cette table ronde\u00a0? L\u2019\u00e9conomiste et directeur adjoint de l\u2019OFCE, Mathieu Plane, a pu poser les enjeux\u00a0: \u00ab\u00a0Il n\u2019y a qu\u2019\u00e0 l\u2019\u00e9chelle europ\u00e9enne que l\u2019on pourrait r\u00e9pondre \u00e0 l\u2019Inflation Reduction Act (IRA) am\u00e9ricain. Et encore est-ce qu\u2019on pourrait le faire avec le droit de la concurrence europ\u00e9en, ce n\u2019est pas s\u00fbr. Mais cela pose deux questions\u00a0: est-ce que ce saut politique doit se faire en direction d\u2019un f\u00e9d\u00e9ralisme\u00a0? Et comment faire un budget europ\u00e9en ou un imp\u00f4t sur les soci\u00e9t\u00e9s europ\u00e9en quand on a de la concurrence fiscale au sein m\u00eame de l\u2019Union\u00a0?\u00a0\u00bb \u00c0 noter d\u2019ailleurs que toute d\u00e9cision fiscale au niveau europ\u00e9en n\u00e9cessite une unanimit\u00e9 au Conseil europ\u00e9en, c\u2019est-\u00e0-dire une unanimit\u00e9 des chefs d\u2019Etat des pays membres. Un sc\u00e9nario qui suppose donc que l\u2019Irlande, par exemple, saborde sa propre politique fiscale qui lui permet d\u2019afficher une balance commerciale exc\u00e9dentaire de 87\u00a0milliards avec les Etats-Unis.<\/p>\n","protected":false},"excerpt":{"rendered":"\u00c0 deux jours de l\u2019anniversaire du \u00ab\u00a0non\u00a0\u00bb au trait\u00e9 europ\u00e9en de 2005, la gauche a r\u00e9actualis\u00e9 le d\u00e9bat&hellip;\n","protected":false},"author":2,"featured_media":132522,"comment_status":"","ping_status":"","sticky":false,"template":"","format":"standard","meta":{"footnotes":""},"categories":[1586],"tags":[11,1777,674,1011,27,4483,2383,25743,7738,12,25742,8552,25],"class_list":{"0":"post-132521","1":"post","2":"type-post","3":"status-publish","4":"format-standard","5":"has-post-thumbnail","7":"category-europe","8":"tag-actualites","9":"tag-eu","10":"tag-europe","11":"tag-fr","12":"tag-france","13":"tag-francois-ruffin","14":"tag-gauche","15":"tag-jacques-delors","16":"tag-lunion-europeenne","17":"tag-news","18":"tag-palais-du-luxembourg","19":"tag-parlement-europeen","20":"tag-republique-francaise"},"share_on_mastodon":{"url":"https:\/\/pubeurope.com\/@fr\/114581487161416702","error":""},"_links":{"self":[{"href":"https:\/\/www.europesays.com\/fr\/wp-json\/wp\/v2\/posts\/132521","targetHints":{"allow":["GET"]}}],"collection":[{"href":"https:\/\/www.europesays.com\/fr\/wp-json\/wp\/v2\/posts"}],"about":[{"href":"https:\/\/www.europesays.com\/fr\/wp-json\/wp\/v2\/types\/post"}],"author":[{"embeddable":true,"href":"https:\/\/www.europesays.com\/fr\/wp-json\/wp\/v2\/users\/2"}],"replies":[{"embeddable":true,"href":"https:\/\/www.europesays.com\/fr\/wp-json\/wp\/v2\/comments?post=132521"}],"version-history":[{"count":0,"href":"https:\/\/www.europesays.com\/fr\/wp-json\/wp\/v2\/posts\/132521\/revisions"}],"wp:featuredmedia":[{"embeddable":true,"href":"https:\/\/www.europesays.com\/fr\/wp-json\/wp\/v2\/media\/132522"}],"wp:attachment":[{"href":"https:\/\/www.europesays.com\/fr\/wp-json\/wp\/v2\/media?parent=132521"}],"wp:term":[{"taxonomy":"category","embeddable":true,"href":"https:\/\/www.europesays.com\/fr\/wp-json\/wp\/v2\/categories?post=132521"},{"taxonomy":"post_tag","embeddable":true,"href":"https:\/\/www.europesays.com\/fr\/wp-json\/wp\/v2\/tags?post=132521"}],"curies":[{"name":"wp","href":"https:\/\/api.w.org\/{rel}","templated":true}]}}