{"id":132535,"date":"2025-05-27T19:47:10","date_gmt":"2025-05-27T19:47:10","guid":{"rendered":"https:\/\/www.europesays.com\/fr\/132535\/"},"modified":"2025-05-27T19:47:10","modified_gmt":"2025-05-27T19:47:10","slug":"pourquoi-les-critiques-dacosta-sont-plus-quun-avertissement-pour-ktm","status":"publish","type":"post","link":"https:\/\/www.europesays.com\/fr\/132535\/","title":{"rendered":"Pourquoi les critiques d&rsquo;Acosta sont plus qu&rsquo;un avertissement pour KTM"},"content":{"rendered":"<p>\u00c0 Silverstone, une grande majorit\u00e9 des conversations dans le paddock finissaient par \u00e9voquer le conflit entre <a href=\"https:\/\/fr.motorsport.com\/driver\/jorge-martin\/109391\/\" target=\"_blank\" rel=\"noopener\">Jorge Mart\u00edn<\/a> et Aprilia, apr\u00e8s la <a href=\"https:\/\/fr.motorsport.com\/motogp\/news\/martin-rupture-contrat-aprilia-poursuites-judiciaires\/10722029\/\" target=\"_blank\" rel=\"noopener\">demande du champion du monde en titre d&rsquo;\u00eatre lib\u00e9r\u00e9 de la deuxi\u00e8me ann\u00e9e de son contrat avec le constructeur italien<\/a>. Mais alors que la saga continue \u00e0 faire les gros titres, un autre sujet pourrait rapidement susciter l&rsquo;attention.<\/p>\n<p>\u00c0 en juger par ce qu&rsquo;il s&rsquo;est pass\u00e9 \u00e0 Silverstone, tant en piste qu&rsquo;en salle de presse, la relation entre <a href=\"https:\/\/fr.motorsport.com\/driver\/pedro-acosta\/840236\/\" target=\"_blank\" rel=\"noopener\">Pedro Acosta<\/a> pourrait \u00eatre le prochain sujet de d\u00e9bats. M\u00eame si les tensions entre le pilote et son constructeur restent pour le moment sous contr\u00f4le, le r\u00e9cent changement de ton d&rsquo;Acosta ne peut qu&rsquo;\u00eatre que le signe d&rsquo;un ciel qui se couvre.<\/p>\n<p>Dimanche, Acosta a pris la sixi\u00e8me place, son deuxi\u00e8me meilleur r\u00e9sultat de l&rsquo;ann\u00e9e un dimanche apr\u00e8s la quatri\u00e8me position au Mans. Mais le r\u00e9sultat au Grand Prix de France avait \u00e9t\u00e9 influenc\u00e9 par la pluie et il est loin de repr\u00e9senter une r\u00e9f\u00e9rence encourageante, l&rsquo;Espagnol ayant vu l&rsquo;arriv\u00e9e \u00e0 29 secondes de <a href=\"https:\/\/fr.motorsport.com\/driver\/johann-zarco\/96107\/\" target=\"_blank\" rel=\"noopener\">Johann Zarco<\/a>. \u00c0 Silverstone, le retard sur <a href=\"https:\/\/fr.motorsport.com\/driver\/marco-bezzecchi\/441839\/\" target=\"_blank\" rel=\"noopener\">Marco Bezzecchi<\/a> n&rsquo;\u00e9tait que de sept secondes, son plus faible cette ann\u00e9e.<\/p>\n<p>Mais le double champion du monde, en Moto3 puis Moto2, n&rsquo;a pu que pointer une KTM qui \u00ab\u00a0n&rsquo;a pas la quantit\u00e9 de grip\u00a0\u00bb des autres motos. En plus de d\u00e9plorer les faiblesses de sa propre machine, Acosta a aussi remarqu\u00e9 les progr\u00e8s de la concurrence\u00a0: \u00ab\u00a0J&rsquo;ai entendu que Yamaha avait apport\u00e9 un nouveau ch\u00e2ssis ici et ils ont fait la pole et ont failli gagner la course.\u00a0\u00bb<\/p>\n<p>Lire aussi :<\/p>\n<p>Surtout, ses d\u00e9clarations sonnent de moins en moins comme des plaintes et de plus en plus comme un avertissement, si ce n&rsquo;est une menace, face \u00e0 la situation actuelle\u00a0: \u00ab\u00a0Je ne l&rsquo;accepte pas et je ne suis pas patient. Les opportunit\u00e9s ne se pr\u00e9sentent qu&rsquo;une fois dans la vie. Et je ne vais pas employer toute ma vie pour \u00eatre champion dans ce championnat.\u00a0\u00bb<\/p>\n<p>Plus t\u00f4t dans le week-end, il avait l\u00e2ch\u00e9 un \u00e9nigmatique\u00a0\u00ab\u00a0m\u00eame les meilleurs mariages se brisent\u00a0\u00bb en r\u00e9f\u00e9rence \u00e0 Mart\u00edn et Aprilia, mais qu&rsquo;il \u00e9tait facile d&rsquo;associer \u00e0 sa propre situation.<\/p>\n<p>Une instabilit\u00e9 financi\u00e8re mais un contrat bien verrouill\u00e9<\/p>\n<p>KTM a d\u00fb g\u00e9rer crise sur crise ces derniers mois, avec parfois la sensation que l&rsquo;ensemble de l&rsquo;organisation \u00e9tait menac\u00e9e. Jusqu&rsquo;\u00e0 la semaine derni\u00e8re, la viabilit\u00e9 financi\u00e8re de l&rsquo;entreprise restait incertaine. Une <a href=\"https:\/\/fr.motorsport.com\/motogp\/news\/ktm-obtient-fonds-survie-bajaj\/10725133\/\" target=\"_blank\" rel=\"noopener\">injection de 600 millions d&rsquo;euros de Bajaj<\/a>, l&rsquo;un des principaux actionnaires du groupe aux c\u00f4t\u00e9s de Stefan Pierer, a permis de gagner du temps, m\u00eame s&rsquo;il reste \u00e0 voir quelle part de cette somme arrivera jusqu&rsquo;au d\u00e9partement MotoGP.<\/p>\n<p>   <img decoding=\"async\" draggable=\"false\" src=\"https:\/\/www.europesays.com\/fr\/wp-content\/uploads\/2025\/05\/1748375230_446_pedro-acosta-red-bull-ktm-fact.jpg\" alt=\"Pedro Acosta, Red Bull KTM Factory Racing\" width=\"1200\" height=\"800\" loading=\"lazy\"\/> <\/p>\n<p class=\"title\">Pedro Acosta<\/p>\n<p class=\"photographer\">Photo de: KTM Images<\/p>\n<p>D&rsquo;apr\u00e8s les informations de <strong>Motorsport.com<\/strong>, le conglom\u00e9rat indien a m\u00eame envisag\u00e9 un retrait du championnat au cours des derni\u00e8res semaines. Mais les perspectives \u00e0 long terme, notamment le <a href=\"https:\/\/fr.motorsport.com\/motogp\/news\/motogp-officialise-reglement-technique-2027\/10607624\/\" target=\"_blank\" rel=\"noopener\">nouveau r\u00e8glement en 2027<\/a> et <a href=\"https:\/\/fr.motorsport.com\/motogp\/news\/liberty-rachat-motogp-approuver-sans-condition-ue\/10711317\/\" target=\"_blank\" rel=\"noopener\">l&rsquo;arriv\u00e9e imminente de Liberty Media comme promoteur du championnat<\/a>, semblent suffisamment prometteuses pour maintenir le programme de KTM en MotoGP. Un retour \u00e0 uniquement deux motos d&rsquo;usine pourrait n\u00e9anmoins se dessiner, un certain myst\u00e8re quant \u00e0 l&rsquo;association avec Tech3 apr\u00e8s 2026 ayant \u00e9t\u00e9 maintenu \u00e0 Silverstone.<\/p>\n<p>Lire aussi :<\/p>\n<p>Pour Acosta, une simple survie du programme n&rsquo;est pas suffisante. Il veut, et on lui a promis, les outils pour se battre \u00e0 l&rsquo;avant. Actuellement, KTM n&rsquo;est tout simplement pas en mesure de les lui offrir. Mais comme Aprilia avec Mart\u00edn, la marque s&rsquo;accroche aux termes du contrat actuel avec son pilote. \u00ab\u00a0Je ne commenterai pas la situation de Mart\u00edn et Aprilia\u00a0\u00bb, je n&rsquo;ai pas parl\u00e9 avec eux\u00a0\u00bb, a d\u00e9clar\u00e9 Pit Beirer, patron de KTM Motorpsorts, \u00e0 Silverstone, quelques heures avant les propos d&rsquo;Acosta. \u00ab\u00a0Nous sommes satisfaits de notre \u00e9quipe et nos pilotes ne sont pas sur le march\u00e9 pour l&rsquo;an prochain.\u00a0\u00bb<\/p>\n<p>Quel que soit l&rsquo;angle sous lequel on l&rsquo;analyse, la situation est compliqu\u00e9e. Pour KTM, perdre Acosta est inimaginable car il repr\u00e9sente son avenir. Pour Acosta, continuer \u00e0 ce degr\u00e9 de frustration n&rsquo;est pas tenable, et il ne manque pas de courtisans. Toujours selon <strong>Motorsport.com<\/strong>, VR46 fait partie des \u00e9quipes les plus d\u00e9sireuses de le recruter, probablement d\u00e8s 2026.<\/p>\n<p>Cela d\u00e9pendra naturellement de sa capacit\u00e9 \u00e0 mettre fin \u00e0 son contrat avec KTM pr\u00e9matur\u00e9ment, ce qui ne sera pas simple, surtout que l&rsquo;accord ne semble pas \u00eatre enrichi de clauses comme celle que Mart\u00edn souhaite activer pour se s\u00e9parer d&rsquo;Aprilia.<\/p>\n<p>Les int\u00e9r\u00eats de Mart\u00edn sont repr\u00e9sent\u00e9s par Albert Valera, \u00e9galement agent d&rsquo;Acosta, et c&rsquo;est gr\u00e2ce \u00e0 une clause tr\u00e8s similaire que le champion du monde 2024 avait pu se s\u00e9parer de KTM en 2020 et faire ses d\u00e9buts en MotoGP avec Pramac et Ducati l&rsquo;ann\u00e9e suivante. Depuis cet \u00e9pisode rest\u00e9 douloureux en interne, KTM a <a href=\"https:\/\/fr.motorsport.com\/motogp\/news\/depart-jorge-martin-pousse-ktm-contrats-serieux\/10361138\/\" target=\"_blank\" rel=\"noopener\">significativement renforc\u00e9 ses contrats pour \u00e9viter de revivre une telle situation<\/a>.<\/p>\n<p>Lire aussi :<\/p>\n<p>Dans cet article<\/p>\n<p>    Oriol Puigdemont\n<\/p>\n<p>    MotoGP\n<\/p>\n<p>    Pedro Acosta\n<\/p>\n<p>    Red Bull KTM Factory Racing\n<\/p>\n<p>Soyez le premier inform\u00e9 et souscrivez aux alertes mails pour recevoir les infos en temps r\u00e9el<\/p>\n<p>    S&rsquo;abonner aux alertes de news<\/p>\n","protected":false},"excerpt":{"rendered":"\u00c0 Silverstone, une grande majorit\u00e9 des conversations dans le paddock finissaient par \u00e9voquer le conflit entre Jorge Mart\u00edn&hellip;\n","protected":false},"author":2,"featured_media":132536,"comment_status":"","ping_status":"","sticky":false,"template":"","format":"standard","meta":{"footnotes":""},"categories":[1413],"tags":[1011,27,1457,1456,1458,3070,3068,60],"class_list":{"0":"post-132535","1":"post","2":"type-post","3":"status-publish","4":"format-standard","5":"has-post-thumbnail","7":"category-moto","8":"tag-fr","9":"tag-france","10":"tag-moto","11":"tag-motocycle","12":"tag-motogp","13":"tag-pedro-acosta","14":"tag-red-bull-ktm-factory-racing","15":"tag-sports"},"share_on_mastodon":{"url":"https:\/\/pubeurope.com\/@fr\/114581526549118876","error":""},"_links":{"self":[{"href":"https:\/\/www.europesays.com\/fr\/wp-json\/wp\/v2\/posts\/132535","targetHints":{"allow":["GET"]}}],"collection":[{"href":"https:\/\/www.europesays.com\/fr\/wp-json\/wp\/v2\/posts"}],"about":[{"href":"https:\/\/www.europesays.com\/fr\/wp-json\/wp\/v2\/types\/post"}],"author":[{"embeddable":true,"href":"https:\/\/www.europesays.com\/fr\/wp-json\/wp\/v2\/users\/2"}],"replies":[{"embeddable":true,"href":"https:\/\/www.europesays.com\/fr\/wp-json\/wp\/v2\/comments?post=132535"}],"version-history":[{"count":0,"href":"https:\/\/www.europesays.com\/fr\/wp-json\/wp\/v2\/posts\/132535\/revisions"}],"wp:featuredmedia":[{"embeddable":true,"href":"https:\/\/www.europesays.com\/fr\/wp-json\/wp\/v2\/media\/132536"}],"wp:attachment":[{"href":"https:\/\/www.europesays.com\/fr\/wp-json\/wp\/v2\/media?parent=132535"}],"wp:term":[{"taxonomy":"category","embeddable":true,"href":"https:\/\/www.europesays.com\/fr\/wp-json\/wp\/v2\/categories?post=132535"},{"taxonomy":"post_tag","embeddable":true,"href":"https:\/\/www.europesays.com\/fr\/wp-json\/wp\/v2\/tags?post=132535"}],"curies":[{"name":"wp","href":"https:\/\/api.w.org\/{rel}","templated":true}]}}