{"id":132539,"date":"2025-05-27T19:49:09","date_gmt":"2025-05-27T19:49:09","guid":{"rendered":"https:\/\/www.europesays.com\/fr\/132539\/"},"modified":"2025-05-27T19:49:09","modified_gmt":"2025-05-27T19:49:09","slug":"giro-tour-ditalie-egan-bernal-jai-chute-on-peut-dire-que-je-men-sors-bien","status":"publish","type":"post","link":"https:\/\/www.europesays.com\/fr\/132539\/","title":{"rendered":"Giro. Tour d&rsquo;Italie &#8211; Egan Bernal : \u00abJ&rsquo;ai chut\u00e9&#8230; on peut dire que je m&rsquo;en sors bien\u00bb"},"content":{"rendered":"<p>Cette journ\u00e9e du mardi 27 mai aurait clairement pu \u00eatre meilleure pour\u00a0<strong>Egan Bernal\u00a0<\/strong>et son \u00e9quipe<strong>\u00a0INEOS Grenadiers<\/strong>&#8230; mais elle aurait aussi pu \u00eatre bien pire !\u00a0Apr\u00e8s avoir d\u00e9j\u00e0 perdu sur chute <strong><a href=\"https:\/\/www.cyclismactu.net\/..\/news-tour-d-italie-route-joshua-tarling-abandonne-apres-une-violente-chute-sur-16e-etape-88073.html\" target=\"_blank\" rel=\"nofollow noopener\">Joshua Tarling<\/a><\/strong>\u00a0au d\u00e9but de cette 16e \u00e9tape, la premi\u00e8re grande \u00e9tape de montagne de ce <strong><a href=\"https:\/\/www.cyclismactu.net\/..\/news-giro-route-tour-d-italie-christian-scaroni-s-offre-une-16e-etape-folle-general-chamboule-88076.html\" target=\"_blank\" rel=\"nofollow noopener\">Tour d&rsquo;Italie<\/a><\/strong>, c&rsquo;est ensuite le leader colombien qui est all\u00e9 au sol en cours de route. M\u00eame si sa chute semblait sur le coup anodine et qu&rsquo;il a pu repartir, <strong>Bernal<\/strong> a ensuite accus\u00e9 le coup, \u00e9tant rapidement d\u00e9croch\u00e9 du groupe des favoris dans\u00a0l&rsquo;avant derni\u00e8re ascension du jour, Santa Barbara. On le pensait alors parti pour une fin d&rsquo;\u00e9tape gal\u00e8re&#8230; Mais le vainqueur du <strong>Tour de France 2019<\/strong> a comme toujours fait preuve d&rsquo;une \u00e9norme abn\u00e9gation et n&rsquo;a rien l\u00e2ch\u00e9, revenant au courage avant de plut\u00f4t bien limiter la casse dans l&rsquo;ultime mont\u00e9e. Finalement 11e sur la ligne et 6e des favoris, il reprend m\u00eame du temps au maillot Rose <strong><a href=\"https:\/\/www.cyclismactu.net\/..\/news-giro-route-tour-d-italie-isaac-del-toro-pas-d-excuse-j-ai-beaucoup-souffert-88080.html\" target=\"_blank\" rel=\"nofollow noopener\">Isaac Del Toro<\/a><\/strong> et remonte au 6e rang du g\u00e9n\u00e9ral, \u00e0 3&rsquo;23\u00a0\u00bb du Mexicain.<\/p>\n<p>Vid\u00e9o &#8211; Le r\u00e9sum\u00e9 de cette 16e \u00e9tape compl\u00e8tement folle Lire la suite de l&rsquo;article&#13;<\/p>\n<p>\u00a0<\/p>\n<p>&#13;<br \/>\n\u00ab\u00a0Si je n&rsquo;ai pas abandonn\u00e9 en cinq ans, je n&rsquo;abandonnerai pas en un jour\u00a0\u00bb&#13;<\/p>\n<p>\u00ab\u00a0Ce fut une journ\u00e9e difficile\u00a0\u00bb, a confirm\u00e9\u00a0<strong>Egan Bernal<\/strong> dans le communiqu\u00e9 publi\u00e9n par la formation britannique. \u00ab\u00a0J&rsquo;ai chut\u00e9 et j&rsquo;ai eu beaucoup de mal \u00e0 retrouver mes bonnes sensations par la suite. J&rsquo;\u00e9tais d\u00e9j\u00e0 distanc\u00e9 dans l&rsquo;avant-derni\u00e8re mont\u00e9e et je pensais perdre beaucoup de temps. J&rsquo;ai continu\u00e9 \u00e0 me battre et \u00e0 croire en moi, et j&rsquo;ai r\u00e9ussi \u00e0 revenir sur les autres favoris. Tout bien consid\u00e9r\u00e9, on peut dire que je m&rsquo;en suis bien sorti, m\u00eame si j&rsquo;ai aussi perdu du temps sur plusieurs coureurs du classement g\u00e9n\u00e9ral.\u00a0Le classement g\u00e9n\u00e9ral a beaucoup chang\u00e9 en une seule \u00e9tape de montagne, et il en reste encore trois. On grimpe le Mortirolo demain (mercredi), par exemple. Mais je vais continuer \u00e0 me battre. M\u00eame si je suis un peu crev\u00e9, mon plan est d&rsquo;attaquer et de tenter ma chance. Si je n&rsquo;ai pas abandonn\u00e9 en cinq ans, je n&rsquo;abandonnerai pas en un jour\u00a0\u00bb, a-t-il conclu, toujours aussi vaillant et combatif.<\/p>\n<p>Tour d&rsquo;Italie &#8211; Classement de la 16\u00e8 \u00e9tape Tour d&rsquo;Italie &#8211; Classement g\u00e9n\u00e9ral provisoire apr\u00e8s la 16\u00e8 \u00e9tape<\/p>\n","protected":false},"excerpt":{"rendered":"Cette journ\u00e9e du mardi 27 mai aurait clairement pu \u00eatre meilleure pour\u00a0Egan Bernal\u00a0et son \u00e9quipe\u00a0INEOS Grenadiers&#8230; mais elle&hellip;\n","protected":false},"author":2,"featured_media":132540,"comment_status":"","ping_status":"","sticky":false,"template":"","format":"standard","meta":{"footnotes":""},"categories":[1411],"tags":[1154,207,1011,27,209,60,3318,208],"class_list":{"0":"post-132539","1":"post","2":"type-post","3":"status-publish","4":"format-standard","5":"has-post-thumbnail","7":"category-cyclisme","8":"tag-cycling","9":"tag-cyclisme","10":"tag-fr","11":"tag-france","12":"tag-route","13":"tag-sports","14":"tag-tour-d","15":"tag-velo"},"share_on_mastodon":{"url":"https:\/\/pubeurope.com\/@fr\/114581534468499314","error":""},"_links":{"self":[{"href":"https:\/\/www.europesays.com\/fr\/wp-json\/wp\/v2\/posts\/132539","targetHints":{"allow":["GET"]}}],"collection":[{"href":"https:\/\/www.europesays.com\/fr\/wp-json\/wp\/v2\/posts"}],"about":[{"href":"https:\/\/www.europesays.com\/fr\/wp-json\/wp\/v2\/types\/post"}],"author":[{"embeddable":true,"href":"https:\/\/www.europesays.com\/fr\/wp-json\/wp\/v2\/users\/2"}],"replies":[{"embeddable":true,"href":"https:\/\/www.europesays.com\/fr\/wp-json\/wp\/v2\/comments?post=132539"}],"version-history":[{"count":0,"href":"https:\/\/www.europesays.com\/fr\/wp-json\/wp\/v2\/posts\/132539\/revisions"}],"wp:featuredmedia":[{"embeddable":true,"href":"https:\/\/www.europesays.com\/fr\/wp-json\/wp\/v2\/media\/132540"}],"wp:attachment":[{"href":"https:\/\/www.europesays.com\/fr\/wp-json\/wp\/v2\/media?parent=132539"}],"wp:term":[{"taxonomy":"category","embeddable":true,"href":"https:\/\/www.europesays.com\/fr\/wp-json\/wp\/v2\/categories?post=132539"},{"taxonomy":"post_tag","embeddable":true,"href":"https:\/\/www.europesays.com\/fr\/wp-json\/wp\/v2\/tags?post=132539"}],"curies":[{"name":"wp","href":"https:\/\/api.w.org\/{rel}","templated":true}]}}