{"id":132547,"date":"2025-05-27T19:54:17","date_gmt":"2025-05-27T19:54:17","guid":{"rendered":"https:\/\/www.europesays.com\/fr\/132547\/"},"modified":"2025-05-27T19:54:17","modified_gmt":"2025-05-27T19:54:17","slug":"je-lengueule-tres-souvent-marie-denarnaud-celine-raconte-les-coulisses-hilarantes-de-ses-scenes-avec-bruno-sanches-gilles","status":"publish","type":"post","link":"https:\/\/www.europesays.com\/fr\/132547\/","title":{"rendered":"\u00ab\u00a0Je l&rsquo;engueule tr\u00e8s souvent !\u00a0\u00bb Marie Denarnaud (C\u00e9line) raconte les coulisses hilarantes de ses sc\u00e8nes avec Bruno Sanches (Gilles)"},"content":{"rendered":"<p>Une nouvelle aventure in\u00e9dite de HPI d\u00e9barque en ce jeudi 29 mai 2025 sur TF1. Un \u00e9pisode savoureux dans lequel C\u00e9line (Marie Denarnaud) va devoir mettre les points sur les i avec Gilles (Bruno Sanches)&#8230; Episode culte en vue !<\/p>\n<p>Qui dit jeudi, dit HPI ! Ce jeudi 29 mai 2025, TF1 poursuit la diffusion de <a href=\"https:\/\/www.programme-tv.net\/news\/series-tv\/378658-hpi-faut-il-regarder-la-saison-5-inedite-de-la-serie-avec-audrey-fleurot-morgane-et-mehdi-nebbou-karadec-notre-avis\/\" data-api-deeplink=\"teleloisirs:\/\/news\/378658\" rel=\"nofollow noopener\" target=\"_blank\">sa cinqui\u00e8me et derni\u00e8re saison de HPI<\/a>, marqu\u00e9e par<a href=\"https:\/\/www.programme-tv.net\/news\/series-tv\/378911-hpi-ce-netait-pas-prevu-decouvrez-pourquoi-morgane-audrey-fleurot-a-emmenage-chez-karadec-mehdi-nebbou\/\" data-api-deeplink=\"teleloisirs:\/\/news\/378911\" rel=\"nofollow noopener\" target=\"_blank\"> la colocation aux raisons surprenantes entre Karadec (Mehdi Nebbou) et Morgane (Audrey Fleurot)<\/a> et la gestion de <a href=\"https:\/\/www.programme-tv.net\/news\/series-tv\/378756-hpi-parfois-entre-deux-scenes-ce-n-est-plus-le-meme-audrey-fleurot-devoile-la-verite-sur-le-bebe-de-morgane\/\" data-api-deeplink=\"teleloisirs:\/\/news\/378756\" rel=\"nofollow noopener\" target=\"_blank\">leur b\u00e9b\u00e9 aux multiples secrets<\/a>. Pour cet \u00e9pisode in\u00e9dit intitul\u00e9e Effet Barnum, dans lequel <a href=\"https:\/\/www.programme-tv.net\/news\/series-tv\/378182-hpi-bonne-nouvelle-pour-les-fans-de-la-serie-avec-audrey-fleurot-ce-personnage-emblematique-est-de-retour-dans-la-derniere-saison\/\" data-api-deeplink=\"teleloisirs:\/\/news\/378182\" rel=\"nofollow noopener\" target=\"_blank\">un personnage embl\u00e9matique fait son retour<\/a>, C\u00e9line (Marie Denarnaud) va apprendre qu&rsquo;Afida (Myra Tyliann) est une ancienne compagne de prison de Morgane (Audrey Fleurot). Une nouvelle qui va avoir des cons\u00e9quences inattendues, et, surtout, nous permettre d&rsquo;assister \u00e0 des sc\u00e8nes absolument savoureuses entre nos deux personnages pr\u00e9f\u00e9r\u00e9s, \u00e0 savoir C\u00e9line (Marie Denarnaud) et Gilles (Bruno Sanches).<\/p>\n<p>HPI : \u00ab\u00a0Je l&rsquo;engueule tr\u00e8s souvent! \u00ab\u00a0, Marie Denarnaud (C\u00e9line) raconte les coulisses hilarantes de ses sc\u00e8nes avec Bruno Sanches (Gilles)<\/p>\n<p>Si ces sc\u00e8nes de com\u00e9die sont un plaisir pour le t\u00e9l\u00e9spectateur, elles ne sont pas forc\u00e9ment les plus simples \u00e0 g\u00e9rer pour les com\u00e9diens, qui doivent garder leur s\u00e9rieux. Pr\u00e9sente \u00e0 Lille en mars dernier, \u00e0 l&rsquo;occasion du festival S\u00e9ries Mania, Marie Denarnaud (C\u00e9line) nous a fait quelques r\u00e9v\u00e9lations \u00e0 ce sujet. \u00ab\u00a0En fait \u00e7a d\u00e9pend des r\u00e9alisateurs. Il y en a avec qui on peut s&rsquo;autoriser pas mal de fous rires, d&rsquo;autres avec qui c&rsquo;est plus compliqu\u00e9 parce qu&rsquo;on a des \u00e9normes journ\u00e9es. Et c&rsquo;est vrai que <b>si \u00e7a commence \u00e0 d\u00e9raper, \u00e7a peut \u00eatre sans fin<\/b>\u00a0\u00bb s&rsquo;amuse-t-elle, avant de nous balancer le nom de son coll\u00e8gue le plus dissip\u00e9 : \u00ab\u00a0C&rsquo;est Bruno [Sanches ndlr] ! Je l&rsquo;engueule tr\u00e8s souvent, parce qu&rsquo;il est tr\u00e8s prompt au fou rire. D&rsquo;ailleurs, parfois j&rsquo;enguelle mes coll\u00e8gues comme C\u00e9line pourrait les engueuler. Du coup, \u00e7a nous fait rire aussi&#8230;\u00a0\u00bb.<\/p>\n<p>                        HPI : \u00ab\u00a0je peux avoir un c\u00f4t\u00e9 relou\u00a0\u00bb avoue avec humourr Marie Denarnaud<\/p>\n<p>Une joyeuse ambiance qui n&#8217;emp\u00eache pas le travail pour celle qui avoue son c\u00f4t\u00e9 un peu \u00ab\u00a0trouble f\u00eate\u00a0\u00bb : \u00ab\u00a0C&rsquo;est vrai que je peux avoir un c\u00f4t\u00e9 relou, parce que vu les journ\u00e9es qu&rsquo;on a, il ne faut pas que \u00e7a dure trop longtemps. J&rsquo;aime bien les plateaux o\u00f9 on est calmes et concentr\u00e9s. Mais parfois ils sont capables de faire n&rsquo;importe quoi \u00a0\u00bb explique, hilare, la com\u00e9dienne aux sujets des autres com\u00e9diens. Et au vu de <a href=\"https:\/\/www.programme-tv.net\/news\/series-tv\/374667-audrey-fleurot-et-mehdi-nebbou-creent-l-hysterie-avec-l-equipe-de-hpi-a-la-ceremonie-de-cloture-de-series-mania-photos\/\" data-api-deeplink=\"teleloisirs:\/\/news\/374667\" rel=\"nofollow noopener\" target=\"_blank\">la belle complicit\u00e9 qui unit les acteurs<\/a>, on veut bien la croire !<\/p>\n<p><b>En attendant de d\u00e9couvrir les nouveaux \u00e9pisodes de HPI, les plus impatients peuvent revoir les quatre premi\u00e8res saisons sur TF1+.<\/b><\/p>\n","protected":false},"excerpt":{"rendered":"Une nouvelle aventure in\u00e9dite de HPI d\u00e9barque en ce jeudi 29 mai 2025 sur TF1. Un \u00e9pisode savoureux&hellip;\n","protected":false},"author":2,"featured_media":132548,"comment_status":"","ping_status":"","sticky":false,"template":"","format":"standard","meta":{"footnotes":""},"categories":[1356],"tags":[25752,244,58,59,1011,27,21261,25751,5249,10395,129,252,199,1364],"class_list":{"0":"post-132547","1":"post","2":"type-post","3":"status-publish","4":"format-standard","5":"has-post-thumbnail","7":"category-television","8":"tag-bruno-sanches","9":"tag-commentaire","10":"tag-divertissement","11":"tag-entertainment","12":"tag-fr","13":"tag-france","14":"tag-hpi","15":"tag-marie-denarnaud","16":"tag-mytf1-max","17":"tag-pub-streaming","18":"tag-svod","19":"tag-television","20":"tag-tf1","21":"tag-tv"},"share_on_mastodon":{"url":"https:\/\/pubeurope.com\/@fr\/114581554031682268","error":""},"_links":{"self":[{"href":"https:\/\/www.europesays.com\/fr\/wp-json\/wp\/v2\/posts\/132547","targetHints":{"allow":["GET"]}}],"collection":[{"href":"https:\/\/www.europesays.com\/fr\/wp-json\/wp\/v2\/posts"}],"about":[{"href":"https:\/\/www.europesays.com\/fr\/wp-json\/wp\/v2\/types\/post"}],"author":[{"embeddable":true,"href":"https:\/\/www.europesays.com\/fr\/wp-json\/wp\/v2\/users\/2"}],"replies":[{"embeddable":true,"href":"https:\/\/www.europesays.com\/fr\/wp-json\/wp\/v2\/comments?post=132547"}],"version-history":[{"count":0,"href":"https:\/\/www.europesays.com\/fr\/wp-json\/wp\/v2\/posts\/132547\/revisions"}],"wp:featuredmedia":[{"embeddable":true,"href":"https:\/\/www.europesays.com\/fr\/wp-json\/wp\/v2\/media\/132548"}],"wp:attachment":[{"href":"https:\/\/www.europesays.com\/fr\/wp-json\/wp\/v2\/media?parent=132547"}],"wp:term":[{"taxonomy":"category","embeddable":true,"href":"https:\/\/www.europesays.com\/fr\/wp-json\/wp\/v2\/categories?post=132547"},{"taxonomy":"post_tag","embeddable":true,"href":"https:\/\/www.europesays.com\/fr\/wp-json\/wp\/v2\/tags?post=132547"}],"curies":[{"name":"wp","href":"https:\/\/api.w.org\/{rel}","templated":true}]}}