{"id":132553,"date":"2025-05-27T19:57:08","date_gmt":"2025-05-27T19:57:08","guid":{"rendered":"https:\/\/www.europesays.com\/fr\/132553\/"},"modified":"2025-05-27T19:57:08","modified_gmt":"2025-05-27T19:57:08","slug":"les-rayons-uv-a-lorigine-de-80-des-melanomes-dans-le-monde","status":"publish","type":"post","link":"https:\/\/www.europesays.com\/fr\/132553\/","title":{"rendered":"Les rayons UV \u00e0 l\u2019origine de 80% des m\u00e9lanomes dans le monde"},"content":{"rendered":"<p>Les m\u00e9lanomes, qui d\u00e9signent des cancers de la peau, sont en forte augmentation ces derni\u00e8res ann\u00e9es, selon une agence de l\u2019OMS, notamment du fait de la pratique accrue du bronzage ou des voyages vers des zones \u00e0 fort rayonnement.<\/p>\n<p class=\"fig-paragraph\">Le\u00a0<a href=\"https:\/\/sante.lefigaro.fr\/sante\/maladie\/melanome\/quest-ce-que-cest\" target=\"_blank\" data-fig-type=\"Keyword\" rel=\"noopener\" data-gtm-custom-categorie=\"navigation\" data-gtm-custom-action=\"crossclick\" data-gtm-custom-label=\"Contextuel\" data-gtm-event=\"customEventSPE\" data-fig-domain=\"SANTE\">m\u00e9lanome cutan\u00e9<\/a>, en forte augmentation mais g\u00e9n\u00e9ralement \u00e9vitable, est attribuable dans plus de 80% des cas \u00e0 l&rsquo;exposition aux rayons ultraviolets (UV), selon une nouvelle estimation de chercheurs du Centre international de recherche sur le cancer (CIRC) diffus\u00e9e mardi. Sur pr\u00e8s de 332.000 cas de m\u00e9lanome cutan\u00e9 dans le monde en 2022, environ 267.000 \u00e9taient caus\u00e9s par les rayons UV, soit 83%, \u00e9value cette \u00e9tude publi\u00e9e dans l&rsquo;International Journal of Cancer (IJC). Ce cancer a caus\u00e9 58.700 d\u00e9c\u00e8s cette ann\u00e9e-l\u00e0. La proportion de cas li\u00e9s aux UV \u00e9tait plus \u00e9lev\u00e9e chez les hommes (86%) que chez les femmes (79%), note aussi le CIRC dans un communiqu\u00e9.<\/p>\n<p class=\"fig-paragraph\">Autre observation: \u00able fardeau du m\u00e9lanome cutan\u00e9 diff\u00e8re consid\u00e9rablement d&rsquo;une r\u00e9gion du monde \u00e0 l&rsquo;autre, en raison de la combinaison de diff\u00e9rents niveaux d&rsquo;exposition aux rayons UV et d&rsquo;un risque de d\u00e9velopper un m\u00e9lanome cutan\u00e9 beaucoup plus \u00e9lev\u00e9 chez les populations \u00e0 la peau claire\u00bb, r\u00e9sume cette agence sp\u00e9cialis\u00e9e de l&rsquo;<a href=\"https:\/\/www.lefigaro.fr\/tag\/oms\" target=\"_blank\" rel=\"noopener\" data-gtm-custom-categorie=\"navigation\" data-gtm-custom-action=\"crossclick\" data-gtm-custom-label=\"Contextuel\" data-gtm-event=\"customEventSPE\">Organisation mondiale de la sant\u00e9<\/a>\u00a0(OMS). Les r\u00e9gions affichant les taux les plus \u00e9lev\u00e9s de ce cancer attribuable aux UV (plus de 95%) \u00e9taient ainsi l&rsquo;Australie\/la Nouvelle-Z\u00e9lande, l&rsquo;Europe du Nord et l&rsquo;Am\u00e9rique du nord.<\/p>\n<p>Intensifier les efforts en mati\u00e8re de protection solaire<\/p>\n<p class=\"fig-paragraph\">Alors que le m\u00e9lanome cutan\u00e9 \u00e9tait \u00abune maladie rare dans le pass\u00e9\u00bb, l&rsquo;exposition accrue aux UV ces derni\u00e8res d\u00e9cennies -bronzage, voyages dans des r\u00e9gions \u00e0 fort rayonnement, etc., a provoqu\u00e9 une forte hausse des cas de cette pathologie, notamment chez les populations \u00e0 la peau claire, a point\u00e9 le CIRC. Et si les taux d&rsquo;incidence chez les plus jeunes g\u00e9n\u00e9rations ont diminu\u00e9 dans de nombreux pays o\u00f9 les taux \u00e9taient historiquement plus \u00e9lev\u00e9s, la croissance et le vieillissement de la population devraient entra\u00eener une augmentation nette substantielle du nombre de cas de m\u00e9lanome cutan\u00e9 diagnostiqu\u00e9s chaque ann\u00e9e.<\/p>\n<p class=\"fig-paragraph\">Une projection r\u00e9cente anticipe plus de 510.000 nouveaux cas et 96.000 d\u00e9c\u00e8s en 2040, soit une augmentation de 50% et 68% respectivement, a rappel\u00e9 l&rsquo;agence de l&rsquo;OMS. Or, \u00abla plupart des cas de m\u00e9lanome cutan\u00e9 sont \u00e9vitables\u00bb, a soulign\u00e9 Oliver Langselius, auteur principal de l&rsquo;\u00e9tude, cit\u00e9 dans le communiqu\u00e9, insistant notamment sur \u00able besoin urgent d&rsquo;intensifier les efforts de sant\u00e9 publique en mati\u00e8re de protection solaire\u00bb, en particulier dans les r\u00e9gions \u00e0 haut risque et parmi les populations vieillissantes.<\/p>\n<p class=\"fig-paragraph\">Le m\u00e9lanome, tumeur cutan\u00e9e grave, ressemble \u00e0 un grain de beaut\u00e9 mais souvent avec les caract\u00e9ristiques suivantes\u00a0: asym\u00e9trie, bords irr\u00e9guliers, plusieurs couleurs, grossissement ou changement d&rsquo;aspect. Si le nombre de nouveaux cas par an a connu une augmentation r\u00e9guli\u00e8re ces deux ou trois derni\u00e8res d\u00e9cennies, le d\u00e9pistage s&rsquo;est am\u00e9lior\u00e9 et de nouveaux traitements sont apparus.<\/p>\n","protected":false},"excerpt":{"rendered":"Les m\u00e9lanomes, qui d\u00e9signent des cancers de la peau, sont en forte augmentation ces derni\u00e8res ann\u00e9es, selon une&hellip;\n","protected":false},"author":2,"featured_media":132554,"comment_status":"","ping_status":"","sticky":false,"template":"","format":"standard","meta":{"footnotes":""},"categories":[10],"tags":[8704,47,8699,8707,8706,4988,1011,27,8705,72,8700,5362,226,224,8701,225,8702,298,71,8703,801,227],"class_list":{"0":"post-132553","1":"post","2":"type-post","3":"status-publish","4":"format-standard","5":"has-post-thumbnail","7":"category-sante","8":"tag-actu-sante","9":"tag-actualite","10":"tag-actualite-sante","11":"tag-conseil-medical","12":"tag-conseils-medicaux","13":"tag-forme","14":"tag-fr","15":"tag-france","16":"tag-guide-des-medicaments","17":"tag-health","18":"tag-info-sante","19":"tag-magazine-sante","20":"tag-maladie","21":"tag-medecine","22":"tag-medical","23":"tag-medicament","24":"tag-nutrition-et-sante","25":"tag-psychologie","26":"tag-sante","27":"tag-sexualite","28":"tag-social","29":"tag-traitement"},"share_on_mastodon":{"url":"https:\/\/pubeurope.com\/@fr\/114581565897607608","error":""},"_links":{"self":[{"href":"https:\/\/www.europesays.com\/fr\/wp-json\/wp\/v2\/posts\/132553","targetHints":{"allow":["GET"]}}],"collection":[{"href":"https:\/\/www.europesays.com\/fr\/wp-json\/wp\/v2\/posts"}],"about":[{"href":"https:\/\/www.europesays.com\/fr\/wp-json\/wp\/v2\/types\/post"}],"author":[{"embeddable":true,"href":"https:\/\/www.europesays.com\/fr\/wp-json\/wp\/v2\/users\/2"}],"replies":[{"embeddable":true,"href":"https:\/\/www.europesays.com\/fr\/wp-json\/wp\/v2\/comments?post=132553"}],"version-history":[{"count":0,"href":"https:\/\/www.europesays.com\/fr\/wp-json\/wp\/v2\/posts\/132553\/revisions"}],"wp:featuredmedia":[{"embeddable":true,"href":"https:\/\/www.europesays.com\/fr\/wp-json\/wp\/v2\/media\/132554"}],"wp:attachment":[{"href":"https:\/\/www.europesays.com\/fr\/wp-json\/wp\/v2\/media?parent=132553"}],"wp:term":[{"taxonomy":"category","embeddable":true,"href":"https:\/\/www.europesays.com\/fr\/wp-json\/wp\/v2\/categories?post=132553"},{"taxonomy":"post_tag","embeddable":true,"href":"https:\/\/www.europesays.com\/fr\/wp-json\/wp\/v2\/tags?post=132553"}],"curies":[{"name":"wp","href":"https:\/\/api.w.org\/{rel}","templated":true}]}}