{"id":132561,"date":"2025-05-27T20:01:11","date_gmt":"2025-05-27T20:01:11","guid":{"rendered":"https:\/\/www.europesays.com\/fr\/132561\/"},"modified":"2025-05-27T20:01:11","modified_gmt":"2025-05-27T20:01:11","slug":"la-france-pointee-du-doigt","status":"publish","type":"post","link":"https:\/\/www.europesays.com\/fr\/132561\/","title":{"rendered":"la France point\u00e9e du doigt"},"content":{"rendered":"<p>Vrai coupable\u00a0ou simple diversion ? Un mois apr\u00e8s la coupure de courant massive en Espagne et au Portugal, un sujet a fait irruption dans le d\u00e9bat public\u00a0: le responsable de la panne serait le manque d&rsquo;\u00e9lectricit\u00e9 \u00e9chang\u00e9e entre les pays europ\u00e9ens \u00e0 ce moment, et notamment entre la p\u00e9ninsule Ib\u00e9rique et la France.<\/p>\n<p>C&rsquo;est en tout cas ce qu&rsquo;a affirm\u00e9 la ministre portugaise de l&rsquo;\u00c9nergie, Maria da\u00a0Gra\u00e7a\u00a0Carvalho, tr\u00e8s critique envers Paris alors m\u00eame que les causes exactes de l&rsquo;incident n&rsquo;ont pas \u00e9t\u00e9 identifi\u00e9es.<\/p>\n<p>Il y a quelques jours en effet, celle-ci a exhort\u00e9 l&rsquo;ex\u00e9cutif europ\u00e9en\u00a0\u00e0 r\u00e9pondre \u00e0 ce \u00ab\u00a0probl\u00e8me \u00bb : dans une lettre adress\u00e9e au\u00a0commissaire \u00e0 l&rsquo;\u00c9nergie, Dan J\u00f8rgensen, et <a href=\"https:\/\/www.contexte.com\/medias\/pdf\/medias-documents\/2025\/5\/spain-portugal-interconnections-letter-to-commission-7gGb.pdf\" target=\"_blank\" rel=\"noopener\">publi\u00e9e par Contexte<\/a>, elle demande, aux c\u00f4t\u00e9s de son\u00a0homologue espagnole Sara Aagesen, \u00ab\u00a0une nouvelle impulsion politique\u00a0\u00bb pour r\u00e9pondre au \u00ab besoin\u00a0urgent d&rsquo;acc\u00e9l\u00e9rer la r\u00e9alisation des interconnexions \u00e9lectriques \u00bb. Et pour cause :\u00a0si l&rsquo;Hexagone avait pu leur envoyer son surplus d&rsquo;\u00e9lectricit\u00e9 \u00e0 travers des lignes \u00e0 haute tension, la situation aurait \u00e9t\u00e9 tout autre, sous-entendent-elles dans le courrier.<\/p>\n","protected":false},"excerpt":{"rendered":"Vrai coupable\u00a0ou simple diversion ? Un mois apr\u00e8s la coupure de courant massive en Espagne et au Portugal,&hellip;\n","protected":false},"author":2,"featured_media":132562,"comment_status":"","ping_status":"","sticky":false,"template":"","format":"standard","meta":{"footnotes":""},"categories":[6],"tags":[17,35,1129,19928,33,34,123,1011,27,4027,10899,25753,6996],"class_list":{"0":"post-132561","1":"post","2":"type-post","3":"status-publish","4":"format-standard","5":"has-post-thumbnail","7":"category-economie","8":"tag-17","9":"tag-business","10":"tag-climat","11":"tag-doigt","12":"tag-economie","13":"tag-economy","14":"tag-espagne","15":"tag-fr","16":"tag-france","17":"tag-grande","18":"tag-panne","19":"tag-pointee","20":"tag-portugal"},"share_on_mastodon":{"url":"https:\/\/pubeurope.com\/@fr\/114581581755683052","error":""},"_links":{"self":[{"href":"https:\/\/www.europesays.com\/fr\/wp-json\/wp\/v2\/posts\/132561","targetHints":{"allow":["GET"]}}],"collection":[{"href":"https:\/\/www.europesays.com\/fr\/wp-json\/wp\/v2\/posts"}],"about":[{"href":"https:\/\/www.europesays.com\/fr\/wp-json\/wp\/v2\/types\/post"}],"author":[{"embeddable":true,"href":"https:\/\/www.europesays.com\/fr\/wp-json\/wp\/v2\/users\/2"}],"replies":[{"embeddable":true,"href":"https:\/\/www.europesays.com\/fr\/wp-json\/wp\/v2\/comments?post=132561"}],"version-history":[{"count":0,"href":"https:\/\/www.europesays.com\/fr\/wp-json\/wp\/v2\/posts\/132561\/revisions"}],"wp:featuredmedia":[{"embeddable":true,"href":"https:\/\/www.europesays.com\/fr\/wp-json\/wp\/v2\/media\/132562"}],"wp:attachment":[{"href":"https:\/\/www.europesays.com\/fr\/wp-json\/wp\/v2\/media?parent=132561"}],"wp:term":[{"taxonomy":"category","embeddable":true,"href":"https:\/\/www.europesays.com\/fr\/wp-json\/wp\/v2\/categories?post=132561"},{"taxonomy":"post_tag","embeddable":true,"href":"https:\/\/www.europesays.com\/fr\/wp-json\/wp\/v2\/tags?post=132561"}],"curies":[{"name":"wp","href":"https:\/\/api.w.org\/{rel}","templated":true}]}}