{"id":132563,"date":"2025-05-27T20:02:09","date_gmt":"2025-05-27T20:02:09","guid":{"rendered":"https:\/\/www.europesays.com\/fr\/132563\/"},"modified":"2025-05-27T20:02:09","modified_gmt":"2025-05-27T20:02:09","slug":"la-distribution-de-laide-humanitaire-encadree-par-larmee-israelienne-degenere","status":"publish","type":"post","link":"https:\/\/www.europesays.com\/fr\/132563\/","title":{"rendered":"la distribution de l\u2019aide humanitaire encadr\u00e9e par l\u2019arm\u00e9e isra\u00e9lienne d\u00e9g\u00e9n\u00e8re"},"content":{"rendered":"<p>Des milliers de personnes ont envahi le site dans le sud de l\u2019enclave. Isra\u00ebl, qui accuse le Hamas de d\u00e9tourner l\u2019aide \u00e0 son profit, tente sans grand succ\u00e8s de la contr\u00f4ler.<\/p>\n<p class=\"fig-paragraph\">Des dizaines de milliers de personnes ont envahi, mardi apr\u00e8s-midi, le site d\u2019al Alam, dans le sud de la bande de Gaza, o\u00f9 \u00e9tait ouvert, pour la deuxi\u00e8me journ\u00e9e cons\u00e9cutive, un point de\u00a0<a href=\"http:\/\/www.lefigaro.fr\/international\/des-animaux-ne-pourraient-pas-vivre-ici-trouver-de-l-eau-du-bois-de-la-nourriture-echapper-aux-bombes-a-gaza-le-recit-d-un-cauchemar-sans-fin-20250520\" target=\"_blank\" data-fig-type=\"Article\" rel=\"noopener nofollow\" data-gtm-custom-categorie=\"navigation\" data-gtm-custom-action=\"crossclick\" data-gtm-custom-label=\"Contextuel\" data-gtm-event=\"customEventSPE\" data-fig-domain=\"LEFIGARO\">distribution de nourriture<\/a>\u00a0encadr\u00e9 par l\u2019arm\u00e9e isra\u00e9lienne.<\/p>\n<p class=\"fig-paragraph\">Sur des vid\u00e9os et des photos partag\u00e9es par les Palestiniens de Gaza, on peut voir une mar\u00e9e humaine se d\u00e9versant dans cette zone d\u00e9sertique, o\u00f9 des remblais de sable et des barri\u00e8res m\u00e9talliques avaient \u00e9t\u00e9 \u00e9rig\u00e9s par l\u2019arm\u00e9e isra\u00e9lienne. \u00ab Les gens ont tout pris, raconte un Palestinien vivant dans la bande de Gaza. L\u2019arm\u00e9e isra\u00e9lienne ne contr\u00f4lait rien. Ils ont pris les grillages, les fils, m\u00eame les tables pour la distribution\u00a0!\u00a0\u00bb<\/p>\n<p class=\"fig-paragraph\">La\u00a0<a href=\"http:\/\/www.lefigaro.fr\/international\/ces-enfants-risquent-de-mourir-dans-les-prochains-jours-le-blocus-d-israel-a-gaza-aggrave-la-famine-20250513\" target=\"_blank\" data-fig-type=\"Article\" rel=\"noopener nofollow\" data-gtm-custom-categorie=\"navigation\" data-gtm-custom-action=\"crossclick\" data-gtm-custom-label=\"Contextuel\" data-gtm-event=\"customEventSPE\" data-fig-domain=\"LEFIGARO\">bande de Gaza a \u00e9t\u00e9 plac\u00e9e sous blocus total<\/a>\u00a0depuis le 2 mars, avec un timide retour de l\u2019aide humanitaire il y a une dizaine de jours. Pas assez pour \u00e9loigner le spectre de la famine. \u00ab On n\u2019a rien\u00a0! On a besoin d\u2019essence, de PQ, de savon, de tout\u00a0! C\u2019est nul ce qu\u2019ils nous donnent\u00a0!\u00a0\u00bb<\/p>\n<p class=\"fig-premium-paywall__infos\">\n        Cet article est r\u00e9serv\u00e9 aux abonn\u00e9s.        Il vous reste 77% \u00e0 d\u00e9couvrir.\n    <\/p>\n<p>                <img  data- alt=\"Le Figaro\" class=\"fig-img--complete fig-img\"\/><\/p>\n<p class=\"fig-premium-paywall__title\">Vente Flash<\/p>\n<p class=\"fig-premium-paywall__subtitle\">4,99\u20ac par mois pendant 12 mois. Sans engagement.<\/p>\n<p class=\"fig-premium-paywall__connect\">\n                D\u00e9j\u00e0 abonn\u00e9\u00a0?                <a class=\"fig-premium-paywall__connect-link\" href=\"https:\/\/connect.lefigaro.fr\/login?client=horizon_web&amp;type=main&amp;redirect_uri=https%3A%2F%2Fwww.lefigaro.fr%2Finternational%2Fgaza-la-distribution-de-l-aide-humanitaire-encadree-par-l-armee-israelienne-degenere-20250527\" data-js-gtm=\"{&quot;customCategorie&quot;: &quot;conversion&quot;, &quot;customAction&quot;: &quot;before_Landing_Connexion_paywall_auto&quot;, &quot;customLabel&quot;: &quot;bGVmaWdhcm8uZnJfXzFmMDNiMTg0LTFmYzgtNjUyZS05OTY3LTgxYmQ2N2YwMTk5OF9fQXJ0aWNsZQ==_Gaza\u00a0: la distribution de l\u2019aide humanitaire encadr\u00e9e par l\u2019arm\u00e9e isra\u00e9lienne d\u00e9g\u00e9n\u00e8re_308&quot;, &quot;customIDSPE&quot;: &quot;bGVmaWdhcm8uZnJfXzFmMDNiMTg0LTFmYzgtNjUyZS05OTY3LTgxYmQ2N2YwMTk5OF9fQXJ0aWNsZQ==&quot;, &quot;event&quot;: &quot;customEventSPE&quot;}\" rel=\"nofollow noopener\" target=\"_blank\"><br \/>\n                    Connectez-vous<br \/>\n                <\/a>\n            <\/p>\n","protected":false},"excerpt":{"rendered":"Des milliers de personnes ont envahi le site dans le sud de l\u2019enclave. Isra\u00ebl, qui accuse le Hamas&hellip;\n","protected":false},"author":2,"featured_media":132564,"comment_status":"","ping_status":"","sticky":false,"template":"","format":"standard","meta":{"footnotes":""},"categories":[5],"tags":[259,11,260,1011,27,665,14,664,261,12,262,28],"class_list":{"0":"post-132563","1":"post","2":"type-post","3":"status-publish","4":"format-standard","5":"has-post-thumbnail","7":"category-international","8":"tag-actualite-internationale","9":"tag-actualites","10":"tag-affaires-etrangeres","11":"tag-fr","12":"tag-france","13":"tag-gaza","14":"tag-international","15":"tag-israel","16":"tag-ministere-des-affaires-etrangeres","17":"tag-news","18":"tag-politique-etrangere","19":"tag-world"},"share_on_mastodon":{"url":"https:\/\/pubeurope.com\/@fr\/114581585576745102","error":""},"_links":{"self":[{"href":"https:\/\/www.europesays.com\/fr\/wp-json\/wp\/v2\/posts\/132563","targetHints":{"allow":["GET"]}}],"collection":[{"href":"https:\/\/www.europesays.com\/fr\/wp-json\/wp\/v2\/posts"}],"about":[{"href":"https:\/\/www.europesays.com\/fr\/wp-json\/wp\/v2\/types\/post"}],"author":[{"embeddable":true,"href":"https:\/\/www.europesays.com\/fr\/wp-json\/wp\/v2\/users\/2"}],"replies":[{"embeddable":true,"href":"https:\/\/www.europesays.com\/fr\/wp-json\/wp\/v2\/comments?post=132563"}],"version-history":[{"count":0,"href":"https:\/\/www.europesays.com\/fr\/wp-json\/wp\/v2\/posts\/132563\/revisions"}],"wp:featuredmedia":[{"embeddable":true,"href":"https:\/\/www.europesays.com\/fr\/wp-json\/wp\/v2\/media\/132564"}],"wp:attachment":[{"href":"https:\/\/www.europesays.com\/fr\/wp-json\/wp\/v2\/media?parent=132563"}],"wp:term":[{"taxonomy":"category","embeddable":true,"href":"https:\/\/www.europesays.com\/fr\/wp-json\/wp\/v2\/categories?post=132563"},{"taxonomy":"post_tag","embeddable":true,"href":"https:\/\/www.europesays.com\/fr\/wp-json\/wp\/v2\/tags?post=132563"}],"curies":[{"name":"wp","href":"https:\/\/api.w.org\/{rel}","templated":true}]}}