{"id":132569,"date":"2025-05-27T20:05:10","date_gmt":"2025-05-27T20:05:10","guid":{"rendered":"https:\/\/www.europesays.com\/fr\/132569\/"},"modified":"2025-05-27T20:05:10","modified_gmt":"2025-05-27T20:05:10","slug":"loire-une-plaque-devoilee-apres-le-meurtre-de-la-rue-colette-personne-noubliera-yusupha","status":"publish","type":"post","link":"https:\/\/www.europesays.com\/fr\/132569\/","title":{"rendered":"Loire. Une plaque d\u00e9voil\u00e9e apr\u00e8s le meurtre de la rue Colette\u00a0: \u00ab\u00a0Personne n\u2019oubliera Yusupha\u00a0\u00bb"},"content":{"rendered":"<p>\u00ab\u00a0Pour mon papa Yusupha. Awa\u00a0\u00bb. Le bouquet de fleurs tr\u00f4ne au milieu de la sc\u00e8ne devant les diff\u00e9rents intervenants. Ce mardi 27\u00a0mai, peu apr\u00e8s 15 h 30, une c\u00e9r\u00e9monie d\u2019hommage \u00e0 Yusupha York s\u2019est tenue \u00e0 l\u2019endroit o\u00f9 ce jeune homme de 26 ans a perdu la vie le 26\u00a0mai 2021, poignard\u00e9 \u00e0 mort.<\/p>\n<p>  \u00ab\u00a0C\u2019\u00e9tait mon ami, mon fr\u00e8re.\u00a0\u00bb<\/p>\n<p>L\u2019\u00e9motion est forte. Elle sera \u00e0 son comble au moment o\u00f9 Laetitia, Abou et Awa vont lever le voile sur la plaque qui tr\u00f4ne d\u00e9sormais devant le 7C rue Colette dans le quartier de la M\u00e9tare \u00e0 Saint-\u00c9tienne.<\/p>\n<p>Abou Kourouma est l\u2019ami de Yusupha York. Celui avec qui il a affront\u00e9 toutes les gal\u00e8res avant de rejoindre la France, il y a quelques ann\u00e9es. P\u00e9trifi\u00e9 par l\u2019\u00e9motion et la peine, il essaie de raconter son compagnon\u00a0: \u00ab\u00a0C\u2019\u00e9tait mon ami, mon fr\u00e8re.\u00a0\u00bb La voix \u00e9trangl\u00e9e par les sanglots, il rembobine le fil de leur histoire\u00a0: \u00ab\u00a0Nous avions quitt\u00e9 notre village en Gambie pour rejoindre le S\u00e9n\u00e9gal puis le Niger avant l\u2019Alg\u00e9rie et la Libye. Le pays \u00e9tait en guerre et nous avions \u00e9t\u00e9 vendus par les rebelles.\u00a0\u00bb<\/p>\n<p>Le grand gaillard, passionn\u00e9 de boxe, poursuit\u00a0: \u00ab\u00a0Nous avons \u00e9t\u00e9 enferm\u00e9s pendant un an en prison.\u00a0\u00bb Ils avaient r\u00e9ussi \u00e0 fuir en cassant les portes de leur ge\u00f4le avant de fuir. Ensemble. \u00ab\u00a0\u00c0 ce moment-l\u00e0, on s\u2019est promis de ne jamais s\u2019abandonner.\u00a0\u00bb Le duo parvient ensuite \u00e0 gagner l\u2019Italie et la r\u00e9gion des Pouilles. \u00c0 Foggia, ils vont travailler dans les champs, ramassant des tomates dans des conditions pas toujours simples.<\/p>\n<p>Peut-\u00eatre une des raisons qui a pouss\u00e9 Yusupha, \u00ab\u00a0fan de body-building\u00a0\u00bb \u00e0 vouloir rejoindre la France. Abou Kourouma, lui, est moins d\u00e9termin\u00e9 et propose \u00e0 son ami de le laisser partir en pionnier. \u00ab\u00a0Je te rejoins quand je pourrai le faire\u00a0\u00bb, lui dit-il. Tous deux sont rest\u00e9s en contact en s\u2019appelant tous les jours. \u00ab\u00a0On s\u2019\u00e9tait promis de se retrouver.\u00a0\u00bb<\/p>\n<p>  Pr\u00eate \u00e0 poursuivre le combat pour Yusupha<\/p>\n<p>Mais un jour, Yusupha ne r\u00e9pond plus. Son ami apprendra la triste nouvelle de son d\u00e9c\u00e8s un peu plus tard alors qu\u2019il se trouve \u00e0 Lyon. Il va d\u00e8s lors rejoindre le combat de la compagne de son ami, Laetitia Barlaud. Pour tenter de \u00ab\u00a0faire vivre cette belle \u00e2me \u00e0 travers les yeux de sa fille\u00a0\u00bb et de tous ceux qui l\u2019ont c\u00f4toy\u00e9.<\/p>\n<p>\u00ab\u00a0Cette plaque, c\u2019est pour que son souvenir demeure et que les gens qui habitent le quartier sachent ce qu\u2019il s\u2019est pass\u00e9 il y a quatre ans\u00a0\u00bb, explique Laetitia Barlaud. Cette derni\u00e8re, accompagn\u00e9e de sa fille Awa, est forte et ne veut pas laisser transpara\u00eetre ses \u00e9motions. Comme pour prot\u00e9ger sa prog\u00e9niture qui souffre d\u00e9j\u00e0 \u00e9norm\u00e9ment de la perte de son papa. \u00ab\u00a0Elle est toujours suivie par un m\u00e9decin. Elle a du mal \u00e0 dormir. La nuit, des fois, elle joue \u00e0 cache-cache avec Yusupha. Elle dit qu\u2019elle le voit\u00a0\u00bb, d\u00e9taille cette maman enferm\u00e9e dans une peine incommensurable. La jeune femme ne dig\u00e8re pas que l\u2019un des accus\u00e9s, condamn\u00e9, soit toujours en fuite. Et qu\u2019un autre ait \u00e9t\u00e9 remis en libert\u00e9 \u00e0 cause de probl\u00e8mes de sant\u00e9. Mais cette derni\u00e8re fait face\u00a0: \u00ab\u00a0Personne n\u2019oubliera Yusupha et ce qu\u2019il s\u2019est pass\u00e9 \u00e0 cet endroit. Il restera une trace de lui et de son passage ici\u00a0\u00bb, le poing serr\u00e9, en promettant de poursuivre le combat, pour Yusupha. Et nul doute que dans les jours \u00e0 venir, comme elle le fait depuis quatre ans, elle appellera la famille de son d\u00e9funt conjoint pour leur donner des nouvelles d\u2019Awa et montrera \u00e0 ses oncles, toutes les belles photos de l\u2019hommage rendu \u00e0 l\u2019un des leurs.<\/p>\n","protected":false},"excerpt":{"rendered":"\u00ab\u00a0Pour mon papa Yusupha. Awa\u00a0\u00bb. Le bouquet de fleurs tr\u00f4ne au milieu de la sc\u00e8ne devant les diff\u00e9rents&hellip;\n","protected":false},"author":2,"featured_media":132570,"comment_status":"","ping_status":"","sticky":false,"template":"","format":"standard","meta":{"footnotes":""},"categories":[9653],"tags":[1111,11,2430,271,272,7539,1777,674,274,107,1011,27,3367,12,25,4001,7538,104],"class_list":{"0":"post-132569","1":"post","2":"type-post","3":"status-publish","4":"format-standard","5":"has-post-thumbnail","7":"category-saint-etienne","8":"tag-actu","9":"tag-actualites","10":"tag-auvergne-rhone-alpes","11":"tag-crime","12":"tag-delit-et-contravention","13":"tag-edition-loire-sud","14":"tag-eu","15":"tag-europe","16":"tag-faits-divers-justice","17":"tag-fil-info","18":"tag-fr","19":"tag-france","20":"tag-loire","21":"tag-news","22":"tag-republique-francaise","23":"tag-saint-etienne","24":"tag-saint-etienne-ville","25":"tag-societe"},"share_on_mastodon":{"url":"https:\/\/pubeurope.com\/@fr\/114581597602225018","error":""},"_links":{"self":[{"href":"https:\/\/www.europesays.com\/fr\/wp-json\/wp\/v2\/posts\/132569","targetHints":{"allow":["GET"]}}],"collection":[{"href":"https:\/\/www.europesays.com\/fr\/wp-json\/wp\/v2\/posts"}],"about":[{"href":"https:\/\/www.europesays.com\/fr\/wp-json\/wp\/v2\/types\/post"}],"author":[{"embeddable":true,"href":"https:\/\/www.europesays.com\/fr\/wp-json\/wp\/v2\/users\/2"}],"replies":[{"embeddable":true,"href":"https:\/\/www.europesays.com\/fr\/wp-json\/wp\/v2\/comments?post=132569"}],"version-history":[{"count":0,"href":"https:\/\/www.europesays.com\/fr\/wp-json\/wp\/v2\/posts\/132569\/revisions"}],"wp:featuredmedia":[{"embeddable":true,"href":"https:\/\/www.europesays.com\/fr\/wp-json\/wp\/v2\/media\/132570"}],"wp:attachment":[{"href":"https:\/\/www.europesays.com\/fr\/wp-json\/wp\/v2\/media?parent=132569"}],"wp:term":[{"taxonomy":"category","embeddable":true,"href":"https:\/\/www.europesays.com\/fr\/wp-json\/wp\/v2\/categories?post=132569"},{"taxonomy":"post_tag","embeddable":true,"href":"https:\/\/www.europesays.com\/fr\/wp-json\/wp\/v2\/tags?post=132569"}],"curies":[{"name":"wp","href":"https:\/\/api.w.org\/{rel}","templated":true}]}}