{"id":13257,"date":"2025-04-09T18:15:12","date_gmt":"2025-04-09T18:15:12","guid":{"rendered":"https:\/\/www.europesays.com\/fr\/13257\/"},"modified":"2025-04-09T18:15:12","modified_gmt":"2025-04-09T18:15:12","slug":"cet-agriculteur-qui-mene-le-boycott-americain","status":"publish","type":"post","link":"https:\/\/www.europesays.com\/fr\/13257\/","title":{"rendered":"cet agriculteur qui m\u00e8ne le boycott am\u00e9ricain"},"content":{"rendered":"<p>Apr\u00e8s <a class=\"link \" href=\"https:\/\/www.lepoint.fr\/monde\/sur-tiktok-les-canadiens-expliquent-comment-boycotter-les-produits-americains-apres-l-augmentation-des-droits-de-douane-03-02-2025-2581450_24.php\" rel=\"nofollow noopener\" target=\"_blank\" data-ylk=\"slk:le Canada;elm:context_link;itc:0;sec:content-canvas\">le Canada<\/a>, <a class=\"link \" href=\"https:\/\/www.lepoint.fr\/economie\/face-a-trump-les-pays-d-europe-du-nord-appellent-au-boycott-03-03-2025-2583742_28.php\" rel=\"nofollow noopener\" target=\"_blank\" data-ylk=\"slk:la Su\u00e8de ou le Danemark;elm:context_link;itc:0;sec:content-canvas\">la Su\u00e8de ou le Danemark<\/a>, c&rsquo;est au tour de la France de voir \u00e9merger des appels aux boycotts de produits et services am\u00e9ricains. Car depuis la <a class=\"link \" href=\"https:\/\/www.lepoint.fr\/monde\/tarifs-douaniers-inutile-de-chercher-il-n-y-a-aucune-logique-economique-chez-donald-trump-03-04-2025-2586455_24.php\" rel=\"nofollow noopener\" target=\"_blank\" data-ylk=\"slk:hausse des tarifs douaniers impos\u00e9s par Donald Trump;elm:context_link;itc:0;sec:content-canvas\">hausse des tarifs douaniers impos\u00e9s par Donald Trump<\/a>, entr\u00e9e en vigueur samedi pour plus de\u00a0180\u00a0pays et territoires, la col\u00e8re gronde parmi les consommateurs. D&rsquo;apr\u00e8s une \u00e9tude Ifop pour NYC.fr r\u00e9alis\u00e9e du\u00a014\u00a0au 17\u00a0mars\u00a02025\u00a0aupr\u00e8s de 1\u00a0000 Fran\u00e7ais, la cote de sympathie des \u00c9tats-Unis\u00a0\u00ab\u00a0chute de mani\u00e8re spectaculaire\u00a0\u00bb (25\u00a0%), tombant \u00e0 son niveau le plus bas des\u00a040\u00a0derni\u00e8res ann\u00e9es.<\/p>\n<p>Selon le m\u00eame sondage, l&rsquo;attractivit\u00e9 des \u00c9tats-Unis, comme lieu de travail ou d&rsquo;\u00e9tudes, a aussi radicalement diminu\u00e9, mais aussi pour du tourisme. Enfin une nette majorit\u00e9 de Fran\u00e7ais soutiennent les appels au boycott des produits am\u00e9ricains pour protester contre la politique de Donald Trump.<\/p>\n<p>Dans ce contexte-l\u00e0 naissent sur les r\u00e9seaux des hashtags #BoycottUSA et des groupes Facebook. En France, le plus gros groupe sur le r\u00e9seau social de Meta regroupe pr\u00e8s de 30\u00a0000 membres. Il s&rsquo;appelle <a class=\"link \" href=\"https:\/\/www.facebook.com\/groups\/1847392999339948\/?locale=fr_FR\" rel=\"nofollow noopener\" target=\"_blank\" data-ylk=\"slk:\u00ab\u00a0BOYCOTT USA\u00a0: Achetez fran\u00e7ais et europ\u00e9en\u00a0!\u00a0\u00bb;elm:context_link;itc:0;sec:content-canvas\">\u00ab\u00a0BOYCOTT USA\u00a0: Achetez fran\u00e7ais et europ\u00e9en\u00a0!\u00a0\u00bb<\/a> et comme l&rsquo;indique la description du groupe \u00ab\u00a0Ici, on s&rsquo;organise pour soutenir l&rsquo;\u00e9conomie fran\u00e7aise et europ\u00e9enne en boycottant les produits US. Priorit\u00e9 au local, au made in France, au made in Europe et \u00e0 notre souverainet\u00e9 \u00e9conomique. Moins d&rsquo;USA, Plus de France et plus d&rsquo;Europe\u00a0!\u00a0\u00bb.<\/p>\n<p>Entretien avec le cr\u00e9ateur raisonn\u00e9 de ce groupe qui prend de l&rsquo;ampleur, \u00c9douard Roussez, agriculteur bi [&#8230;] <a href=\"https:\/\/www.lepoint.fr\/societe\/contre-trump-je-dis-non-avec-mon-portefeuille-rencontre-avec-celui-qui-mene-le-boycott-anti-etats-unis-en-france-09-04-2025-2586974_23.php\" rel=\"nofollow noopener\" target=\"_blank\" data-ylk=\"slk:Lire la suite;elm:context_link;itc:0;sec:content-canvas\" class=\"link \">Lire la suite<\/a><\/p>\n","protected":false},"excerpt":{"rendered":"Apr\u00e8s le Canada, la Su\u00e8de ou le Danemark, c&rsquo;est au tour de la France de voir \u00e9merger des&hellip;\n","protected":false},"author":2,"featured_media":13258,"comment_status":"","ping_status":"","sticky":false,"template":"","format":"standard","meta":{"footnotes":""},"categories":[1589],"tags":[11,75,73,1866,12,5966,5978,1864,1865,1863,308],"class_list":{"0":"post-13257","1":"post","2":"type-post","3":"status-publish","4":"format-standard","5":"has-post-thumbnail","7":"category-etats-unis","8":"tag-actualites","9":"tag-donald-trump","10":"tag-etats-unis","11":"tag-etats-unis-damerique","12":"tag-news","13":"tag-produits-americains","14":"tag-tour-de-la-france","15":"tag-united-states","16":"tag-united-states-of-america","17":"tag-us","18":"tag-usa"},"share_on_mastodon":{"url":"https:\/\/pubeurope.com\/@fr\/114309373831806535","error":""},"_links":{"self":[{"href":"https:\/\/www.europesays.com\/fr\/wp-json\/wp\/v2\/posts\/13257","targetHints":{"allow":["GET"]}}],"collection":[{"href":"https:\/\/www.europesays.com\/fr\/wp-json\/wp\/v2\/posts"}],"about":[{"href":"https:\/\/www.europesays.com\/fr\/wp-json\/wp\/v2\/types\/post"}],"author":[{"embeddable":true,"href":"https:\/\/www.europesays.com\/fr\/wp-json\/wp\/v2\/users\/2"}],"replies":[{"embeddable":true,"href":"https:\/\/www.europesays.com\/fr\/wp-json\/wp\/v2\/comments?post=13257"}],"version-history":[{"count":0,"href":"https:\/\/www.europesays.com\/fr\/wp-json\/wp\/v2\/posts\/13257\/revisions"}],"wp:featuredmedia":[{"embeddable":true,"href":"https:\/\/www.europesays.com\/fr\/wp-json\/wp\/v2\/media\/13258"}],"wp:attachment":[{"href":"https:\/\/www.europesays.com\/fr\/wp-json\/wp\/v2\/media?parent=13257"}],"wp:term":[{"taxonomy":"category","embeddable":true,"href":"https:\/\/www.europesays.com\/fr\/wp-json\/wp\/v2\/categories?post=13257"},{"taxonomy":"post_tag","embeddable":true,"href":"https:\/\/www.europesays.com\/fr\/wp-json\/wp\/v2\/tags?post=13257"}],"curies":[{"name":"wp","href":"https:\/\/api.w.org\/{rel}","templated":true}]}}