{"id":132589,"date":"2025-05-27T20:18:24","date_gmt":"2025-05-27T20:18:24","guid":{"rendered":"https:\/\/www.europesays.com\/fr\/132589\/"},"modified":"2025-05-27T20:18:24","modified_gmt":"2025-05-27T20:18:24","slug":"lemission-la-france-a-un-incroyable-talent-organise-un-casting-dans-ce-centre-commercial-de-rennes","status":"publish","type":"post","link":"https:\/\/www.europesays.com\/fr\/132589\/","title":{"rendered":"L&rsquo;\u00e9mission La France a un incroyable talent organise un casting dans ce centre commercial de Rennes"},"content":{"rendered":"<p>            Par<br \/>\n        <strong><br \/>\n            <a href=\"https:\/\/actu.fr\/auteur\/brian-legoff\" title=\"Consulter tous les articles de Brian Le Goff\" target=\"_blank\" rel=\"noopener\">Brian Le Goff<\/a><br \/>\n        <\/strong><\/p>\n<p>        Publi\u00e9 le<\/p>\n<p>            27 mai 2025 \u00e0 11h56        <\/p>\n<p><strong>Artistes en herbe ou talents atypiques<\/strong>, c\u2019est votre moment\u2009! <a href=\"https:\/\/actu.fr\/loisirs-culture\/la-france-a-un-incroyable-talent-ces-artistes-qui-ont-perce-apres-leur-passage-dans-l-emission_61765112.html\" target=\"_blank\" rel=\"noopener\">La France a un incroyable talent<\/a> revient pour une 20\u1d49 saison sur <a href=\"https:\/\/actu.fr\/loisirs-culture\/maries-au-premier-regard-un-voyage-de-24h-a-new-york-pour-coralie-et-bruno-et-un-bilan-carbone-desastreux_62683479.html\" target=\"_blank\" rel=\"noopener\">M6<\/a>. Et pour compl\u00e9ter le <a href=\"https:\/\/actu.fr\/tag\/casting\" target=\"_blank\" rel=\"noopener\">casting<\/a>, l\u2019\u00e9quipe de production <strong>recherche ses futurs participants<\/strong>. Pour cela, elle s\u2019arr\u00eatera<strong> lundi 9\u00a0juin<\/strong> au <strong>centre commercial Alma<\/strong> de <a href=\"https:\/\/actu.fr\/rennes\/\" target=\"_blank\" rel=\"noopener\">Rennes<\/a>. Une sc\u00e8ne sera install\u00e9e place de la Fontaine, au c\u0153ur du centre.<\/p>\n<p class=\" wall-content\">L\u2019occasion pour les habitants \u2013 chanteurs, acrobates, magiciens, humoristes \u2013 <strong>du Grand Ouest<\/strong> de pouvoir tenter leur chance. En effet, c\u2019est la <strong>seule date de casting dans cette partie de la France<\/strong> pour peut-\u00eatre \u00eatre s\u00e9lectionn\u00e9 et faire partie des talents qui passeront devant le jury.<\/p>\n<p>Ouvert \u00e0 toutes les g\u00e9n\u00e9rations, amateurs comme professionnels<\/p>\n<p class=\" wall-content\">Cette s\u00e9lection est ouverte \u00e0 toutes les g\u00e9n\u00e9rations, aux amateurs comme aux professionnels, en solo ou en groupe, peu importe\u2009! <strong>\u00ab\u2009L\u2019important, c\u2019est de venir avec l\u2019envie de partager son talent<\/strong> et de mettre des \u00e9toiles dans les yeux du public\u2009\u00bb, pr\u00e9cise l\u2019\u00e9quipe de production.<\/p>\n<p>Comment s\u2019inscrire\u2009?<\/p>\n<p class=\" wall-content\">Pour y participer, c\u2019est simple\u2009:<\/p>\n<ul class=\" wall-content\">\n<li>Inscrivez-vous sur <a href=\"https:\/\/castingtourtalent.fr\/\" target=\"_blank\" rel=\"noopener\">castingtourtalent.fr<\/a>\u2009;<\/li>\n<li>Choisissez la ville\u2009;<\/li>\n<li>Pr\u00e9parez votre num\u00e9ro et venez impressionner les casteurs.<\/li>\n<\/ul>\n<p>Vid\u00e9os : en ce moment sur ActuSi vous n\u2019\u00eates pas disponible sur ces dates, le <a href=\"https:\/\/www.incroyabletalent.fr\/\" target=\"_blank\" rel=\"noopener\">casting peut aussi se faire en ligne<\/a>.<\/p>\n<p class=\" wall-content\">Suivez toute l\u2019actualit\u00e9 de vos villes et m\u00e9dias favoris en vous inscrivant \u00e0 <a href=\"https:\/\/moncompte.actu.fr\" title=\"D\u00e9couvez Mon Actu\" rel=\"nofollow noopener\" data-trk=\"{&quot;cta&quot;:{&quot;action&quot;:&quot;https:\\\/\\\/moncompte.actu.fr&quot;,&quot;category&quot;:&quot;mon compte&quot;,&quot;from&quot;:&quot;article footer&quot;,&quot;name&quot;:&quot;Mon actu&quot;,&quot;type&quot;:&quot;cta&quot;}}\" target=\"_blank\">Mon Actu<\/a>.<\/p>\n","protected":false},"excerpt":{"rendered":"Par Brian Le Goff Publi\u00e9 le 27 mai 2025 \u00e0 11h56 Artistes en herbe ou talents atypiques, c\u2019est&hellip;\n","protected":false},"author":2,"featured_media":132590,"comment_status":"","ping_status":"","sticky":false,"template":"","format":"standard","meta":{"footnotes":""},"categories":[2821],"tags":[1111,11,829,11668,1777,674,1011,27,1652,12,584,25,252],"class_list":{"0":"post-132589","1":"post","2":"type-post","3":"status-publish","4":"format-standard","5":"has-post-thumbnail","7":"category-rennes","8":"tag-actu","9":"tag-actualites","10":"tag-bretagne","11":"tag-casting","12":"tag-eu","13":"tag-europe","14":"tag-fr","15":"tag-france","16":"tag-loisirs-culture","17":"tag-news","18":"tag-rennes","19":"tag-republique-francaise","20":"tag-television"},"share_on_mastodon":{"url":"https:\/\/pubeurope.com\/@fr\/114581648605976443","error":""},"_links":{"self":[{"href":"https:\/\/www.europesays.com\/fr\/wp-json\/wp\/v2\/posts\/132589","targetHints":{"allow":["GET"]}}],"collection":[{"href":"https:\/\/www.europesays.com\/fr\/wp-json\/wp\/v2\/posts"}],"about":[{"href":"https:\/\/www.europesays.com\/fr\/wp-json\/wp\/v2\/types\/post"}],"author":[{"embeddable":true,"href":"https:\/\/www.europesays.com\/fr\/wp-json\/wp\/v2\/users\/2"}],"replies":[{"embeddable":true,"href":"https:\/\/www.europesays.com\/fr\/wp-json\/wp\/v2\/comments?post=132589"}],"version-history":[{"count":0,"href":"https:\/\/www.europesays.com\/fr\/wp-json\/wp\/v2\/posts\/132589\/revisions"}],"wp:featuredmedia":[{"embeddable":true,"href":"https:\/\/www.europesays.com\/fr\/wp-json\/wp\/v2\/media\/132590"}],"wp:attachment":[{"href":"https:\/\/www.europesays.com\/fr\/wp-json\/wp\/v2\/media?parent=132589"}],"wp:term":[{"taxonomy":"category","embeddable":true,"href":"https:\/\/www.europesays.com\/fr\/wp-json\/wp\/v2\/categories?post=132589"},{"taxonomy":"post_tag","embeddable":true,"href":"https:\/\/www.europesays.com\/fr\/wp-json\/wp\/v2\/tags?post=132589"}],"curies":[{"name":"wp","href":"https:\/\/api.w.org\/{rel}","templated":true}]}}