{"id":13259,"date":"2025-04-09T18:16:12","date_gmt":"2025-04-09T18:16:12","guid":{"rendered":"https:\/\/www.europesays.com\/fr\/13259\/"},"modified":"2025-04-09T18:16:12","modified_gmt":"2025-04-09T18:16:12","slug":"keir-starmer-sabre-dans-ladministration-britannique-qui-pourrait-perdre-plus-de-100-000-emplois","status":"publish","type":"post","link":"https:\/\/www.europesays.com\/fr\/13259\/","title":{"rendered":"Keir Starmer sabre dans l\u2019administration britannique, qui pourrait perdre plus de 100.000 emplois"},"content":{"rendered":"<p>Soucieux de rendre l\u2019\u00c9tat plus efficace, le premier ministre travailliste veut supprimer ou fusionner des centaines d\u2019organismes parapublics, alors que la hache s\u2019est d\u00e9j\u00e0 abattue sur le NHS.<\/p>\n<p class=\"fig-paragraph\">Correspondant \u00e0 Londres<\/p>\n<p class=\"fig-paragraph\">Ce n\u2019est plus de l\u2019\u00e9lagage mais des coupes massives qui se profilent dans les organismes publics britanniques. Pour le premier ministre Keir Starmer, la \u00ab nouvelle \u00e8re d\u2019instabilit\u00e9 mondiale\u00a0\u00bb ne fait que renforcer l<a href=\"http:\/\/www.lefigaro.fr\/conjoncture\/en-reformant-la-sante-keir-starmer-veut-alleger-la-fonction-publique-au-royaume-uni-20250313\" data-fig-type=\"Article\" data-gtm-custom-categorie=\"navigation\" data-gtm-custom-action=\"crossclick\" data-gtm-custom-label=\"Contextuel\" data-gtm-event=\"customEventSPE\" data-fig-domain=\"LEFIGARO\" target=\"_blank\" rel=\"noopener\">a n\u00e9cessit\u00e9 de r\u00e9duire les co\u00fbts et d\u2019am\u00e9liorer la productivit\u00e9.<\/a>\u00a0C\u2019est donc une v\u00e9ritable guerre contre les structures administratives redondantes et inefficaces que lance le gouvernement travailliste. Avec \u00e0 la cl\u00e9 des milliards d\u2019\u00e9conomies mais aussi des dizaines de milliers d\u2019emplois supprim\u00e9s.<\/p>\n<p class=\"fig-paragraph\">Le gouvernement entend supprimer ou fusionner des centaines d\u2019organismes parapublics, appel\u00e9s \u00ab quangos\u00a0\u00bb. Plus de 300 de ces organismes ind\u00e9pendants, actifs dans des domaines tr\u00e8s divers comme l\u2019immigration, la sant\u00e9, les transports, le logement ou la politique environnementale, seraient concern\u00e9s. Le ministre du Cabinet Office, Pat McFadden, a \u00e9crit \u00e0 tous les d\u00e9partements de Whitehall pour leur demander de justifier l\u2019existence de chaque organisme\u2026<\/p>\n<p class=\"fig-premium-paywall__infos\">\n        Cet article est r\u00e9serv\u00e9 aux abonn\u00e9s.        Il vous reste 79% \u00e0 d\u00e9couvrir.\n    <\/p>\n<p>                <img  data- alt=\"Le Figaro\" class=\"fig-img--complete fig-img\"\/><\/p>\n<p class=\"fig-premium-paywall__title\">Vous avez envie de lire la suite ?<\/p>\n<p class=\"fig-premium-paywall__subtitle\">D\u00e9bloquez tous les articles imm\u00e9diatement.<\/p>\n<p class=\"fig-premium-paywall__connect\">\n                D\u00e9j\u00e0 abonn\u00e9\u00a0?                <a class=\"fig-premium-paywall__connect-link\" href=\"https:\/\/connect.lefigaro.fr\/login?client=horizon_web&amp;type=main&amp;redirect_uri=https%3A%2F%2Fwww.lefigaro.fr%2Fconjoncture%2Fkeir-starmer-sabre-dans-l-administration-britannique-qui-pourrait-perdre-plus-de-100-000-emplois-20250409\" data-js-gtm=\"{&quot;customCategorie&quot;: &quot;conversion&quot;, &quot;customAction&quot;: &quot;before_Landing_Connexion_paywall_auto&quot;, &quot;customLabel&quot;: &quot;bGVmaWdhcm8uZnJfXzFmMDE1NTIxLTAxZWItNjIyYS04MTFiLTEzMTFmYTZiNjIwZF9fQXJ0aWNsZQ==_Keir Starmer sabre dans l\u2019administration britannique, qui pourrait perdre plus de 100.000 emplois_458&quot;, &quot;customIDSPE&quot;: &quot;bGVmaWdhcm8uZnJfXzFmMDE1NTIxLTAxZWItNjIyYS04MTFiLTEzMTFmYTZiNjIwZF9fQXJ0aWNsZQ==&quot;, &quot;event&quot;: &quot;customEventSPE&quot;}\" target=\"_blank\" rel=\"noopener\"><br \/>\n                    Connectez-vous<br \/>\n                <\/a>\n            <\/p>\n","protected":false},"excerpt":{"rendered":"Soucieux de rendre l\u2019\u00c9tat plus efficace, le premier ministre travailliste veut supprimer ou fusionner des centaines d\u2019organismes parapublics,&hellip;\n","protected":false},"author":2,"featured_media":13260,"comment_status":"","ping_status":"","sticky":false,"template":"","format":"standard","meta":{"footnotes":""},"categories":[1588],"tags":[339,11,340,343,345,350,130,344,352,349,33,341,313,1777,674,1274,346,342,2581,353,351,347,12,348,473,1853,1851,354,1850,1852],"class_list":{"0":"post-13259","1":"post","2":"type-post","3":"status-publish","4":"format-standard","5":"has-post-thumbnail","7":"category-royaume-uni","8":"tag-actualite-economique","9":"tag-actualites","10":"tag-bourse","11":"tag-cac-40","12":"tag-chef-dentreprise","13":"tag-concurrence","14":"tag-consommation","15":"tag-creation-dentreprise","16":"tag-crise","17":"tag-delocalisations","18":"tag-economie","19":"tag-emploi","20":"tag-entreprises","21":"tag-eu","22":"tag-europe","23":"tag-fonction-publique","24":"tag-grands-patrons","25":"tag-impots","26":"tag-keir-starmer","27":"tag-licenciements","28":"tag-monopole","29":"tag-multinationales","30":"tag-news","31":"tag-privatisation","32":"tag-royaume-uni","33":"tag-royaume-uni-de-grande-bretagne-et-dirlande-du-nord","34":"tag-uk","35":"tag-unio","36":"tag-united-kingdom","37":"tag-united-kingdom-of-great-britain-and-northern-ireland"},"share_on_mastodon":{"url":"","error":"Validation failed: Text character limit of 500 exceeded"},"_links":{"self":[{"href":"https:\/\/www.europesays.com\/fr\/wp-json\/wp\/v2\/posts\/13259","targetHints":{"allow":["GET"]}}],"collection":[{"href":"https:\/\/www.europesays.com\/fr\/wp-json\/wp\/v2\/posts"}],"about":[{"href":"https:\/\/www.europesays.com\/fr\/wp-json\/wp\/v2\/types\/post"}],"author":[{"embeddable":true,"href":"https:\/\/www.europesays.com\/fr\/wp-json\/wp\/v2\/users\/2"}],"replies":[{"embeddable":true,"href":"https:\/\/www.europesays.com\/fr\/wp-json\/wp\/v2\/comments?post=13259"}],"version-history":[{"count":0,"href":"https:\/\/www.europesays.com\/fr\/wp-json\/wp\/v2\/posts\/13259\/revisions"}],"wp:featuredmedia":[{"embeddable":true,"href":"https:\/\/www.europesays.com\/fr\/wp-json\/wp\/v2\/media\/13260"}],"wp:attachment":[{"href":"https:\/\/www.europesays.com\/fr\/wp-json\/wp\/v2\/media?parent=13259"}],"wp:term":[{"taxonomy":"category","embeddable":true,"href":"https:\/\/www.europesays.com\/fr\/wp-json\/wp\/v2\/categories?post=13259"},{"taxonomy":"post_tag","embeddable":true,"href":"https:\/\/www.europesays.com\/fr\/wp-json\/wp\/v2\/tags?post=13259"}],"curies":[{"name":"wp","href":"https:\/\/api.w.org\/{rel}","templated":true}]}}