{"id":132592,"date":"2025-05-27T20:20:10","date_gmt":"2025-05-27T20:20:10","guid":{"rendered":"https:\/\/www.europesays.com\/fr\/132592\/"},"modified":"2025-05-27T20:20:10","modified_gmt":"2025-05-27T20:20:10","slug":"strasbourg-un-homme-dans-le-coma-apres-une-bagarre-pres-du-musee-dart-moderne","status":"publish","type":"post","link":"https:\/\/www.europesays.com\/fr\/132592\/","title":{"rendered":"Strasbourg. Un homme dans le coma apr\u00e8s une bagarre pr\u00e8s du Mus\u00e9e d\u2019art moderne"},"content":{"rendered":"<p>Une bagarre entre deux marginaux a \u00e9clat\u00e9 place Hans-Arp, pr\u00e8s du Mus\u00e9e d\u2019art moderne et contemporain \u00e0 Strasbourg, dimanche 25\u00a0mai vers 19\u00a0h\u00a030. Cette rixe s\u2019est sold\u00e9e par des blessures graves. Le pronostic vital de l\u2019un des protagonistes est engag\u00e9 \u2013 l\u2019homme se trouve dans le coma. Son rival, \u00e2g\u00e9 de 21 ans, a \u00e9t\u00e9 bless\u00e9 \u00e0 une main, son \u00e9tat n\u00e9cessitant une op\u00e9ration. Le parquet de Strasbourg a ouvert une enqu\u00eate pour tentative de meurtre afin de d\u00e9terminer l\u2019implication de chacun.<\/p>\n","protected":false},"excerpt":{"rendered":"Une bagarre entre deux marginaux a \u00e9clat\u00e9 place Hans-Arp, pr\u00e8s du Mus\u00e9e d\u2019art moderne et contemporain \u00e0 Strasbourg,&hellip;\n","protected":false},"author":2,"featured_media":132593,"comment_status":"","ping_status":"","sticky":false,"template":"","format":"standard","meta":{"footnotes":""},"categories":[2820],"tags":[1111,11,2389,2649,2880,1777,674,274,107,1011,27,775,12,25,640,2879],"class_list":{"0":"post-132592","1":"post","2":"type-post","3":"status-publish","4":"format-standard","5":"has-post-thumbnail","7":"category-strasbourg","8":"tag-actu","9":"tag-actualites","10":"tag-alsace","11":"tag-bas-rhin","12":"tag-edition-strasbourg","13":"tag-eu","14":"tag-europe","15":"tag-faits-divers-justice","16":"tag-fil-info","17":"tag-fr","18":"tag-france","19":"tag-grand-est","20":"tag-news","21":"tag-republique-francaise","22":"tag-strasbourg","23":"tag-strasbourg-ville"},"share_on_mastodon":{"url":"https:\/\/pubeurope.com\/@fr\/114581656458711950","error":""},"_links":{"self":[{"href":"https:\/\/www.europesays.com\/fr\/wp-json\/wp\/v2\/posts\/132592","targetHints":{"allow":["GET"]}}],"collection":[{"href":"https:\/\/www.europesays.com\/fr\/wp-json\/wp\/v2\/posts"}],"about":[{"href":"https:\/\/www.europesays.com\/fr\/wp-json\/wp\/v2\/types\/post"}],"author":[{"embeddable":true,"href":"https:\/\/www.europesays.com\/fr\/wp-json\/wp\/v2\/users\/2"}],"replies":[{"embeddable":true,"href":"https:\/\/www.europesays.com\/fr\/wp-json\/wp\/v2\/comments?post=132592"}],"version-history":[{"count":0,"href":"https:\/\/www.europesays.com\/fr\/wp-json\/wp\/v2\/posts\/132592\/revisions"}],"wp:featuredmedia":[{"embeddable":true,"href":"https:\/\/www.europesays.com\/fr\/wp-json\/wp\/v2\/media\/132593"}],"wp:attachment":[{"href":"https:\/\/www.europesays.com\/fr\/wp-json\/wp\/v2\/media?parent=132592"}],"wp:term":[{"taxonomy":"category","embeddable":true,"href":"https:\/\/www.europesays.com\/fr\/wp-json\/wp\/v2\/categories?post=132592"},{"taxonomy":"post_tag","embeddable":true,"href":"https:\/\/www.europesays.com\/fr\/wp-json\/wp\/v2\/tags?post=132592"}],"curies":[{"name":"wp","href":"https:\/\/api.w.org\/{rel}","templated":true}]}}