{"id":132598,"date":"2025-05-27T20:23:11","date_gmt":"2025-05-27T20:23:11","guid":{"rendered":"https:\/\/www.europesays.com\/fr\/132598\/"},"modified":"2025-05-27T20:23:11","modified_gmt":"2025-05-27T20:23:11","slug":"info-actu-nice-un-nouveau-radar-debarque-sur-la-promenade-des-anglais-et-il-flashe-deja","status":"publish","type":"post","link":"https:\/\/www.europesays.com\/fr\/132598\/","title":{"rendered":"INFO ACTU NICE. Un nouveau radar d\u00e9barque sur la promenade des Anglais, et il flashe d\u00e9j\u00e0"},"content":{"rendered":"<p>            Par<br \/>\n        <strong><br \/>\n            <a href=\"https:\/\/actu.fr\/auteur\/manon-reinhardt\" title=\"Consulter tous les articles de Manon Reinhardt\" target=\"_blank\" rel=\"noopener\">Manon Reinhardt<\/a><br \/>\n        <\/strong><\/p>\n<p>        Publi\u00e9 le<\/p>\n<p>            27 mai 2025 \u00e0 17h49        <\/p>\n<p><strong>INFO ACTU NICE.<\/strong> Certains l\u2019ont d\u00e9j\u00e0 aper\u00e7u et n\u2019ont pas tard\u00e9 \u00e0 le relayer sur les r\u00e9seaux sociaux. Ce mardi 27\u00a0mai 2025, <strong>un nouveau radar<\/strong> a \u00e9t\u00e9 install\u00e9 \u00e0 <a href=\"https:\/\/actu.fr\/provence-alpes-cote-d-azur\/nice_06088\" target=\"_blank\" rel=\"noopener\">Nice<\/a> sur la promenade des Anglais, au niveau du n\u00b077.<\/p>\n<p class=\" wall-content\">Contact\u00e9e par actu Nice, la pr\u00e9fecture des <a href=\"https:\/\/actu.fr\/provence-alpes-cote-d-azur\/alpes-maritimes_06\" target=\"_blank\" rel=\"noopener\">Alpes-Maritimes<\/a> confirme que le radar flashe d\u2019ores et d\u00e9j\u00e0 les automobilistes.<\/p>\n<p>Un radar chantier qui va bouger<\/p>\n<p class=\" wall-content\">C\u2019\u00e9tait <a href=\"https:\/\/actu.fr\/provence-alpes-cote-d-azur\/nice_06088\/nice-sept-nouveaux-radars-annonces-par-la-mairie-voici-ou-ils-seront-installes_61603817.html\" target=\"_blank\" rel=\"noopener\">une demande de longue date<\/a> formul\u00e9e par le maire de Nice, Christian Estrosi, pour lutter contre la violence routi\u00e8re. Un nouveau radar a fait son apparition sur la promenade des Anglais, axe particuli\u00e8rement accidentog\u00e8ne, dans le sens centre-ville\/a\u00e9roport.<\/p>\n<p class=\" wall-content\">Situ\u00e9 au niveau du num\u00e9ro\u00a077, ce radar chantier, qui <strong>contr\u00f4le la vitesse des voitures<\/strong>, a \u00e9t\u00e9 pos\u00e9 ce mardi 27\u00a0mai, nous confirment les services de la pr\u00e9fecture, contact\u00e9s par nos soins. Et il verbalise d\u00e9j\u00e0.<\/p>\n<p class=\" wall-content\">Il s\u2019agit d\u2019un radar mobile qui a vocation \u00e0 \u00eatre d\u00e9plac\u00e9 de mani\u00e8re al\u00e9atoire sur la promenade des Anglais. L\u2019engin pourrait ainsi ne plus se trouver \u00e0 cet endroit d\u2019ici quelques jours.<\/p>\n<p>Vid\u00e9os : en ce moment sur Actu<\/p>\n<p class=\" wall-content\">\n<p>En attendant les radars fixes<\/p>\n<p class=\" wall-content\">Il a \u00e9t\u00e9 install\u00e9 en attendant la livraison des radars fixes, r\u00e9clam\u00e9s \u00e0 l\u2019\u00c9tat depuis de longs mois par la mairie de la capitale azur\u00e9enne et la pr\u00e9fecture des Alpes-Maritimes. Christian Estrosi en avait annonc\u00e9 sept au total en centre-ville, <strong>dont quatre sur la promenade des Anglais<\/strong>.<\/p>\n<p class=\" wall-content\">Lorsque ces derniers arriveront, le radar chantier sera ensuite enlev\u00e9, pr\u00e9cise le cabinet du pr\u00e9fet \u00e0 actu Nice.<\/p>\n<p class=\" wall-content\">Pour rappel, la vitesse est limit\u00e9e \u00e0 <strong>50\u00a0km\/h<\/strong> sur cet axe tr\u00e8s fr\u00e9quent\u00e9. Conseil aux automobilistes, donc\u2009: levez le pied\u2009!<\/p>\n<p class=\" wall-content\">Suivez toute l\u2019actualit\u00e9 de vos villes et m\u00e9dias favoris en vous inscrivant \u00e0 <a href=\"https:\/\/moncompte.actu.fr\" title=\"D\u00e9couvez Mon Actu\" rel=\"nofollow noopener\" data-trk=\"{&quot;cta&quot;:{&quot;action&quot;:&quot;https:\\\/\\\/moncompte.actu.fr&quot;,&quot;category&quot;:&quot;mon compte&quot;,&quot;from&quot;:&quot;article footer&quot;,&quot;name&quot;:&quot;Mon actu&quot;,&quot;type&quot;:&quot;cta&quot;}}\" target=\"_blank\">Mon Actu<\/a>.<\/p>\n","protected":false},"excerpt":{"rendered":"Par Manon Reinhardt Publi\u00e9 le 27 mai 2025 \u00e0 17h49 INFO ACTU NICE. Certains l\u2019ont d\u00e9j\u00e0 aper\u00e7u et&hellip;\n","protected":false},"author":2,"featured_media":132599,"comment_status":"","ping_status":"","sticky":false,"template":"","format":"standard","meta":{"footnotes":""},"categories":[2819],"tags":[1111,11,3542,1777,674,5915,1011,27,12,2401,882,6957,25,104],"class_list":{"0":"post-132598","1":"post","2":"type-post","3":"status-publish","4":"format-standard","5":"has-post-thumbnail","7":"category-nice","8":"tag-actu","9":"tag-actualites","10":"tag-circulation","11":"tag-eu","12":"tag-europe","13":"tag-exces-de-vitesse","14":"tag-fr","15":"tag-france","16":"tag-news","17":"tag-nice","18":"tag-provence-alpes-cote-dazur","19":"tag-radars","20":"tag-republique-francaise","21":"tag-societe"},"share_on_mastodon":{"url":"https:\/\/pubeurope.com\/@fr\/114581668422656705","error":""},"_links":{"self":[{"href":"https:\/\/www.europesays.com\/fr\/wp-json\/wp\/v2\/posts\/132598","targetHints":{"allow":["GET"]}}],"collection":[{"href":"https:\/\/www.europesays.com\/fr\/wp-json\/wp\/v2\/posts"}],"about":[{"href":"https:\/\/www.europesays.com\/fr\/wp-json\/wp\/v2\/types\/post"}],"author":[{"embeddable":true,"href":"https:\/\/www.europesays.com\/fr\/wp-json\/wp\/v2\/users\/2"}],"replies":[{"embeddable":true,"href":"https:\/\/www.europesays.com\/fr\/wp-json\/wp\/v2\/comments?post=132598"}],"version-history":[{"count":0,"href":"https:\/\/www.europesays.com\/fr\/wp-json\/wp\/v2\/posts\/132598\/revisions"}],"wp:featuredmedia":[{"embeddable":true,"href":"https:\/\/www.europesays.com\/fr\/wp-json\/wp\/v2\/media\/132599"}],"wp:attachment":[{"href":"https:\/\/www.europesays.com\/fr\/wp-json\/wp\/v2\/media?parent=132598"}],"wp:term":[{"taxonomy":"category","embeddable":true,"href":"https:\/\/www.europesays.com\/fr\/wp-json\/wp\/v2\/categories?post=132598"},{"taxonomy":"post_tag","embeddable":true,"href":"https:\/\/www.europesays.com\/fr\/wp-json\/wp\/v2\/tags?post=132598"}],"curies":[{"name":"wp","href":"https:\/\/api.w.org\/{rel}","templated":true}]}}