{"id":132608,"date":"2025-05-27T20:28:12","date_gmt":"2025-05-27T20:28:12","guid":{"rendered":"https:\/\/www.europesays.com\/fr\/132608\/"},"modified":"2025-05-27T20:28:12","modified_gmt":"2025-05-27T20:28:12","slug":"pres-de-toulouse-les-travaux-ont-repris-sur-le-mcdonalds-incendie-mais-le-mystere-est-il-perce","status":"publish","type":"post","link":"https:\/\/www.europesays.com\/fr\/132608\/","title":{"rendered":"Pr\u00e8s de Toulouse. Les travaux ont repris sur le McDonald&rsquo;s incendi\u00e9, mais le myst\u00e8re est-il perc\u00e9\u00a0?"},"content":{"rendered":"<p>            Par<br \/>\n        <strong><br \/>\n            <a href=\"https:\/\/actu.fr\/auteur\/guillaume-laurens\" title=\"Consulter tous les articles de Guillaume Laurens\" target=\"_blank\" rel=\"noopener\">Guillaume Laurens<\/a><br \/>\n        <\/strong><\/p>\n<p>        Publi\u00e9 le<\/p>\n<p>            27 mai 2025 \u00e0 17h36        <\/p>\n<p>Sept semaines apr\u00e8s <a href=\"https:\/\/actu.fr\/occitanie\/montrabe_31389\/un-incendie-ravage-ce-mcdonald-s-dont-l-arrivee-est-decriee-pres-de-toulouse_62479842.html\" target=\"_blank\" rel=\"noopener\">l\u2019incendie qui avait d\u00e9fray\u00e9 la chronique<\/a>, les <strong>travaux<\/strong> ont repris de plus belle \u00e0\u00a0<a href=\"https:\/\/actu.fr\/occitanie\/montrabe_31389\" target=\"_blank\" rel=\"noopener\"><strong>Montrab\u00e9<\/strong> <\/a>(Haute-Garonne), au nord-est de <strong>Toulouse,<\/strong> en cette fin mai 2025. Dans ce bourg de 4 300 habitants, un <strong>futur restaurant McDonald\u2019s<\/strong> avait \u00e9t\u00e9 la cible d\u2019un <strong>feu nocturne et criminel<\/strong>, revendiqu\u00e9 par un myst\u00e9rieux groupe baptis\u00e9 <strong>\u00ab\u00a0les Frites insoumises\u00a0\u00bb.<\/strong> Quand va-t-il ouvrir ? Que sait-on de l\u2019enqu\u00eate et des incendiaires pr\u00e9sum\u00e9s ? Le point sur le dossier.<\/p>\n<p>Reconstituer un puzzle ab\u00eem\u00e9<\/p>\n<p class=\" wall-content\">\u00ab\u00a0Le chantier a repris depuis quelques jours\u00a0\u00bb, souffle une femme, appuy\u00e9e sur un chariot du supermarch\u00e9 voisin, les yeux riv\u00e9s sur le futur McDo. Sur place, ce mardi 27 mai 2025, derri\u00e8re la porte d\u2019entr\u00e9e vitr\u00e9e qui arbore d\u00e9j\u00e0 le fameux \u00ab\u00a0M\u00a0\u00bb de l\u2019enseigne, des ouvriers installent le sol de l\u2019\u00e9tablissement. Sur le toit ou en fa\u00e7ade, d\u2019autres s\u2019affairent \u00e0 embo\u00eeter les pi\u00e8ces visiblement renvoy\u00e9es sur site, les originelles ayant \u00e9t\u00e9 d\u00e9truites par les flammes. Un travail d\u2019orf\u00e8vre, comme s\u2019ils reconstituaient <strong>un puzzle ab\u00eem\u00e9.<\/strong><\/p>\n<p class=\" wall-content\">Quand le fast-food accueillera-t-il ses premiers clients ? Ouvrira-t-il avant l\u2019\u00e9t\u00e9, ou, cela para\u00eet plus probable, \u00e0 la rentr\u00e9e de septembre ? Interrog\u00e9, McDo <strong>\u00ab\u00a0ne veut pas faire de commentaire<\/strong> sur le sujet\u00a0\u00bb. La firme am\u00e9ricaine craint-elle de mettre de l\u2019huile sur le feu ?<\/p>\n<p>    <img   decoding=\"async\" loading=\"lazy\" src=\"https:\/\/www.europesays.com\/fr\/wp-content\/uploads\/2025\/05\/mcdo-montrabe-toulouse-reconstruction-270525-960x640.jpg\" alt=\"Les ouvriers du McDo de Montrab\u00e9 s'att\u00e8lent \u00e0 recoller les pi\u00e8ces d'un puzzle ab\u00eem\u00e9\" width=\"960\" height=\"640\"\/><br \/>\n    Les ouvriers du McDo de Montrab\u00e9 s\u2019attellent \u00e0 recoller les pi\u00e8ces d\u2019un puzzle ab\u00eem\u00e9 (\u00a9G.L. \/ Actu Toulouse)Un incendie myst\u00e9rieux en pleine nuit \u00e0 Montrab\u00e9<\/p>\n<p class=\" wall-content\">Il faisait nuit noire, en cette nuit du lundi 7 au mardi 8 avril 2025, quand le feu avait subitement pris sur les coups de <strong>3 heures<\/strong> du matin, ravageant ce restaurant en construction en contrebas de la route de Lavaur, dans la zone commerciale de Marignac. Quelque <strong>18 pompiers<\/strong> \u00e9taient d\u00e9p\u00each\u00e9s sur ce fast-food sorti de terre en quelques semaines, et construit en ossature bois, comme tous ceux de l\u2019enseigne. Au programme : <strong>plus de trois heures de lutte<\/strong> contre les flammes.<\/p>\n<p>    <img   decoding=\"async\" loading=\"lazy\" src=\"https:\/\/www.europesays.com\/fr\/wp-content\/uploads\/2025\/05\/incendie-montrabe-960x640.jpeg\" alt=\"Un violent incendie a touch\u00e9 le McDonald's de Montrab\u00e9 pr\u00e8s de Toulouse dans la nuit.\" width=\"960\" height=\"640\"\/><br \/>\n    Un spectaculaire incendie \u00e9tait survenu en pleine nuit sur le chantier du McDo de Montrab\u00e9, aux portes de Toulouse. (\u00a9Nathan Lenne \/ SDIS 31)\u00ab\u00a0Les Frites insoumises\u00a0\u00bb n\u2019ont toujours pas \u00e9t\u00e9 cuisin\u00e9es<\/p>\n<p class=\" wall-content\">Quelques heures apr\u00e8s les faits, un myst\u00e9rieux groupe se r\u00e9clamant des <strong>\u00ab\u00a0Frites insoumises\u00a0\u00bb<\/strong> revendiquait dans un mail adress\u00e9 \u00e0 plusieurs m\u00e9dias, dont Actu Toulouse, avoir \u00ab\u00a0incendi\u00e9 le McDonald\u2019s en construction \u00e0 Montrab\u00e9\u00a0\u00bb. Un acte, affirmait-il, \u00ab\u00a0en soutien au <strong>peuple palestinien<\/strong>, et contre la nouvelle <strong>strat\u00e9gie d\u2019expansion<\/strong> de la firme\u00a0\u00bb sur le territoire fran\u00e7ais.\u00a0<\/p>\n<p class=\" wall-content\">Les Frites insoumises ? Un dr\u00f4le de collectif qui n\u2019\u00e9tait <strong>pas dans \u00ab nos radars \u00bb,<\/strong> soufflait le parquet de Toulouse \u00e0 Actu, au moment de confirmer la <strong>nature criminelle<\/strong> du sinistre. Qui se cache derri\u00e8re ? Est-il r\u00e9ellement \u00e0 l\u2019origine de cet incendie ? Contact\u00e9s par mail, les pyromanes pr\u00e9sum\u00e9s n\u2019ont jamais r\u00e9pondu \u00e0 nos sollicitations. Et plus d\u2019un mois apr\u00e8s, c\u2019est toujours <strong>u<\/strong><b>ne \u00e9nigme.<\/b><\/p>\n<p>\u00ab\u00a0L\u2019enqu\u00eate se poursuit\u00a0\u00bb dit la gendarmerie<\/p>\n<p class=\" wall-content\">Des gendarmes sp\u00e9cialis\u00e9s de la Cellule en investigation criminelle ayant pass\u00e9 le site au peigne fin, le parquet avait annonc\u00e9 d\u00e8s le lendemain des faits qu\u2019\u00e0 la lumi\u00e8re des \u00ab\u00a0investigations techniques\u00a0\u00bb, l\u2019incendie \u00e9tait bien<strong> \u00ab\u00a0d\u2019origine criminelle\u00a0\u00bb.<\/strong> Une enqu\u00eate avait alors \u00e9t\u00e9 ouverte \u00ab\u00a0du chef de destruction en bande organis\u00e9e du bien d\u2019autrui par un moyen dangereux pour les personnes\u00a0\u00bb. Des faits \u00ab\u00a0passibles de 20 ans de r\u00e9clusion criminelle\u00a0\u00bb, rappelait le parquet, d\u00e9cid\u00e9 \u00e0 retrouver le ou les coupables.<\/p>\n<p class=\" wall-content\"><a href=\"https:\/\/www.instagram.com\/p\/DILr6P-MpjV\/embed\" title=\"Ouvrir le lien sur Instagram\" target=\"_blank\" rel=\"noopener\">Visualiser le contenu sur Instagram<\/a><\/p>\n<p>\u00ab\u00a0Aucune autre revendication \u00e0 ce jour\u00a0\u00bb<\/p>\n<p class=\" wall-content\">Un mois et demi plus tard, \u00ab\u00a0le travail d\u2019enqu\u00eate se poursuit\u00a0\u00bb, indique-t-on du c\u00f4t\u00e9 \u00e0 la gendarmerie, ce mardi 27 mai. \u00ab\u00a0La <strong>th\u00e8se volontaire<\/strong> ne fait pas de doute\u00a0\u00bb pour les militaires de la brigade de recherches de Toulouse Saint-Michel.<\/p>\n<p class=\" wall-content\">Mais si \u00ab\u00a0un gros travail de laboratoire de police scientifique\u00a0\u00bb avait rapidement permis \u00ab\u00a0d\u2019\u00e9tablir que c\u2019\u00e9tait un fait volontaire\u00a0\u00bb, la suite des investigations se veut plus complexe, et plus longue. Les militaires cherchent d\u00e9sormais \u00e0 <strong>remonter jusqu\u2019aux incendiaires<\/strong> et b\u00e9n\u00e9ficient pour ce faire de \u00ab\u00a0l\u2019appui judiciaire de sp\u00e9cialistes du milieu cyber\u00a0\u00bb.<\/p>\n<p class=\" wall-content\">Car chose est s\u00fbre : mis \u00e0 part ces fameuses \u00ab\u00a0Frites insoumises\u00a0\u00bb et leur \u00e9trange mail aux m\u00e9dias, les enqu\u00eateurs n\u2019ont re\u00e7u ou d\u00e9cel\u00e9 \u00ab\u00a0<strong>aucune autre revendication \u00e0 ce jour<\/strong> sur ces faits\u00a0\u00bb.<\/p>\n<p>McDo \u00ab\u00a0d\u00e9termin\u00e9 \u00e0 mener \u00e0 son terme ce projet\u00a0\u00bb<\/p>\n<p class=\" wall-content\">En premi\u00e8re ligne face \u00e0 cet<strong> \u00ab\u00a0acte inacceptable\u00a0\u00bb,<\/strong> le maire (PS) de Montrab\u00e9 <a href=\"https:\/\/actu.fr\/occitanie\/montrabe_31389\/incendie-du-mcdonald-s-de-montrabe-le-maire-condamne-un-acte-inacceptable_62496087.html\" target=\"_blank\" rel=\"noopener\"><strong>Jacques S\u00e9bi<\/strong> avait aussi fait part<\/a> de sa <strong>\u00ab\u00a0profonde indignation\u00a0\u00bb<\/strong> dans une commune \u00ab\u00a0connue pour sa tranquillit\u00e9\u00a0\u00bb.<\/p>\n<p class=\" wall-content\">La <strong>direction<\/strong> du futur restaurant de Montrab\u00e9 s\u2019\u00e9tait de son c\u00f4t\u00e9 \u00e9mue d\u2019avoir \u00e9t\u00e9 ainsi cibl\u00e9e : \u00ab\u00a0Nous condamnons avec<strong> la plus grande fermet\u00e9<\/strong> la destruction partielle et volontaire d\u2019un restaurant en cours de construction\u00a0\u00bb, indiquait-elle quelques heures apr\u00e8s les faits.<\/p>\n<p class=\" wall-content\">Le franchis\u00e9 en charge de cet \u00e9tablissement s\u2019\u00e9tait montr\u00e9 \u00ab\u00a0d\u00e9termin\u00e9 \u00e0 <strong>mener \u00e0 son terme ce projet<\/strong> qui va cr\u00e9er plus de 40 emplois, g\u00e9n\u00e9rer 3 millions d\u2019euros d\u2019investissement et contribuer \u00e0 l\u2019essor des fili\u00e8res agricoles fran\u00e7aises, y compris localement\u00a0\u00bb.<\/p>\n<p>Deux fa\u00e7ades sur quatre chang\u00e9es<\/p>\n<p class=\" wall-content\">Mais la facture sera sal\u00e9e pour McDo. Comme le souligne la direction, \u00ab\u00a0l\u2019incendie n\u2019a que partiellement impact\u00e9 le chantier\u00a0\u00bb, mais selon une source proche du dossier, le pr\u00e9judice est \u00e9valu\u00e9 par la firme am\u00e9ricaine \u00e0 <strong>environ un million d\u2019euros.<\/strong><\/p>\n<p class=\" wall-content\">Les d\u00e9g\u00e2ts sont colossaux. D\u2019apr\u00e8s nos informations, <strong>deux fa\u00e7ades sur quatre<\/strong> ont d\u00fb \u00eatre enti\u00e8rement chang\u00e9es, ainsi que toute la partie m\u00e9tallique sur le toit du restaurant, la charpente ayant pu \u00eatre sauv\u00e9e des flammes.<\/p>\n<p>    <img   decoding=\"async\" loading=\"lazy\" src=\"https:\/\/www.europesays.com\/fr\/wp-content\/uploads\/2025\/05\/mc-donald-s-incendie-montrabe-toulouse-gl-1-960x640.jpg\" alt=\"Le McDonald\u2019s de Montrab\u00e9, au nord-est de Toulouse, a \u00e9t\u00e9 incendi\u00e9 mardi 8\u00a0avril 2025 au petit matin \" width=\"960\" height=\"640\"\/><br \/>\n    Deux fa\u00e7ades sur quatre ont d\u00fb \u00eatre chang\u00e9es au McDo de Montrab\u00e9 apr\u00e8s l\u2019incendie (\u00a9Guillaume Laurens \/ Actu Toulouse)Sous surveillance 24 heures sur 24<\/p>\n<p class=\" wall-content\">\u00ab\u00a0Nous reprendrons les travaux d\u00e8s que nous le pourrons avec les meilleures <strong>garanties de s\u00e9curit\u00e9\u00a0\u00bb,<\/strong> avait par ailleurs indiqu\u00e9 le g\u00e9ant du fast-food. Depuis, des <strong>cam\u00e9ras de vid\u00e9osurveillance<\/strong> ont \u00e9t\u00e9 install\u00e9es sur le site, o\u00f9 des <strong>agents de s\u00e9curit\u00e9<\/strong> se relaient aussi en permanence, 7 jours sur 7 et 24 heures sur 24.<\/p>\n<p>    <a href=\"https:\/\/www.google.com\/maps\/embed?pb=!1m14!1m8!1m3!1d23097.74498735814!2d1.531587!3d43.64363!3m2!1i1024!2i768!4f13.1!3m3!1m2!1s0x12ae98126650df57%3A0x59df084d9457b216!2s2%20Chem.%20de%20Saint-Jean%2C%2031850%20Montrab%C3%A9!5e0!3m2!1sfr!2sfr!4v1748356504853!5m2!1sfr!2sfr\" title=\"Ouvrie le lien\" target=\"_blank\" rel=\"noopener\">Cliquez ici pour visualiser le contenu<\/a><\/p>\n<p>Un McDo d\u00e9cri\u00e9 de longue date<\/p>\n<p class=\" wall-content\">Bien avant d\u2019\u00eatre incendi\u00e9, cet \u00e9ni\u00e8me McDo de l\u2019agglo, implant\u00e9 \u00e0 proximit\u00e9 du magasin Super U, mais aussi du coll\u00e8ge public de Montrab\u00e9, avait <strong>fait pol\u00e9mique<\/strong> localement, une association de parents d\u2019\u00e9l\u00e8ves ayant notamment <a href=\"https:\/\/actu.fr\/occitanie\/montrabe_31389\/pres-de-toulouse-vent-de-fronde-contre-l-implantation-d-un-mcdo-dans-cette-commune_61024575.html\" target=\"_blank\" rel=\"noopener\">lanc\u00e9 \u2014 en vain \u2014 une p\u00e9tition \u00e0 l\u2019encontre du projet<\/a>, qui avait sans surprise <a href=\"https:\/\/actu.fr\/occitanie\/montrabe_31389\/pres-de-toulouse-le-mcdo-conteste-verra-bien-le-jour-dans-cette-commune_61558098.html\" target=\"_blank\" rel=\"noopener\">obtenu son <strong>permis de construire<\/strong> en mai 2024.\u00a0<\/a><\/p>\n<p class=\" wall-content\">Alors, qui a mis le feu au McDo ? Est-ce r\u00e9ellement \u00ab\u00a0les Frites insoumises\u00a0\u00bb ? Et <strong>qui se cache derri\u00e8re<\/strong> ce dr\u00f4le de nom qui plagie celui de la France insoumise ? Un mois et demi apr\u00e8s, <strong>le myst\u00e8re<\/strong> reste entier.<\/p>\n<p class=\" wall-content\">Suivez toute l\u2019actualit\u00e9 de vos villes et m\u00e9dias favoris en vous inscrivant \u00e0 <a href=\"https:\/\/moncompte.actu.fr\" title=\"D\u00e9couvez Mon Actu\" rel=\"nofollow noopener\" data-trk=\"{&quot;cta&quot;:{&quot;action&quot;:&quot;https:\\\/\\\/moncompte.actu.fr&quot;,&quot;category&quot;:&quot;mon compte&quot;,&quot;from&quot;:&quot;article footer&quot;,&quot;name&quot;:&quot;Mon actu&quot;,&quot;type&quot;:&quot;cta&quot;}}\" target=\"_blank\">Mon Actu<\/a>.<\/p>\n<p>                    <script async src=\"\/\/www.instagram.com\/embed.js\"><\/script><\/p>\n","protected":false},"excerpt":{"rendered":"Par Guillaume Laurens Publi\u00e9 le 27 mai 2025 \u00e0 17h36 Sept semaines apr\u00e8s l\u2019incendie qui avait d\u00e9fray\u00e9 la&hellip;\n","protected":false},"author":2,"featured_media":132609,"comment_status":"","ping_status":"","sticky":false,"template":"","format":"standard","meta":{"footnotes":""},"categories":[2816],"tags":[1111,11,1777,674,1011,27,1310,679,12,2680,25,2850,104,2312],"class_list":{"0":"post-132608","1":"post","2":"type-post","3":"status-publish","4":"format-standard","5":"has-post-thumbnail","7":"category-toulouse","8":"tag-actu","9":"tag-actualites","10":"tag-eu","11":"tag-europe","12":"tag-fr","13":"tag-france","14":"tag-incendie","15":"tag-mcdonalds","16":"tag-news","17":"tag-occitanie","18":"tag-republique-francaise","19":"tag-restaurants-de-toulouse","20":"tag-societe","21":"tag-toulouse"},"share_on_mastodon":{"url":"https:\/\/pubeurope.com\/@fr\/114581687981191288","error":""},"_links":{"self":[{"href":"https:\/\/www.europesays.com\/fr\/wp-json\/wp\/v2\/posts\/132608","targetHints":{"allow":["GET"]}}],"collection":[{"href":"https:\/\/www.europesays.com\/fr\/wp-json\/wp\/v2\/posts"}],"about":[{"href":"https:\/\/www.europesays.com\/fr\/wp-json\/wp\/v2\/types\/post"}],"author":[{"embeddable":true,"href":"https:\/\/www.europesays.com\/fr\/wp-json\/wp\/v2\/users\/2"}],"replies":[{"embeddable":true,"href":"https:\/\/www.europesays.com\/fr\/wp-json\/wp\/v2\/comments?post=132608"}],"version-history":[{"count":0,"href":"https:\/\/www.europesays.com\/fr\/wp-json\/wp\/v2\/posts\/132608\/revisions"}],"wp:featuredmedia":[{"embeddable":true,"href":"https:\/\/www.europesays.com\/fr\/wp-json\/wp\/v2\/media\/132609"}],"wp:attachment":[{"href":"https:\/\/www.europesays.com\/fr\/wp-json\/wp\/v2\/media?parent=132608"}],"wp:term":[{"taxonomy":"category","embeddable":true,"href":"https:\/\/www.europesays.com\/fr\/wp-json\/wp\/v2\/categories?post=132608"},{"taxonomy":"post_tag","embeddable":true,"href":"https:\/\/www.europesays.com\/fr\/wp-json\/wp\/v2\/tags?post=132608"}],"curies":[{"name":"wp","href":"https:\/\/api.w.org\/{rel}","templated":true}]}}