{"id":132620,"date":"2025-05-27T20:34:12","date_gmt":"2025-05-27T20:34:12","guid":{"rendered":"https:\/\/www.europesays.com\/fr\/132620\/"},"modified":"2025-05-27T20:34:12","modified_gmt":"2025-05-27T20:34:12","slug":"villeurbanne-un-clandestin-algerien-percute-violemment-une-femme-avec-sa-trottinette-et-tente-de-lui-arracher-son-collier","status":"publish","type":"post","link":"https:\/\/www.europesays.com\/fr\/132620\/","title":{"rendered":"Villeurbanne : un clandestin alg\u00e9rien percute violemment une femme avec sa trottinette et tente de lui arracher son collier"},"content":{"rendered":"<p>                                            Faits divers\n                                                                            <\/p>\n<p>\n                                            Un individu circulant en trottinette a sciemment renvers\u00e9 une femme \u00e0 Villeurbanne dans le but de lui d\u00e9rober son collier, mais gr\u00e2ce \u00e0 l\u2019intervention d\u2019un policier r\u00e9serviste, il a \u00e9t\u00e9 arr\u00eat\u00e9.                                        <\/p>\n<p>                                                Publi\u00e9 le 27 mai 2025 \u00e0 19h41                                                                                            <\/p>\n<p>                                            <img loading=\"lazy\" width=\"1024\" height=\"673\" src=\"https:\/\/www.europesays.com\/fr\/wp-content\/uploads\/2025\/05\/SIPA_01108779_000007.jpg\" class=\"attachment-post-thumbnail size-post-thumbnail wp-post-image lazy\" alt=\"Photo d'illustration \u00a9\u00a0Mourad ALLILI\/SIPA\" decoding=\"async\"  data-\/><\/p>\n<p>                                            Photo d&rsquo;illustration \u00a9\u00a0Mourad ALLILI\/SIPA<\/p>\n<p data-start=\"186\" data-end=\"494\">Une tentative de vol s\u2019est produite en pleine rue \u00e0 <a href=\"https:\/\/www.valeursactuelles.com\/regions\/auvergne-rhone-alpes\/rhone\/na\/faits-divers\/villeurbanne-des-soignants-et-policiers-agresses-par-une-mere-et-son-fils-dans-une-clinique\" target=\"_blank\" rel=\"noopener\">Villeurbanne<\/a> (Rh\u00f4ne) samedi 24 mai. Un homme se d\u00e9pla\u00e7ant en trottinette a d\u00e9lib\u00e9r\u00e9ment percut\u00e9 une femme rue du Docteur-Ollier pour lui arracher son collier, comme le rapporte <a href=\"https:\/\/www.leprogres.fr\/faits-divers-justice\/2025\/05\/26\/il-percute-une-femme-avec-sa-trottinette-et-lui-arrache-son-collier\" target=\"_blank\" rel=\"noopener\">Le Progr\u00e8s<\/a>. Cependant, le voleur a perdu l\u2019\u00e9quilibre au cours de sa man\u0153uvre.<\/p>\n<p><a href=\"https:\/\/www.valeursactuelles.com\/societe\/le-rn-veut-faire-payer-100-euros-par-jour-aux-individus-sous-oqtf-jusqua-leur-depart-du-territoire\" class=\"h-flex h-align-items-center h-border-tb h-ptb-15\" target=\"_blank\" rel=\"noopener\">A\u00a0LIRE\u00a0Le RN veut faire payer 100 euros par jour aux individus sous OQTF jusqu\u2019\u00e0 leur d\u00e9part du territoire<\/a><\/p>\n<p data-start=\"496\" data-end=\"835\">Bien qu\u2019il ait r\u00e9ussi \u00e0 reprendre le contr\u00f4le de sa trottinette, un policier r\u00e9serviste hors service l\u2019a intercept\u00e9. Ce dernier a r\u00e9ussi \u00e0 immobiliser le fugitif et \u00e0 le retenir jusqu\u2019\u00e0 l\u2019arriv\u00e9e des secours. Avant d\u2019\u00eatre ma\u00eetris\u00e9, l\u2019individu a jet\u00e9 le collier sur une pelouse. L\u2019objet a ensuite \u00e9t\u00e9 retrouv\u00e9 et restitu\u00e9 \u00e0 sa propri\u00e9taire.<\/p>\n<p>Soumis \u00e0 une interdiction administrative de retour<\/p>\n<p data-start=\"893\" data-end=\"1263\">Le suspect a \u00e9t\u00e9 interpell\u00e9 puis plac\u00e9 en garde \u00e0 vue. Il a \u00e9t\u00e9 identifi\u00e9 comme un Alg\u00e9rien de 25 ans en situation irr\u00e9guli\u00e8re, connu d\u00e9favorablement des services de police. Soumis \u00e0 une interdiction administrative de retour, il nie avoir vol\u00e9 le collier. Il a \u00e9t\u00e9 assign\u00e9 \u00e0 r\u00e9sidence avant d\u2019\u00eatre pr\u00e9sent\u00e9 au parquet ce lundi 26 mai, en vue d\u2019une comparution imm\u00e9diate.<\/p>\n<p data-start=\"1265\" data-end=\"1438\">En 2024, <a href=\"https:\/\/www.valeursactuelles.com\/societe\/140-000-oqtf-delivrees-en-2024-pour-seulement-20-000-retours-enregistres-selon-lofii\" target=\"_blank\" rel=\"noopener\">140 000 obligations de quitter le territoire fran\u00e7ais<\/a> (OQTF) ont \u00e9t\u00e9 \u00e9mises, tandis que seulement 20 000 retours effectifs ont \u00e9t\u00e9 enregistr\u00e9s durant la m\u00eame ann\u00e9e.<\/p>\n","protected":false},"excerpt":{"rendered":"Faits divers Un individu circulant en trottinette a sciemment renvers\u00e9 une femme \u00e0 Villeurbanne dans le but de&hellip;\n","protected":false},"author":2,"featured_media":132621,"comment_status":"","ping_status":"","sticky":false,"template":"","format":"standard","meta":{"footnotes":""},"categories":[1889],"tags":[1111,11,2430,1777,674,1011,27,2428,12,4347,25,25765,15740,6345,15336],"class_list":{"0":"post-132620","1":"post","2":"type-post","3":"status-publish","4":"format-standard","5":"has-post-thumbnail","7":"category-lyon","8":"tag-actu","9":"tag-actualites","10":"tag-auvergne-rhone-alpes","11":"tag-eu","12":"tag-europe","13":"tag-fr","14":"tag-france","15":"tag-lyon","16":"tag-news","17":"tag-oqtf","18":"tag-republique-francaise","19":"tag-reservistes","20":"tag-trottinette","21":"tag-villeurbanne","22":"tag-vol-a-larrache"},"share_on_mastodon":{"url":"https:\/\/pubeurope.com\/@fr\/114581711548491681","error":""},"_links":{"self":[{"href":"https:\/\/www.europesays.com\/fr\/wp-json\/wp\/v2\/posts\/132620","targetHints":{"allow":["GET"]}}],"collection":[{"href":"https:\/\/www.europesays.com\/fr\/wp-json\/wp\/v2\/posts"}],"about":[{"href":"https:\/\/www.europesays.com\/fr\/wp-json\/wp\/v2\/types\/post"}],"author":[{"embeddable":true,"href":"https:\/\/www.europesays.com\/fr\/wp-json\/wp\/v2\/users\/2"}],"replies":[{"embeddable":true,"href":"https:\/\/www.europesays.com\/fr\/wp-json\/wp\/v2\/comments?post=132620"}],"version-history":[{"count":0,"href":"https:\/\/www.europesays.com\/fr\/wp-json\/wp\/v2\/posts\/132620\/revisions"}],"wp:featuredmedia":[{"embeddable":true,"href":"https:\/\/www.europesays.com\/fr\/wp-json\/wp\/v2\/media\/132621"}],"wp:attachment":[{"href":"https:\/\/www.europesays.com\/fr\/wp-json\/wp\/v2\/media?parent=132620"}],"wp:term":[{"taxonomy":"category","embeddable":true,"href":"https:\/\/www.europesays.com\/fr\/wp-json\/wp\/v2\/categories?post=132620"},{"taxonomy":"post_tag","embeddable":true,"href":"https:\/\/www.europesays.com\/fr\/wp-json\/wp\/v2\/tags?post=132620"}],"curies":[{"name":"wp","href":"https:\/\/api.w.org\/{rel}","templated":true}]}}