{"id":132622,"date":"2025-05-27T20:35:10","date_gmt":"2025-05-27T20:35:10","guid":{"rendered":"https:\/\/www.europesays.com\/fr\/132622\/"},"modified":"2025-05-27T20:35:10","modified_gmt":"2025-05-27T20:35:10","slug":"le-prefet-delegue-accompagne-les-forces-de-police","status":"publish","type":"post","link":"https:\/\/www.europesays.com\/fr\/132622\/","title":{"rendered":"le pr\u00e9fet d\u00e9l\u00e9gu\u00e9 accompagne les forces de police"},"content":{"rendered":"<p>Le pr\u00e9fet d\u00e9l\u00e9gu\u00e9 pour la d\u00e9fense et la s\u00e9curit\u00e9 du Rh\u00f4ne, Antoine Gu\u00e9rin a accompagn\u00e9 ce mardi 27 mai les policiers de la CRS 43 et de la brigade sp\u00e9cialis\u00e9e de terrain, dans le cadre d\u2019une de leurs op\u00e9ration quotidienne \u00e0 la Guilloti\u00e8re.<\/p>\n<p>Contr\u00f4le et s\u00e9curisation<\/p>\n<p>Ces actions de terrain permettent aux forces de l\u2019ordre de proc\u00e9der \u00e0 <a href=\"https:\/\/www.leprogres.fr\/societe\/2023\/06\/16\/operations-de-police-a-la-guillotiere-5300-controles-d-identite-700-contraventions-et-300-delits\" target=\"_blank\" rel=\"noopener\">des contr\u00f4les d\u2019identit\u00e9<\/a> tout en assurant une pr\u00e9sence polici\u00e8re renforc\u00e9e pour s\u00e9curiser ce quartier sensible.<\/p>\n<p>  Deux op\u00e9rations massives<\/p>\n<p>Par ailleurs, depuis f\u00e9vrier, deux importantes op\u00e9rations de police ont \u00e9t\u00e9 r\u00e9alis\u00e9es, l\u2019une sur la grande rue de la Guilloti\u00e8re et l\u2019autre sur la place Mazagran, avec la mobilisation de trois cent cinquante policiers. Ces op\u00e9rations de contr\u00f4le ont donn\u00e9 lieu \u00e0 une centaine d\u2019interpellations, \u00e0 la mise au jour d\u2019une centaine d\u2019\u00e9trangers en situation irr\u00e9guli\u00e8re, ainsi qu\u2019\u00e0 la fermeture administrative de six commerces.<\/p>\n","protected":false},"excerpt":{"rendered":"Le pr\u00e9fet d\u00e9l\u00e9gu\u00e9 pour la d\u00e9fense et la s\u00e9curit\u00e9 du Rh\u00f4ne, Antoine Gu\u00e9rin a accompagn\u00e9 ce mardi 27&hellip;\n","protected":false},"author":2,"featured_media":132623,"comment_status":"","ping_status":"","sticky":false,"template":"","format":"standard","meta":{"footnotes":""},"categories":[1889],"tags":[1111,11,2430,2757,3153,3154,3156,1777,674,274,1011,27,2428,12,25,2429],"class_list":{"0":"post-132622","1":"post","2":"type-post","3":"status-publish","4":"format-standard","5":"has-post-thumbnail","7":"category-lyon","8":"tag-actu","9":"tag-actualites","10":"tag-auvergne-rhone-alpes","11":"tag-edition-lyon-villeurbanne","12":"tag-edition-ouest-lyonnais","13":"tag-edition-sud-lyonnais","14":"tag-edition-villefranche","15":"tag-eu","16":"tag-europe","17":"tag-faits-divers-justice","18":"tag-fr","19":"tag-france","20":"tag-lyon","21":"tag-news","22":"tag-republique-francaise","23":"tag-rhone"},"share_on_mastodon":{"url":"https:\/\/pubeurope.com\/@fr\/114581715362585225","error":""},"_links":{"self":[{"href":"https:\/\/www.europesays.com\/fr\/wp-json\/wp\/v2\/posts\/132622","targetHints":{"allow":["GET"]}}],"collection":[{"href":"https:\/\/www.europesays.com\/fr\/wp-json\/wp\/v2\/posts"}],"about":[{"href":"https:\/\/www.europesays.com\/fr\/wp-json\/wp\/v2\/types\/post"}],"author":[{"embeddable":true,"href":"https:\/\/www.europesays.com\/fr\/wp-json\/wp\/v2\/users\/2"}],"replies":[{"embeddable":true,"href":"https:\/\/www.europesays.com\/fr\/wp-json\/wp\/v2\/comments?post=132622"}],"version-history":[{"count":0,"href":"https:\/\/www.europesays.com\/fr\/wp-json\/wp\/v2\/posts\/132622\/revisions"}],"wp:featuredmedia":[{"embeddable":true,"href":"https:\/\/www.europesays.com\/fr\/wp-json\/wp\/v2\/media\/132623"}],"wp:attachment":[{"href":"https:\/\/www.europesays.com\/fr\/wp-json\/wp\/v2\/media?parent=132622"}],"wp:term":[{"taxonomy":"category","embeddable":true,"href":"https:\/\/www.europesays.com\/fr\/wp-json\/wp\/v2\/categories?post=132622"},{"taxonomy":"post_tag","embeddable":true,"href":"https:\/\/www.europesays.com\/fr\/wp-json\/wp\/v2\/tags?post=132622"}],"curies":[{"name":"wp","href":"https:\/\/api.w.org\/{rel}","templated":true}]}}