{"id":132634,"date":"2025-05-27T20:41:10","date_gmt":"2025-05-27T20:41:10","guid":{"rendered":"https:\/\/www.europesays.com\/fr\/132634\/"},"modified":"2025-05-27T20:41:10","modified_gmt":"2025-05-27T20:41:10","slug":"nouvelle-caledonie-macron-invite-independantistes-et-loyalistes-a-paris-en-juin-pour-trouver-un-accord","status":"publish","type":"post","link":"https:\/\/www.europesays.com\/fr\/132634\/","title":{"rendered":"Nouvelle-Cal\u00e9donie : Macron invite ind\u00e9pendantistes et loyalistes \u00e0 Paris en juin pour trouver un accord"},"content":{"rendered":"<p>Le chef de l&rsquo;Etat va convier \u00ab\u00a0les parties prenantes de la Nouvelle-Cal\u00e9donie \u00e0 venir travailler \u00e0 Paris \u00e0 partir de la mi-juin\u00a0\u00bb.Il esp\u00e8re ainsi \u00ab\u00a0parvenir \u00e0 un accord partag\u00e9 sur l&rsquo;avenir de l\u2019archipel\u00a0\u00bb, entre ind\u00e9pendantistes et non-ind\u00e9pendantistes.Il y a un an, de violentes \u00e9meutes avaient secou\u00e9 le territoire oc\u00e9anien.<\/p>\n<p data-module=\"article-paragraph\" class=\"jsx-362436225 Paragraph Paragraph__End\">\u00ab\u00a0Le pr\u00e9sident de la R\u00e9publique invitera, avec le gouvernement, les parties prenantes de la Nouvelle-Cal\u00e9donie \u00e0 venir travailler \u00e0 Paris \u00e0 partir de la mi-juin, afin de clarifier les sujets \u00e9conomiques, politiques et institutionnels en vue de parvenir \u00e0 un accord partag\u00e9 sur<a href=\"https:\/\/www.tf1info.fr\/societe\/video-reportage-je-ne-vois-plus-mon-avenir-ici-pourquoi-de-nombreux-habitants-preferent-quitter-la-nouvelle-caledonie-2362228.html\" target=\"_blank\" rel=\"noopener\"> l&rsquo;avenir de l\u2019archipel<\/a>\u00ab\u00a0, a annonc\u00e9 l&rsquo;Elys\u00e9e ce mardi soir.<\/p>\n<p data-module=\"article-paragraph\" class=\"jsx-362436225 Paragraph Paragraph__End\">Emmanuel Macron esp\u00e8re ainsi rouvrir le dialogue, quelques semaines apr\u00e8s l&rsquo;\u00e9chec du pr\u00e9c\u00e9dent \u00ab\u00a0conclave\u00a0\u00bb : d\u00e9but mai, le ministre des Outre-mer <a href=\"https:\/\/www.tf1info.fr\/politique\/video-c-est-moi-qui-porte-ce-debat-sur-lci-manuel-valls-revient-sur-la-crise-en-nouvelle-caledonie-2372917.html\" target=\"_blank\" rel=\"noopener\">Manuel Valls avait men\u00e9 trois jours de n\u00e9gociations<\/a> \u00e0 Bourail, en Nouvelle-Cal\u00e9donie, pour tenter de mettre ind\u00e9pendantistes et non-ind\u00e9pendantistes d&rsquo;accord sur un nouveau statut de l&rsquo;archipel. Le ministre avait alors propos\u00e9 un projet de \u00ab\u00a0souverainet\u00e9 avec la France\u00a0\u00bb, incluant une \u00ab\u00a0double nationalit\u00e9, fran\u00e7aise de droit et cal\u00e9donienne\u00a0\u00bb, ainsi qu&rsquo;un \u00ab\u00a0transfert et une d\u00e9l\u00e9gation imm\u00e9diate des comp\u00e9tences r\u00e9galiennes\u00a0\u00bb.<\/p>\n<p>\u00ab\u00a0Le fil du dialogue n&rsquo;est pas rompu\u00a0\u00bb<\/p>\n<p data-module=\"article-paragraph\" class=\"jsx-362436225 Paragraph Paragraph__End\">Mais la proposition avait \u00e9t\u00e9 rejet\u00e9e par la frange dure des non-ind\u00e9pendantistes, repr\u00e9sent\u00e9e par le d\u00e9put\u00e9 Renaissance Nicolas Metzdorf, pour qui ce nouveau statut \u00e9quivalait \u00e0 octroyer \u00ab\u00a0l&rsquo;ind\u00e9pendance\u00a0\u00bb \u00e0 l&rsquo;archipel. Manuel Valls a reconnu dimanche \u00ab\u00a0un \u00e9chec des discussions et des n\u00e9gociations\u00a0\u00bb, tout en assurant que \u00ab\u00a0le fil du dialogue [n&rsquo;\u00e9tait] pas rompu\u00a0\u00bb.<\/p>\n<ul class=\"jsx-3657663356 ReadMoreArticle__List flex flex-column\">\n<li class=\"jsx-3657663356\"><a href=\"https:\/\/www.tf1info.fr\/economie\/reportage-video-on-se-doit-de-reagir-un-an-apres-les-emeutes-la-nouvelle-caledonie-cherche-toujours-a-se-reconstruire-2370383.html\" rel=\"noopener\" class=\"jsx-4233824444 Link flex\" target=\"_blank\"><img decoding=\"async\" src=\"https:\/\/www.europesays.com\/fr\/wp-content\/uploads\/2025\/05\/capdaceth-d770e0-0@1x.jpeg\" alt=\"Lire aussi\" loading=\"lazy\" importance=\"low\" fetchpriority=\"low\" class=\"\"\/>\n<p class=\"jsx-3657663356 ReadMoreArticle__Title\">Lire aussi<\/p>\n<p class=\"jsx-3657663356\">\u00ab\u00a0On se doit de r\u00e9agir\u00a0\u00bb : un an apr\u00e8s, le bilan \u00e9conomique d\u00e9sastreux des \u00e9meutes en Nouvelle-Cal\u00e9donie<\/p>\n<p><\/a><\/li>\n<\/ul>\n<p data-module=\"article-paragraph\" class=\"jsx-362436225 Paragraph Paragraph__End\">Il y a un an, de violentes \u00e9meutes avaient \u00e9clat\u00e9 en Nouvelle-Cal\u00e9donie, sur fond de mobilisation contre un projet de r\u00e9forme du corps \u00e9lectoral au scrutin provincial cal\u00e9donien, qui aurait diminu\u00e9 le poids de la population kanak dans le vote. Les \u00e9v\u00e8nements avaient fait 14 morts et engendr\u00e9 plusieurs milliards d&rsquo;euros de d\u00e9g\u00e2ts.<\/p>\n<p>IM avec AFP<\/p>\n","protected":false},"excerpt":{"rendered":"Le chef de l&rsquo;Etat va convier \u00ab\u00a0les parties prenantes de la Nouvelle-Cal\u00e9donie \u00e0 venir travailler \u00e0 Paris \u00e0&hellip;\n","protected":false},"author":2,"featured_media":132635,"comment_status":"","ping_status":"","sticky":false,"template":"","format":"standard","meta":{"footnotes":""},"categories":[1888],"tags":[1111,11,1921,1073,1777,674,1011,27,1922,12,23874,626,25,133,4530],"class_list":{"0":"post-132634","1":"post","2":"type-post","3":"status-publish","4":"format-standard","5":"has-post-thumbnail","7":"category-paris","8":"tag-actu","9":"tag-actualites","10":"tag-article-video","11":"tag-emmanuel-macron","12":"tag-eu","13":"tag-europe","14":"tag-fr","15":"tag-france","16":"tag-info","17":"tag-news","18":"tag-nouvelle-caledonie","19":"tag-paris","20":"tag-republique-francaise","21":"tag-video","22":"tag-video-politique"},"share_on_mastodon":{"url":"https:\/\/pubeurope.com\/@fr\/114581738834363773","error":""},"_links":{"self":[{"href":"https:\/\/www.europesays.com\/fr\/wp-json\/wp\/v2\/posts\/132634","targetHints":{"allow":["GET"]}}],"collection":[{"href":"https:\/\/www.europesays.com\/fr\/wp-json\/wp\/v2\/posts"}],"about":[{"href":"https:\/\/www.europesays.com\/fr\/wp-json\/wp\/v2\/types\/post"}],"author":[{"embeddable":true,"href":"https:\/\/www.europesays.com\/fr\/wp-json\/wp\/v2\/users\/2"}],"replies":[{"embeddable":true,"href":"https:\/\/www.europesays.com\/fr\/wp-json\/wp\/v2\/comments?post=132634"}],"version-history":[{"count":0,"href":"https:\/\/www.europesays.com\/fr\/wp-json\/wp\/v2\/posts\/132634\/revisions"}],"wp:featuredmedia":[{"embeddable":true,"href":"https:\/\/www.europesays.com\/fr\/wp-json\/wp\/v2\/media\/132635"}],"wp:attachment":[{"href":"https:\/\/www.europesays.com\/fr\/wp-json\/wp\/v2\/media?parent=132634"}],"wp:term":[{"taxonomy":"category","embeddable":true,"href":"https:\/\/www.europesays.com\/fr\/wp-json\/wp\/v2\/categories?post=132634"},{"taxonomy":"post_tag","embeddable":true,"href":"https:\/\/www.europesays.com\/fr\/wp-json\/wp\/v2\/tags?post=132634"}],"curies":[{"name":"wp","href":"https:\/\/api.w.org\/{rel}","templated":true}]}}