{"id":132643,"date":"2025-05-27T20:46:20","date_gmt":"2025-05-27T20:46:20","guid":{"rendered":"https:\/\/www.europesays.com\/fr\/132643\/"},"modified":"2025-05-27T20:46:20","modified_gmt":"2025-05-27T20:46:20","slug":"les-propos-du-fils-du-president-qui-ont-fait-reagir-lallemagne","status":"publish","type":"post","link":"https:\/\/www.europesays.com\/fr\/132643\/","title":{"rendered":"les propos du fils du pr\u00e9sident qui ont fait r\u00e9agir l&rsquo;Allemagne"},"content":{"rendered":"<p>L&rsquo;Allemagne a jug\u00e9 lundi \u00ab absurdes \u00bb les all\u00e9gations des autorit\u00e9s ougandaises accusant son ambassadeur d&rsquo;\u00eatre \u00ab engag\u00e9 dans des activit\u00e9s subversives \u00bb dans le pays.<\/p>\n<p>Dans un message sur son compte X, Muhoozi Kainerugaba, fils et pr\u00e9sum\u00e9 h\u00e9ritier politique du pr\u00e9sident Yoweri Museveni, a affirm\u00e9 que son pays a \u00ab quelques probl\u00e8mes avec l&rsquo;actuel ambassadeur allemand \u00bb Matthias Schauer, ne le jugeant \u00ab absolument pas qualifi\u00e9 pour \u00eatre en Ouganda \u00bb.<\/p>\n<p>M. Schauer, ambassadeur dans ce pays depuis 2020, a \u00e9t\u00e9 particuli\u00e8rement vis\u00e9 par l&rsquo;arm\u00e9e ougandaise, qui a accus\u00e9 certaines missions diplomatiques europ\u00e9ennes de soutenir des \u00ab groupes n\u00e9gatifs et tra\u00eetres \u00bb, dans un communiqu\u00e9 publi\u00e9 vendredi 23 mai. Dans la foul\u00e9e, Kampala a annonc\u00e9 suspendre toute coop\u00e9ration militaire avec l&rsquo;Allemagne.<\/p>\n<p>L&rsquo;Allemagne juge \u00ab absurdes \u00bb les accusations contre son ambassadeur<\/p>\n<p>\u00ab Les all\u00e9gations de l&rsquo;arm\u00e9e ougandaise sont absurdes et sans fondement \u00bb, a r\u00e9agi lundi 26 mai la porte-parole du minist\u00e8re allemand des Affaires \u00e9trang\u00e8res, Kathrin Deschauer lors d&rsquo;une conf\u00e9rence de presse. \u00ab Nous les rejetons cat\u00e9goriquement \u00bb. Selon la porte-parole, \u00ab il n&rsquo;existe aucune coop\u00e9ration militaire formelle avec l&rsquo;Ouganda \u00bb, donc il n&rsquo;y a \u00ab rien \u00e0 d\u00e9noncer \u00bb.<\/p>\n<p><a href=\"https:\/\/www.rfi.fr\/fr\/afrique\/20250527-ouganda-les-propos-du-fils-du-pr%C3%A9sident-qui-ont-fait-r%C3%A9agir-l-allemagne\" rel=\"nofollow noopener\" target=\"_blank\" data-ylk=\"slk:Lire la suite sur RFI;elm:context_link;itc:0;sec:content-canvas\" class=\"link \">Lire la suite sur RFI<\/a><\/p>\n","protected":false},"excerpt":{"rendered":"L&rsquo;Allemagne a jug\u00e9 lundi \u00ab absurdes \u00bb les all\u00e9gations des autorit\u00e9s ougandaises accusant son ambassadeur d&rsquo;\u00eatre \u00ab engag\u00e9&hellip;\n","protected":false},"author":2,"featured_media":132644,"comment_status":"","ping_status":"","sticky":false,"template":"","format":"standard","meta":{"footnotes":""},"categories":[1587],"tags":[11,672,1804,1153,1805,1803,1777,674,1801,3442,25766,25768,12,1802,25767],"class_list":{"0":"post-132643","1":"post","2":"type-post","3":"status-publish","4":"format-standard","5":"has-post-thumbnail","7":"category-allemagne","8":"tag-actualites","9":"tag-allemagne","10":"tag-bundesrepublik-deutschland","11":"tag-conference-de-presse","12":"tag-de","13":"tag-deutschland","14":"tag-eu","15":"tag-europe","16":"tag-germany","17":"tag-lallemagne","18":"tag-matthias-schauer","19":"tag-missions-diplomatiques","20":"tag-news","21":"tag-republique-federale-dallemagne","22":"tag-yoweri-museveni"},"share_on_mastodon":{"url":"https:\/\/pubeurope.com\/@fr\/114581758506924898","error":""},"_links":{"self":[{"href":"https:\/\/www.europesays.com\/fr\/wp-json\/wp\/v2\/posts\/132643","targetHints":{"allow":["GET"]}}],"collection":[{"href":"https:\/\/www.europesays.com\/fr\/wp-json\/wp\/v2\/posts"}],"about":[{"href":"https:\/\/www.europesays.com\/fr\/wp-json\/wp\/v2\/types\/post"}],"author":[{"embeddable":true,"href":"https:\/\/www.europesays.com\/fr\/wp-json\/wp\/v2\/users\/2"}],"replies":[{"embeddable":true,"href":"https:\/\/www.europesays.com\/fr\/wp-json\/wp\/v2\/comments?post=132643"}],"version-history":[{"count":0,"href":"https:\/\/www.europesays.com\/fr\/wp-json\/wp\/v2\/posts\/132643\/revisions"}],"wp:featuredmedia":[{"embeddable":true,"href":"https:\/\/www.europesays.com\/fr\/wp-json\/wp\/v2\/media\/132644"}],"wp:attachment":[{"href":"https:\/\/www.europesays.com\/fr\/wp-json\/wp\/v2\/media?parent=132643"}],"wp:term":[{"taxonomy":"category","embeddable":true,"href":"https:\/\/www.europesays.com\/fr\/wp-json\/wp\/v2\/categories?post=132643"},{"taxonomy":"post_tag","embeddable":true,"href":"https:\/\/www.europesays.com\/fr\/wp-json\/wp\/v2\/tags?post=132643"}],"curies":[{"name":"wp","href":"https:\/\/api.w.org\/{rel}","templated":true}]}}