{"id":132647,"date":"2025-05-27T20:48:09","date_gmt":"2025-05-27T20:48:09","guid":{"rendered":"https:\/\/www.europesays.com\/fr\/132647\/"},"modified":"2025-05-27T20:48:09","modified_gmt":"2025-05-27T20:48:09","slug":"limpossible-possibilite-de-la-federation-europeenne-hier-aujourdhui-demain-2-2","status":"publish","type":"post","link":"https:\/\/www.europesays.com\/fr\/132647\/","title":{"rendered":"L\u2019impossible possibilit\u00e9 de la f\u00e9d\u00e9ration europ\u00e9enne : hier, aujourd\u2019hui, demain (2\/2)"},"content":{"rendered":"<p>                        L\u2019impossible possibilit\u00e9 de la f\u00e9d\u00e9ration europ\u00e9enne : hier, aujourd\u2019hui, demain (2\/2)<\/p>\n<p class=\"byline author vcard\">Par    <a href=\"https:\/\/aoc.media\/auteur\/etienne-balibar\/\" title=\"Articles par \u00c9tienne Balibar\" class=\"author url fn\" rel=\"author nofollow noopener\" target=\"_blank\">\u00c9tienne Balibar<\/a><\/p>\n<p>Dans un monde qui voit se r\u00e9affirmer les imp\u00e9rialismes et la \u00ab\u00a0forme nation\u00a0\u00bb, peut-on exister en se constituant en puissance militaire aux apparences de f\u00e9d\u00e9ration inoffensive ? C\u2019est \u00e0 cette question que l\u2019Union Europ\u00e9enne doit r\u00e9pondre, alors m\u00eame qu\u2019elle traverse une crise identitaire in\u00e9dite, qui met durablement en p\u00e9ril son unit\u00e9 politique et ses principes d\u00e9mocratiques. Second volet de cet article issu d\u2019une conf\u00e9rence donn\u00e9e \u00e0 l\u2019Institut d\u2019\u00c9tudes Europ\u00e9ennes de l\u2019Universit\u00e9 Libre de Bruxelles le 8 mai 2025.<\/p>\n<p class=\"first-paragraph\">J\u2019en arrive alors, bien tard et de ce fait bien incompl\u00e8tement, \u00e0 la question de la f\u00e9d\u00e9ration, c\u2019est-\u00e0-dire aux usages et aux alternatives que recouvre ce terme pour nous aujourd\u2019hui. Je prendrai pour point de d\u00e9part une proposition r\u00e9cemment formul\u00e9e par le c\u00e9l\u00e8bre historien britannique Timothy Garton Ash (europhile convaincu) qui, comme plusieurs d\u2019entre nous sans doute, m\u2019a \u00e0 la fois frapp\u00e9 et laiss\u00e9 perplexe.<\/p>\n<p><a href=\"https:\/\/www.mnhn.fr\/fr\/ocean\" target=\"_blank\" rel=\"noopener nofollow\"><img fetchpriority=\"high\" decoding=\"async\" class=\"wp-image-243171 size-medium\" src=\"https:\/\/www.europesays.com\/fr\/wp-content\/uploads\/2025\/05\/MUSEUM-SENGAGE_OCEAN_300x250-Px-300x250.jpg\" alt=\"\" width=\"300\" height=\"250\"  \/><\/a>publicit\u00e9<\/p>\n<p>Soulevant un probl\u00e8me incontournable, elle en propose en m\u00eame temps une solution qui semble plut\u00f4t reproduire la difficult\u00e9. D\u00e9crivant en juillet 2023 dans <a href=\"https:\/\/legrandcontinent.eu\/fr\/2023\/07\/20\/lunion-comme-empire-post-imperial\/\" rel=\"nofollow noopener\" target=\"_blank\">Le Grand Continent<\/a> la renaissance du projet imp\u00e9rial russe et son extension possible \u00e0 des r\u00e9gions enti\u00e8res de l\u2019Europe orientale, tout en admettant sans d\u00e9tour que cette renaissance \u00e9tait pour une part la r\u00e9ponse \u00e0 ce qu\u2019il appelait \u00ab\u00a0l\u2019\u00e9largissement de l\u2019Occident g\u00e9opolitique\u00a0\u00bb apr\u00e8s l\u2019effondrement de l\u2019URSS, dont faisaient partie les expansions simultan\u00e9es ou d\u00e9cal\u00e9es de l\u2019Union europ\u00e9enne et de l\u2019OTAN, il expliquait que l\u2019Union europ\u00e9enne ne pourrait s\u2019en d\u00e9fendre qu\u2019en acqu\u00e9rant elle-m\u00eame une dimension imp\u00e9riale, c\u2019est-\u00e0-dire arm\u00e9e ou militaris\u00e9e, et centralis\u00e9e au point de vue de sa capacit\u00e9 de d\u00e9cision, bien que \u00ab\u00a0sans h\u00e9g\u00e9monie\u00a0\u00bb entre ses nations ou nationalit\u00e9s constituantes (comme c\u2019\u00e9tait le cas dans les empires traditionnels) ni restriction autoritariste de sa d\u00e9mocratie interne. D\u2019o\u00f9 la r\u00e9f\u00e9rence \u00e0 cet \u00ab\u00a0empire lib\u00e9ral\u00a0\u00bb qu\u2019auraient incarn\u00e9 historiquement les \u00c9tats-Unis d\u2019Am\u00e9rique, et le recours \u00e0 des formules oxymoriques comme \u00ab\u00a0empire post-imp\u00e9rial\u00a0\u00bb ou \u00ab\u00a0empire anti-imp\u00e9rial\u00a0\u00bb. En somme dans le monde des empires (et des imp\u00e9rialismes), ne peuvent subsister que des empires, mais il faudrait que l\u2019Europe en incarne la version la plus inoffensive.<\/p>\n<p>Ce paradoxe ne m\u2019a pas paru tenable, mais je me suis souvenu alors d\u2019un remarquable d\u00e9veloppement de Raymond Aron, datant maintenant d\u2019il y a plus de 60 ans, dans la section finale de son livre de 1962,\u00a0 Paix et guerre entre les nations,<\/p>\n<p class=\"author_name\">\n                <a href=\"https:\/\/aoc.media\/auteur\/etienne-balibar\/\" rel=\"nofollow noopener\" target=\"_blank\">\u00c9tienne Balibar<\/a>\n            <\/p>\n<p class=\"author_func\">\n                Philosophe            <\/p>\n","protected":false},"excerpt":{"rendered":"L\u2019impossible possibilit\u00e9 de la f\u00e9d\u00e9ration europ\u00e9enne : hier, aujourd\u2019hui, demain (2\/2) Par \u00c9tienne Balibar Dans un monde qui&hellip;\n","protected":false},"author":2,"featured_media":132648,"comment_status":"","ping_status":"","sticky":false,"template":"","format":"standard","meta":{"footnotes":""},"categories":[1586],"tags":[11,1777,674,1779,1011,27,14,12,2543,25,1778,364],"class_list":{"0":"post-132647","1":"post","2":"type-post","3":"status-publish","4":"format-standard","5":"has-post-thumbnail","7":"category-europe","8":"tag-actualites","9":"tag-eu","10":"tag-europe","11":"tag-european-union","12":"tag-fr","13":"tag-france","14":"tag-international","15":"tag-news","16":"tag-relations-internationales","17":"tag-republique-francaise","18":"tag-ue","19":"tag-union-europeenne"},"share_on_mastodon":{"url":"https:\/\/pubeurope.com\/@fr\/114581766438735422","error":""},"_links":{"self":[{"href":"https:\/\/www.europesays.com\/fr\/wp-json\/wp\/v2\/posts\/132647","targetHints":{"allow":["GET"]}}],"collection":[{"href":"https:\/\/www.europesays.com\/fr\/wp-json\/wp\/v2\/posts"}],"about":[{"href":"https:\/\/www.europesays.com\/fr\/wp-json\/wp\/v2\/types\/post"}],"author":[{"embeddable":true,"href":"https:\/\/www.europesays.com\/fr\/wp-json\/wp\/v2\/users\/2"}],"replies":[{"embeddable":true,"href":"https:\/\/www.europesays.com\/fr\/wp-json\/wp\/v2\/comments?post=132647"}],"version-history":[{"count":0,"href":"https:\/\/www.europesays.com\/fr\/wp-json\/wp\/v2\/posts\/132647\/revisions"}],"wp:featuredmedia":[{"embeddable":true,"href":"https:\/\/www.europesays.com\/fr\/wp-json\/wp\/v2\/media\/132648"}],"wp:attachment":[{"href":"https:\/\/www.europesays.com\/fr\/wp-json\/wp\/v2\/media?parent=132647"}],"wp:term":[{"taxonomy":"category","embeddable":true,"href":"https:\/\/www.europesays.com\/fr\/wp-json\/wp\/v2\/categories?post=132647"},{"taxonomy":"post_tag","embeddable":true,"href":"https:\/\/www.europesays.com\/fr\/wp-json\/wp\/v2\/tags?post=132647"}],"curies":[{"name":"wp","href":"https:\/\/api.w.org\/{rel}","templated":true}]}}