{"id":132653,"date":"2025-05-27T20:51:09","date_gmt":"2025-05-27T20:51:09","guid":{"rendered":"https:\/\/www.europesays.com\/fr\/132653\/"},"modified":"2025-05-27T20:51:09","modified_gmt":"2025-05-27T20:51:09","slug":"cette-declaration-de-zidane-sur-lequipe-de-france-de-foot-en-dit-long-sur-son-avenir","status":"publish","type":"post","link":"https:\/\/www.europesays.com\/fr\/132653\/","title":{"rendered":"Cette d\u00e9claration de Zidane sur l\u2019\u00e9quipe de France de foot en dit long sur son avenir"},"content":{"rendered":"<p>FOOTBALL &#8211; Un avenir qui sonne de plus en plus comme une \u00e9vidence. Grand favori pour le <a href=\"https:\/\/fr.news.yahoo.com\/zin%C3%A9dine-zidane-s%C3%A9lectionneur-bleus-didier-092752194.html\" data-ylk=\"slk:poste de s\u00e9lectionneur de l\u2019\u00e9quipe\u00a0de\u00a0France;elm:context_link;itc:0;sec:content-canvas;outcm:mb_qualified_link;_E:mb_qualified_link;ct:story;\" class=\"link  yahoo-link\" target=\"_blank\" rel=\"noopener\">poste de s\u00e9lectionneur de l\u2019\u00e9quipe\u00a0de\u00a0France<\/a>\u00a0apr\u00e8s le Mondial-2026, <a href=\"https:\/\/www.huffingtonpost.fr\/le-bon-lien\/article\/zinedine-zidane-a-felicite-le-streamer-kameto-apres-la-pixel-war_194851.html\" rel=\"nofollow noopener\" target=\"_blank\" data-ylk=\"slk:Zin\u00e9dine\u00a0Zidane\u00a0;elm:context_link;itc:0;sec:content-canvas\" class=\"link \">Zin\u00e9dine\u00a0Zidane\u00a0<\/a>affirme que c\u2019est \u00ab\u00a0un r\u00eave\u00a0\u00bb pour lui, rapporte ce mardi 27\u00a0mai le journal <a href=\"https:\/\/www.lequipe.fr\/Football\/Actualites\/-c-est-un-reve-j-ai-hate-estime-zinedine-zidane-a-propos-de-la-perspective-d-entrainer-les-bleus\/1565401\" rel=\"nofollow noopener\" target=\"_blank\" data-ylk=\"slk:L\u2019\u00c9quipe;elm:context_link;itc:0;sec:content-canvas\" class=\"link \">L\u2019\u00c9quipe<\/a>.<\/p>\n<p>\u00ab\u00a0Je me sens l\u00e9gitime en\u00a0\u00e9quipe\u00a0de\u00a0France\u00a0o\u00f9 j\u2019ai jou\u00e9 et pass\u00e9 pratiquement 12, 13, 14\u00a0ans comme joueur. Bien s\u00fbr c\u2019est\u00a0un r\u00eave, j\u2019ai\u00a0h\u00e2te\u00a0\u00bb, a expliqu\u00e9 l\u2019ancien capitaine des Bleus lors d\u2019un \u00e9v\u00e8nement organis\u00e9 par son \u00e9quipementier Adidas lundi. Contact\u00e9e par l\u2019AFP, Adidas n\u2019a pas confirm\u00e9 qu\u2019il avait prononc\u00e9 cette phrase.<\/p>\n<p><a href=\"https:\/\/fr.news.yahoo.com\/fan-psg-va-rater-finale-180003510.html\" data-ylk=\"slk:Ce fan du PSG va rater la finale de la Ligue des Champions contre l\u2019Inter Milan, mais sans rancune;elm:context_link;itc:0;sec:content-canvas;outcm:mb_qualified_link;_E:mb_qualified_link;ct:story;\" class=\"link  yahoo-link\" target=\"_blank\" rel=\"noopener\"> Ce fan du PSG va rater la finale de la Ligue des Champions contre l\u2019Inter Milan, mais sans rancune <\/a><\/p>\n<p>\u00ab\u00a0J\u2019ai mis ma carri\u00e8re entre parenth\u00e8ses un moment, mais je me sens pleinement entra\u00eeneur\u00a0\u00bb, a ajout\u00e9 le champion du monde 1998.<\/p>\n<p>Le s\u00e9lectionneur Didier Deschamps a annonc\u00e9 qu\u2019il n\u2019irait pas au-del\u00e0 de son contrat \u00e0 l\u2019\u00e9t\u00e9 2026, apr\u00e8s la Coupe du monde aux \u00c9tats-Unis, Canada et Mexique.\u00a0Zin\u00e9dine Zidane\u00a0est de longue date pressenti pour lui succ\u00e9der. Pour Deschamps, Zizou est d\u2019ailleurs\u00a0\u00ab\u00a0un tr\u00e8s bon candidat, naturel\u00a0\u00bb\u00a0\u00e0 sa succession.<\/p>\n<p>Ic\u00f4ne du football et du sport fran\u00e7ais, l\u2019ancien N.10, \u00e2g\u00e9 de 52\u00a0ans, n\u2019a jamais cach\u00e9 qu\u2019il r\u00eavait de la fonction. Sans poste depuis qu\u2019il a termin\u00e9 son deuxi\u00e8me passage au Real Madrid en 2021, il avait d\u00e9j\u00e0 dit \u00e0 L\u2019\u00c9quipe\u00a0en 2022\u00a0: \u00ab\u00a0Avec les Bleus, ce n\u2019est pas fini. J\u2019en ai envie, bien s\u00fbr. Je le serai (s\u00e9lectionneur ndlr), je l\u2019esp\u00e8re, un jour. J\u2019ai envie de boucler la boucle avec l\u2019\u00e9quipe\u00a0de\u00a0France\u00a0\u00bb.<\/p>\n<p><strong>\u00c0 voir \u00e9galement sur Le HuffPost\u00a0: <\/strong><\/p>\n<p><a href=\"https:\/\/fr.news.yahoo.com\/djibril-ciss%C3%A9-m-appelle-%C3%A0-170011312.html\" data-ylk=\"slk:Djibril Ciss\u00e9\u00a0: \u00ab\u00a0Si on m\u2019appelle \u00e0 60 ans pour jouer en Ligue 1, je serai l\u00e0\u00a0\u00bb;elm:context_link;itc:0;sec:content-canvas;outcm:mb_qualified_link;_E:mb_qualified_link;ct:story;\" class=\"link  yahoo-link\" target=\"_blank\" rel=\"noopener\"> Djibril Ciss\u00e9\u00a0: \u00ab\u00a0Si on m\u2019appelle \u00e0 60 ans pour jouer en Ligue 1, je serai l\u00e0\u00a0\u00bb <\/a><\/p>\n<p><a href=\"https:\/\/fr.news.yahoo.com\/parade-liverpool-vire-%C3%A0-l-072523577.html\" data-ylk=\"slk:La parade de Liverpool vire \u00e0 l\u2019horreur, des t\u00e9moins racontent le chaos apr\u00e8s qu\u2019une voiture a fonc\u00e9 dans la foule;elm:context_link;itc:0;sec:content-canvas;outcm:mb_qualified_link;_E:mb_qualified_link;ct:story;\" class=\"link  yahoo-link\" target=\"_blank\" rel=\"noopener\"> La parade de Liverpool vire \u00e0 l\u2019horreur, des t\u00e9moins racontent le chaos apr\u00e8s qu\u2019une voiture a fonc\u00e9 dans la foule <\/a><\/p>\n","protected":false},"excerpt":{"rendered":"FOOTBALL &#8211; Un avenir qui sonne de plus en plus comme une \u00e9vidence. Grand favori pour le poste&hellip;\n","protected":false},"author":2,"featured_media":132654,"comment_status":"","ping_status":"","sticky":false,"template":"","format":"standard","meta":{"footnotes":""},"categories":[4],"tags":[11,25770,25769,20532,1011,27,12,25771,4790,25,24863],"class_list":{"0":"post-132653","1":"post","2":"type-post","3":"status-publish","4":"format-standard","5":"has-post-thumbnail","7":"category-france","8":"tag-actualites","9":"tag-adidas","10":"tag-champion-du-monde-1998","11":"tag-didier-deschamps","12":"tag-fr","13":"tag-france","14":"tag-news","15":"tag-pour-deschamps","16":"tag-real-madrid","17":"tag-republique-francaise","18":"tag-zinedine-zidane"},"share_on_mastodon":{"url":"https:\/\/pubeurope.com\/@fr\/114581778141058895","error":""},"_links":{"self":[{"href":"https:\/\/www.europesays.com\/fr\/wp-json\/wp\/v2\/posts\/132653","targetHints":{"allow":["GET"]}}],"collection":[{"href":"https:\/\/www.europesays.com\/fr\/wp-json\/wp\/v2\/posts"}],"about":[{"href":"https:\/\/www.europesays.com\/fr\/wp-json\/wp\/v2\/types\/post"}],"author":[{"embeddable":true,"href":"https:\/\/www.europesays.com\/fr\/wp-json\/wp\/v2\/users\/2"}],"replies":[{"embeddable":true,"href":"https:\/\/www.europesays.com\/fr\/wp-json\/wp\/v2\/comments?post=132653"}],"version-history":[{"count":0,"href":"https:\/\/www.europesays.com\/fr\/wp-json\/wp\/v2\/posts\/132653\/revisions"}],"wp:featuredmedia":[{"embeddable":true,"href":"https:\/\/www.europesays.com\/fr\/wp-json\/wp\/v2\/media\/132654"}],"wp:attachment":[{"href":"https:\/\/www.europesays.com\/fr\/wp-json\/wp\/v2\/media?parent=132653"}],"wp:term":[{"taxonomy":"category","embeddable":true,"href":"https:\/\/www.europesays.com\/fr\/wp-json\/wp\/v2\/categories?post=132653"},{"taxonomy":"post_tag","embeddable":true,"href":"https:\/\/www.europesays.com\/fr\/wp-json\/wp\/v2\/tags?post=132653"}],"curies":[{"name":"wp","href":"https:\/\/api.w.org\/{rel}","templated":true}]}}