{"id":132663,"date":"2025-05-27T20:59:16","date_gmt":"2025-05-27T20:59:16","guid":{"rendered":"https:\/\/www.europesays.com\/fr\/132663\/"},"modified":"2025-05-27T20:59:16","modified_gmt":"2025-05-27T20:59:16","slug":"colere-et-demotivation-des-organisateurs-a-concarneau-il-ny-a-aura-plus-de-grand-prix-cycliste-de-beuzec-conq","status":"publish","type":"post","link":"https:\/\/www.europesays.com\/fr\/132663\/","title":{"rendered":"Col\u00e8re et d\u00e9motivation des organisateurs\u00a0: \u00e0 Concarneau, il n\u2019y a aura plus de Grand prix cycliste de Beuzec-Conq"},"content":{"rendered":"<p>Article r\u00e9serv\u00e9 aux abonn\u00e9s<\/p>\n<p class=\"tlg-h5\">Le comit\u00e9 des f\u00eates de Beuzec-Conq, \u00e0 Concarneau, jette l\u2019\u00e9ponge. Fin septembre\u00a02025, il n\u2019organisera pas la 77e \u00e9dition du Grand prix cycliste propos\u00e9 traditionnellement \u00e0 l\u2019occasion du pardon. En cause, un d\u00e9ficit financier chronique, des probl\u00e8mes de s\u00e9curit\u00e9 et de l\u2019incivilit\u00e9.<\/p>\n<p><img fetchpriority=\"high\" decoding=\"async\" src=\"https:\/\/www.europesays.com\/fr\/wp-content\/uploads\/2025\/05\/6835dd641f3b0b7dd20dfac6.1.jpeg\" width=\"960\" height=\"600\" class=\"web_golden_xl\" loading=\"eager\" alt=\"Le comit\u00e9 des f\u00eates de Beuzec \u00e0 Concarneau a d\u00e9cid\u00e9 de jeter l\u2019\u00e9ponge\u00a0: il n\u2019y aura plus de Grand prix cycliste par manque de motivation.\"\/>Le comit\u00e9 des f\u00eates de Beuzec \u00e0 Concarneau a d\u00e9cid\u00e9 de jeter l\u2019\u00e9ponge\u00a0: il n\u2019y aura plus de Grand prix cycliste par manque de motivation. (Archives Le T\u00e9l\u00e9gramme)<\/p>\n","protected":false},"excerpt":{"rendered":"Article r\u00e9serv\u00e9 aux abonn\u00e9s Le comit\u00e9 des f\u00eates de Beuzec-Conq, \u00e0 Concarneau, jette l\u2019\u00e9ponge. Fin septembre\u00a02025, il n\u2019organisera&hellip;\n","protected":false},"author":2,"featured_media":132664,"comment_status":"","ping_status":"","sticky":false,"template":"","format":"standard","meta":{"footnotes":""},"categories":[1411],"tags":[3322,1154,207,1011,27,60],"class_list":{"0":"post-132663","1":"post","2":"type-post","3":"status-publish","4":"format-standard","5":"has-post-thumbnail","7":"category-cyclisme","8":"tag-concarneau","9":"tag-cycling","10":"tag-cyclisme","11":"tag-fr","12":"tag-france","13":"tag-sports"},"share_on_mastodon":{"url":"https:\/\/pubeurope.com\/@fr\/114581809705646837","error":""},"_links":{"self":[{"href":"https:\/\/www.europesays.com\/fr\/wp-json\/wp\/v2\/posts\/132663","targetHints":{"allow":["GET"]}}],"collection":[{"href":"https:\/\/www.europesays.com\/fr\/wp-json\/wp\/v2\/posts"}],"about":[{"href":"https:\/\/www.europesays.com\/fr\/wp-json\/wp\/v2\/types\/post"}],"author":[{"embeddable":true,"href":"https:\/\/www.europesays.com\/fr\/wp-json\/wp\/v2\/users\/2"}],"replies":[{"embeddable":true,"href":"https:\/\/www.europesays.com\/fr\/wp-json\/wp\/v2\/comments?post=132663"}],"version-history":[{"count":0,"href":"https:\/\/www.europesays.com\/fr\/wp-json\/wp\/v2\/posts\/132663\/revisions"}],"wp:featuredmedia":[{"embeddable":true,"href":"https:\/\/www.europesays.com\/fr\/wp-json\/wp\/v2\/media\/132664"}],"wp:attachment":[{"href":"https:\/\/www.europesays.com\/fr\/wp-json\/wp\/v2\/media?parent=132663"}],"wp:term":[{"taxonomy":"category","embeddable":true,"href":"https:\/\/www.europesays.com\/fr\/wp-json\/wp\/v2\/categories?post=132663"},{"taxonomy":"post_tag","embeddable":true,"href":"https:\/\/www.europesays.com\/fr\/wp-json\/wp\/v2\/tags?post=132663"}],"curies":[{"name":"wp","href":"https:\/\/api.w.org\/{rel}","templated":true}]}}