{"id":132673,"date":"2025-05-27T21:04:11","date_gmt":"2025-05-27T21:04:11","guid":{"rendered":"https:\/\/www.europesays.com\/fr\/132673\/"},"modified":"2025-05-27T21:04:11","modified_gmt":"2025-05-27T21:04:11","slug":"koh-lanta-la-revanche-des-4-terres-emission-13-du-27-mai-2025-partie-1-koh-lanta","status":"publish","type":"post","link":"https:\/\/www.europesays.com\/fr\/132673\/","title":{"rendered":"Koh-Lanta La Revanche des 4 Terres &#8211; Emission 13 du 27 mai 2025 &#8211; Partie 1 &#8211; Koh-Lanta"},"content":{"rendered":"<p id=\"descriptionPanel\" aria-labelledby=\"descriptionArrow\" aria-expanded=\"false\" class=\"mr-2 line-clamp-2 pr-2.5 text-secondary overflow-visible\">Jer\u00f4me du Sud est maintenant comme Claire le dernier repr\u00e9sentant de la tribu du Sud. Maxime a r\u00e9ussi son coup et c&rsquo;est veng\u00e9 des deux ambassadeurs qui ne l&rsquo;ont pas prot\u00e9g\u00e9. Les deux ont l&rsquo;impression d&rsquo;\u00eatre de trop et sont mis \u00e0 l&rsquo;\u00e9cart de cette tribu blanche. Le bin\u00f4me Claire J\u00e9r\u00f4me se retrouve seul face aux autres mais, ils vont tout faire pour survivre \u00e0 cette \u00e9preuve. C&rsquo;est un vrai duel digne de David contre Goliath qui va commencer. Il va commencer avec cette \u00e9preuve de confort o\u00f9 il faut tout faire pour \u00e9viter l&rsquo;\u00e9preuve \u00e9liminatoire. Koh-Lanta 2025 &#8211; La Revanche des 4 Terres Emission 13 du 20 mai 2025 Partie 1<br \/>En savoir plus sur <a class=\"text-white hover:text-blue-500\" href=\"https:\/\/www.tf1.fr\/dossier\/denis-brogniart\" target=\"_blank\" rel=\"noopener\">Denis Brogniart<\/a><\/p>\n<p><a class=\"shrink-0\" href=\"https:\/\/www.tf1.fr\/tf1\/koh-lanta\" target=\"_blank\" rel=\"noopener\"><img decoding=\"async\" src=\"https:\/\/www.europesays.com\/fr\/wp-content\/uploads\/2025\/05\/program-card-portrait-1-kl-la-revanche-des-4-terres-dcd130-d9492c-0@1x.jpg\" width=\"138\" height=\"184\" alt=\"\" loading=\"eager\" fetchpriority=\"auto\" class=\"aspect-[3\/4] h-24 w-auto rounded-3px\" aria-hidden=\"true\"\/><\/a><\/p>\n","protected":false},"excerpt":{"rendered":"Jer\u00f4me du Sud est maintenant comme Claire le dernier repr\u00e9sentant de la tribu du Sud. Maxime a r\u00e9ussi&hellip;\n","protected":false},"author":2,"featured_media":132674,"comment_status":"","ping_status":"","sticky":false,"template":"","format":"standard","meta":{"footnotes":""},"categories":[1356],"tags":[58,2889,25779,59,1011,27,680,25780,13316,252,1364,13317,13315],"class_list":{"0":"post-132673","1":"post","2":"type-post","3":"status-publish","4":"format-standard","5":"has-post-thumbnail","7":"category-television","8":"tag-divertissement","9":"tag-emission","10":"tag-emission-koh-lanta","11":"tag-entertainment","12":"tag-fr","13":"tag-france","14":"tag-koh-lanta","15":"tag-koh-lanta-emission","16":"tag-streaming-koh-lanta","17":"tag-television","18":"tag-tv","19":"tag-video-en-streaming-koh-lanta","20":"tag-video-koh-lanta"},"share_on_mastodon":{"url":"https:\/\/pubeurope.com\/@fr\/114581829271616609","error":""},"_links":{"self":[{"href":"https:\/\/www.europesays.com\/fr\/wp-json\/wp\/v2\/posts\/132673","targetHints":{"allow":["GET"]}}],"collection":[{"href":"https:\/\/www.europesays.com\/fr\/wp-json\/wp\/v2\/posts"}],"about":[{"href":"https:\/\/www.europesays.com\/fr\/wp-json\/wp\/v2\/types\/post"}],"author":[{"embeddable":true,"href":"https:\/\/www.europesays.com\/fr\/wp-json\/wp\/v2\/users\/2"}],"replies":[{"embeddable":true,"href":"https:\/\/www.europesays.com\/fr\/wp-json\/wp\/v2\/comments?post=132673"}],"version-history":[{"count":0,"href":"https:\/\/www.europesays.com\/fr\/wp-json\/wp\/v2\/posts\/132673\/revisions"}],"wp:featuredmedia":[{"embeddable":true,"href":"https:\/\/www.europesays.com\/fr\/wp-json\/wp\/v2\/media\/132674"}],"wp:attachment":[{"href":"https:\/\/www.europesays.com\/fr\/wp-json\/wp\/v2\/media?parent=132673"}],"wp:term":[{"taxonomy":"category","embeddable":true,"href":"https:\/\/www.europesays.com\/fr\/wp-json\/wp\/v2\/categories?post=132673"},{"taxonomy":"post_tag","embeddable":true,"href":"https:\/\/www.europesays.com\/fr\/wp-json\/wp\/v2\/tags?post=132673"}],"curies":[{"name":"wp","href":"https:\/\/api.w.org\/{rel}","templated":true}]}}