{"id":132685,"date":"2025-05-27T21:10:10","date_gmt":"2025-05-27T21:10:10","guid":{"rendered":"https:\/\/www.europesays.com\/fr\/132685\/"},"modified":"2025-05-27T21:10:10","modified_gmt":"2025-05-27T21:10:10","slug":"le-telescope-james-webb-capture-une-nouvelle-image-de-lunivers-profond-photo","status":"publish","type":"post","link":"https:\/\/www.europesays.com\/fr\/132685\/","title":{"rendered":"Le t\u00e9lescope James Webb capture une nouvelle image de l&rsquo;Univers profond (PHOTO)"},"content":{"rendered":"<p class=\"ap-StoryElement ap-StoryElement--mb ap-StoryText\">Il s&rsquo;agit \u00e9galement du \u00ab\u00a0regard le plus profond de James Webb sur une cible unique \u00e0 ce jour\u00a0\u00bb, selon l&rsquo;ESA, ce qui en fait l&rsquo;une des images les plus profondes jamais captur\u00e9es de l&rsquo;Univers.<\/p>\n<p class=\"ap-StoryElement ap-StoryElement--mb ap-StoryText\">Au centre lumineux de l&rsquo;image, se trouve Abell S1063, un amas massif de galaxies, situ\u00e9 \u00e0 4,5 milliards d&rsquo;ann\u00e9es lumi\u00e8re de la Terre.<\/p>\n<p class=\"ap-StoryElement ap-StoryElement--mb ap-StoryText\">De tels objets c\u00e9lestes gigantesques peuvent courber la lumi\u00e8re d&rsquo;objets situ\u00e9s derri\u00e8re eux, cr\u00e9ant une sorte de loupe cosmique appel\u00e9e \u00ab\u00a0lentille gravitationnelle\u00a0\u00bb.<\/p>\n<p class=\"ap-StoryElement ap-StoryElement--mb ap-StoryText\">Ce sont les \u00ab\u00a0arcs d\u00e9form\u00e9s\u00a0\u00bb en rotation autour d&rsquo;Abell S1063 qui int\u00e9ressent les scientifiques, explique l&rsquo;ESA dans son communiqu\u00e9.<\/p>\n<p class=\"ap-StoryElement ap-StoryElement--mb ap-StoryText\">Comme regarder loin dans l&rsquo;Univers revient aussi \u00e0 remonter le temps, ils esp\u00e8rent ainsi comprendre comment se sont form\u00e9es les premi\u00e8res galaxies, durant une p\u00e9riode appel\u00e9e l'\u00a0\u00bbaube cosmique\u00a0\u00bb, lorsque l&rsquo;Univers n&rsquo;avait que quelques millions d&rsquo;ann\u00e9es.<\/p>\n<p class=\"ap-StoryElement ap-StoryElement--mb ap-StoryText\">L&rsquo;image comprend neuf prises de vue distinctes \u00e0 diff\u00e9rentes longueurs d&rsquo;onde dans le proche infrarouge, selon l&rsquo;ESA.<\/p>\n<p><img loading=\"lazy\" decoding=\"async\" class=\"w-full lazyload lazyload--opacity object-contain\" style=\"aspect-ratio:105 \/ 100;opacity:1\" alt=\"This undated handout image released by European Space Agency (ESA) on May 27, 2025, shows an image of galaxy cluster Abell S1063 lying some 4.5 billion light-years from Earth in the constellation Grus (the Crane) taken by The James Webb Space Telescope. (Photo by HANDOUT \/ ESA\/WEBB \/ AFP) \/ RESTRICTED TO EDITORIAL USE - MANDATORY CREDIT &quot;AFP PHOTO\/ESA\/ NASA &amp; CSA, H. Atek, M. Zamani\/HANDOUT &quot; - NO MARKETING NO ADVERTISING CAMPAIGNS - DISTRIBUTED AS A SERVICE TO CLIENTS\" width=\"6920\" height=\"6615\" fetchpriority=\"auto\" src=\"https:\/\/www.europesays.com\/fr\/wp-content\/uploads\/2025\/04\/S5VKD3X55FFF3BW6V4SEHXNP7I.png\"  data- data-optimumx=\"1\"\/>Le t\u00e9lescope James Webb capture une nouvelle image de l&rsquo;Univers profond<\/p>\n","protected":false},"excerpt":{"rendered":"Il s&rsquo;agit \u00e9galement du \u00ab\u00a0regard le plus profond de James Webb sur une cible unique \u00e0 ce jour\u00a0\u00bb,&hellip;\n","protected":false},"author":2,"featured_media":132686,"comment_status":"","ping_status":"","sticky":false,"template":"","format":"standard","meta":{"footnotes":""},"categories":[7],"tags":[48,386,1011,27,43,40,41,39,42,44],"class_list":{"0":"post-132685","1":"post","2":"type-post","3":"status-publish","4":"format-standard","5":"has-post-thumbnail","7":"category-sciences-et-technologies","8":"tag-astronomie","9":"tag-espace","10":"tag-fr","11":"tag-france","12":"tag-science","13":"tag-science-and-technology","14":"tag-sciences","15":"tag-sciences-et-technologies","16":"tag-technologies","17":"tag-technology"},"share_on_mastodon":{"url":"https:\/\/pubeurope.com\/@fr\/114581852911843724","error":""},"_links":{"self":[{"href":"https:\/\/www.europesays.com\/fr\/wp-json\/wp\/v2\/posts\/132685","targetHints":{"allow":["GET"]}}],"collection":[{"href":"https:\/\/www.europesays.com\/fr\/wp-json\/wp\/v2\/posts"}],"about":[{"href":"https:\/\/www.europesays.com\/fr\/wp-json\/wp\/v2\/types\/post"}],"author":[{"embeddable":true,"href":"https:\/\/www.europesays.com\/fr\/wp-json\/wp\/v2\/users\/2"}],"replies":[{"embeddable":true,"href":"https:\/\/www.europesays.com\/fr\/wp-json\/wp\/v2\/comments?post=132685"}],"version-history":[{"count":0,"href":"https:\/\/www.europesays.com\/fr\/wp-json\/wp\/v2\/posts\/132685\/revisions"}],"wp:featuredmedia":[{"embeddable":true,"href":"https:\/\/www.europesays.com\/fr\/wp-json\/wp\/v2\/media\/132686"}],"wp:attachment":[{"href":"https:\/\/www.europesays.com\/fr\/wp-json\/wp\/v2\/media?parent=132685"}],"wp:term":[{"taxonomy":"category","embeddable":true,"href":"https:\/\/www.europesays.com\/fr\/wp-json\/wp\/v2\/categories?post=132685"},{"taxonomy":"post_tag","embeddable":true,"href":"https:\/\/www.europesays.com\/fr\/wp-json\/wp\/v2\/tags?post=132685"}],"curies":[{"name":"wp","href":"https:\/\/api.w.org\/{rel}","templated":true}]}}