{"id":132704,"date":"2025-05-27T21:20:12","date_gmt":"2025-05-27T21:20:12","guid":{"rendered":"https:\/\/www.europesays.com\/fr\/132704\/"},"modified":"2025-05-27T21:20:12","modified_gmt":"2025-05-27T21:20:12","slug":"ce-nest-pas-a-la-hauteur-il-faut-des-reunions-avec-la-tpm-ce-que-pensent-les-associations-du-lancement-de-lenquete-publique-sur-le-superbus-toulonnais","status":"publish","type":"post","link":"https:\/\/www.europesays.com\/fr\/132704\/","title":{"rendered":"\u00ab\u00a0Ce n&rsquo;est pas \u00e0 la hauteur\u00a0\u00bb, \u00ab\u00a0il faut des r\u00e9unions avec la TPM\u00a0\u00bb&#8230; Ce que pensent les associations du lancement de l&rsquo;enqu\u00eate publique sur le \u00ab\u00a0superbus\u00a0\u00bb toulonnais"},"content":{"rendered":"<p>Une pi\u00e8ce minuscule, dans un recoin du si\u00e8ge de la <strong>m\u00e9tropole Toulon Provence M\u00e9diterran\u00e9e<\/strong>, \u00e0 la Rode. C\u2019est ici qu\u2019avait lieu hier la toute premi\u00e8re permanence du commissaire enqu\u00eateur Bertrand Nicolas. Sur le bureau de cet ancien militaire, d\u00e9sign\u00e9 par le tribunal administratif: un dossier de 1.700 pages pr\u00e9sentant les moindres d\u00e9tails du <a href=\"https:\/\/www.varmatin.com\/vie-locale\/le-superbus-enfin-sur-la-bonne-voie--987327\" rel=\"nofollow noopener\" target=\"_blank\">projet de Bus \u00e0 haut niveau de service (BHNS)<\/a>, dont le premier tron\u00e7on doit \u00eatre inaugur\u00e9 en 2028 dans l\u2019aire toulonnaise.\u00a0\u00ab\u00a0L\u2019endroit est tout petit, il n\u2019y a m\u00eame pas de plan affich\u00e9 au mur\u2026 Franchement, ce n\u2019est pas \u00e0 la hauteur du <strong>lancement d\u2019une enqu\u00eate publique<\/strong> portant sur une telle op\u00e9ration\u00a0\u00bb, soupire <strong>Anne-Marie Reboul<\/strong>, membre de l<strong>\u2019association<\/strong> <strong>Toulon@venir<\/strong>. \u00c9galement pr\u00e9sente d\u00e8s l\u2019ouverture de la permanence, <strong>Dominique Taieb<\/strong>, de l\u2019A<strong>ssociation d\u00e9fense et protection du Faron<\/strong>, est surprise par la modestie des lieux. \u00ab\u00a0On voudrait que personne ne vienne qu\u2019on ne s\u2019y prendrait pas autrement.\u00a0\u00bb<\/p>\n<p>                                Le site propre du transport en commun pas si \u00ab\u00a0propre\u00a0\u00bb? <\/p>\n<p>Comme elles, une poign\u00e9e de <strong>curieux ont franchi d\u00e8s hier la porte de TPM pour \u00e9tudier les esquisses du futur transport en commun de l\u2019agglom\u00e9ration<\/strong>. Et coucher noir sur blanc leurs premiers commentaires. David craint d\u2019\u00eatre expropri\u00e9 d\u2019une partie de son terrain, du c\u00f4t\u00e9 de Brunet. Francis et R\u00e9gis, cadres chez TotalEnergies, viennent voir si la station-service du boulevard Clemenceau pourrait \u00eatre impact\u00e9e par le projet. <strong>Pierre Barth\u00e9l\u00e9my<\/strong>, lui, est membre de <strong>Toulon en Commun<\/strong>, la formation politique de gauche qui r\u00e9clame depuis des ann\u00e9es un tramway dans l\u2019agglom\u00e9ration. En tournant les pages, le militant peste contre ce qu\u2019il lit et d\u00e9nonce \u00ab\u00a0un choix sous-dimensionn\u00e9.\u00a0\u00bb<\/p>\n<p>Si l\u2019imposant document ne r\u00e9v\u00e8le pas de surprises majeures, il confirme les craintes de ceux qui continuent \u00e0 appeler de leurs v\u0153ux un transport sur rails. En guise de voie r\u00e9serv\u00e9e &#8211; le fameux site propre qui permet normalement de s\u2019affranchir de la circulation &#8211; on d\u00e9couvre un <strong>\u00ab\u00a0superbus\u00a0\u00bb qui partagera la route avec les autres v\u00e9hicules du R\u00e9seau mistral sur 70% du parcours<\/strong>\u2026 et, de fait, avec le trafic automobile le reste du temps.<\/p>\n<p>Quant aux grandes lignes du <strong>projet \u00e0 400 millions d\u2019euros<\/strong>, elles sont connues: propuls\u00e9 \u00e0 l\u2019\u00e9lectrique, le BHNS doit rouler entre Naval Group (Ollioules) et Bir Hakeim (Toulon) d\u00e8s 2028; entre Bois sacr\u00e9 (La Seyne) et la gare de La Garde en 2038. Oubli\u00e9es, en revanche, les <a href=\"https:\/\/www.varmatin.com\/politique\/ces-cinq-dossiers-chauds-surle-bureau-de-jean-pierre-giran-970882\" rel=\"nofollow noopener\" target=\"_blank\">r\u00e9centes affirmations du pr\u00e9sident de TPM <strong>Jean-Pierre Giran<\/strong><\/a>\u00a0qui promettait un transport en commun en site propre (TCSP) empruntant l\u2019autoroute et atteignant la cit\u00e9 du Rocher d\u2019ici trois ans. La solution envisag\u00e9e pour rallier les communes de l\u2019est toulonnais reste bien de faire passer l\u2019engin de 24 m\u00e8tres par Saint-Jean-du-Var, en partageant la voie avec les voitures. Un sacr\u00e9 pari quand on conna\u00eet l\u2019\u00e9troitesse et l\u2019encombrement du quartier.<\/p>\n<p>Pour obtenir des pr\u00e9cisions, les membres des associations rencontr\u00e9s sont unanimes: \u00ab\u00a0Il faut que TPM fasse des r\u00e9unions publiques sur le BHNS!\u00a0\u00bb Sauf que la M\u00e9tropole n\u2019a pas cette obligation l\u00e9gale. \u00ab\u00a0Si on ressent que c\u2019est un vrai besoin, on peut toutefois faire en sorte qu\u2019il en soit organis\u00e9\u00a0\u00bb, assure le commissaire enqu\u00eateur Bertrand Nicolas. <\/p>\n<p><strong>Savoir+<\/strong><br \/>&#13;<br \/>\nEnqu\u00eate publique du 26 mai au 25 juin. <br \/>&#13;<br \/>\nToutes les informations sur: <a href=\"http:\/\/www.registre-dematerialise.fr\/6182\/\" target=\"_blank\" rel=\"noopener nofollow\">www.registre-dematerialise.fr\/6182\/<\/a><\/p>\n","protected":false},"excerpt":{"rendered":"Une pi\u00e8ce minuscule, dans un recoin du si\u00e8ge de la m\u00e9tropole Toulon Provence M\u00e9diterran\u00e9e, \u00e0 la Rode. C\u2019est&hellip;\n","protected":false},"author":2,"featured_media":132705,"comment_status":"","ping_status":"","sticky":false,"template":"","format":"standard","meta":{"footnotes":""},"categories":[9619],"tags":[1111,11,1777,674,1011,27,12,882,25,2310,3366],"class_list":{"0":"post-132704","1":"post","2":"type-post","3":"status-publish","4":"format-standard","5":"has-post-thumbnail","7":"category-toulon","8":"tag-actu","9":"tag-actualites","10":"tag-eu","11":"tag-europe","12":"tag-fr","13":"tag-france","14":"tag-news","15":"tag-provence-alpes-cote-dazur","16":"tag-republique-francaise","17":"tag-toulon","18":"tag-vie-locale"},"share_on_mastodon":{"url":"https:\/\/pubeurope.com\/@fr\/114581892176065661","error":""},"_links":{"self":[{"href":"https:\/\/www.europesays.com\/fr\/wp-json\/wp\/v2\/posts\/132704","targetHints":{"allow":["GET"]}}],"collection":[{"href":"https:\/\/www.europesays.com\/fr\/wp-json\/wp\/v2\/posts"}],"about":[{"href":"https:\/\/www.europesays.com\/fr\/wp-json\/wp\/v2\/types\/post"}],"author":[{"embeddable":true,"href":"https:\/\/www.europesays.com\/fr\/wp-json\/wp\/v2\/users\/2"}],"replies":[{"embeddable":true,"href":"https:\/\/www.europesays.com\/fr\/wp-json\/wp\/v2\/comments?post=132704"}],"version-history":[{"count":0,"href":"https:\/\/www.europesays.com\/fr\/wp-json\/wp\/v2\/posts\/132704\/revisions"}],"wp:featuredmedia":[{"embeddable":true,"href":"https:\/\/www.europesays.com\/fr\/wp-json\/wp\/v2\/media\/132705"}],"wp:attachment":[{"href":"https:\/\/www.europesays.com\/fr\/wp-json\/wp\/v2\/media?parent=132704"}],"wp:term":[{"taxonomy":"category","embeddable":true,"href":"https:\/\/www.europesays.com\/fr\/wp-json\/wp\/v2\/categories?post=132704"},{"taxonomy":"post_tag","embeddable":true,"href":"https:\/\/www.europesays.com\/fr\/wp-json\/wp\/v2\/tags?post=132704"}],"curies":[{"name":"wp","href":"https:\/\/api.w.org\/{rel}","templated":true}]}}