{"id":132706,"date":"2025-05-27T21:21:08","date_gmt":"2025-05-27T21:21:08","guid":{"rendered":"https:\/\/www.europesays.com\/fr\/132706\/"},"modified":"2025-05-27T21:21:08","modified_gmt":"2025-05-27T21:21:08","slug":"la-prison-de-villeneuve-deborde-168-detenus-dorment-a-meme-le-sol","status":"publish","type":"post","link":"https:\/\/www.europesays.com\/fr\/132706\/","title":{"rendered":"la prison de Villeneuve d\u00e9borde, 168 d\u00e9tenus dorment \u00e0 m\u00eame le sol"},"content":{"rendered":"<p>            Par<br \/>\n        <strong><br \/>\n            <a href=\"https:\/\/actu.fr\/auteur\/metropoop\" title=\"Consulter tous les articles de R\u00e9daction M\u00e9tropolitain\" target=\"_blank\" rel=\"noopener\">R\u00e9daction M\u00e9tropolitain<\/a><br \/>\n        <\/strong><\/p>\n<p>        Publi\u00e9 le<\/p>\n<p>            27 mai 2025 \u00e0 18h42<br \/>\n        ; mis \u00e0 jour le 27 mai 2025 \u00e0 18h56    <\/p>\n<p>\u00ab\u00a0Dimanche, un surveillant a re\u00e7u des \u00e9claboussures d\u2019huile chaude en pleine figure.\u00a0\u00bb Cet \u00e9v\u00e8nement r\u00e9sume \u00e0 lui seul l\u2019\u00e9tat d\u2019urgence qui r\u00e8gne au centre p\u00e9nitentiaire de Villeneuve-l\u00e8s-Maguelone, pr\u00e8s de Montpellier. L\u2019\u00e9tablissement, cens\u00e9 accueillir 587 d\u00e9tenus, en h\u00e9berge aujourd\u2019hui <strong>1 054<\/strong>. Un taux de surpopulation de <strong>180 %<\/strong>. Une d\u00e9rive que d\u00e9nonce avec force Marine Orengo, secr\u00e9taire locale de l\u2019Ufap Unsa Justice : \u00ab\u00a0Le centre p\u00e9nitentiaire d\u00e9passe les limites structurelles et de gestion.\u00a0\u00bb<\/p>\n<p>    <a href=\"https:\/\/www.google.com\/maps\/embed?pb=!1m18!1m12!1m3!1d23106.53565652367!2d3.8731775999999996!3d43.620761599999994!2m3!1f0!2f0!3f0!3m2!1i1024!2i768!4f13.1!3m3!1m2!1s0x12b6b188c31dde45%3A0x727b5ff216c4aaa3!2sMaison%20d%27Arr%C3%AAt%20de%20Villeneuve-l%C3%A8s-Maguelone!5e0!3m2!1sen!2sfr!4v1748364975336!5m2!1sen!2sfr\" title=\"Ouvrie le lien\" target=\"_blank\" rel=\"noopener\">Cliquez ici pour visualiser le contenu<\/a><\/p>\n<p class=\" wall-content\">Les chiffres parlent d\u2019eux-m\u00eames. La prison ne peut plus absorber les arriv\u00e9es. Entre le vendredi 19h et le lundi matin 7h, 19 nouveaux d\u00e9tenus ont \u00e9t\u00e9 enregistr\u00e9s. Faute de place, 168 hommes dorment par terre, sur un matelas pos\u00e9 \u00e0 m\u00eame le sol. Le quartier arrivants est lui aussi satur\u00e9. Des mutations internes ont d\u00fb \u00eatre improvis\u00e9es en urgence. Une cellule pr\u00e9vue pour quatre personnes en h\u00e9berge d\u00e9sormais six. \u00ab\u00a0Ces mutations, parfois la nuit ou le week-end, mettent en danger les personnels p\u00e9nitentiaires. Elles fragilisent l\u2019organisation enti\u00e8re.\u00a0\u00bb<\/p>\n<p>Un quotidien min\u00e9 par la promiscuit\u00e9 et la violence<\/p>\n<p class=\" wall-content\">La surpopulation transforme chaque moment en source de tension. Les surveillants sont confront\u00e9s \u00e0 une promiscuit\u00e9 insupportable, \u00e0 la hausse des trafics, des violences et \u00e0 une d\u00e9t\u00e9rioration des conditions sanitaires. \u00ab\u00a0Punaises de lit, rats, cafards\u2026 tout cela fait partie du quotidien\u00a0\u00bb, d\u00e9crit la repr\u00e9sentante syndicale.\u00a0Les d\u00e9tenus souffrent aussi. Beaucoup pr\u00e9sentent des troubles psychiatriques ou psychologiques. Les agents ne disposent pas de formation m\u00e9dicale et doivent pourtant g\u00e9rer ces pathologies dans un environnement hostile. Les comportements violents, souvent mal compris, \u00e9chappent \u00e0 tout cadre d\u2019analyse. \u00ab\u00a0Les conditions de d\u00e9tention sont mauvaises. Il faut tout g\u00e9rer, mais tout est multipli\u00e9 par le nombre de d\u00e9tenus.\u00a0\u00bb<\/p>\n<p class=\" wall-content\">\u00c0 mesure que les d\u00e9tenus arrivent, les effectifs, eux, diminuent. D\u00e9parts en retraite, mutations, manque de renforts : le personnel s\u2019\u00e9puise. \u00ab\u00a0Tous les corps et grades sont au bord de la rupture\u00a0\u00bb, pr\u00e9vient la secr\u00e9taire locale de l\u2019Ufap. Les urgences m\u00e9dicales, de plus en plus fr\u00e9quentes, obligent \u00e0 mobiliser des agents \u00e0 l\u2019ext\u00e9rieur.\u00a0<\/p>\n<p>Vid\u00e9os : en ce moment sur ActuUn cri d\u2019alerte lanc\u00e9 depuis l\u2019int\u00e9rieur<\/p>\n<p class=\" wall-content\">Face \u00e0 ce naufrage, le syndicat tire la sonnette d\u2019alarme. Il appelle les autorit\u00e9s judiciaires \u00e0 r\u00e9guler la surpopulation carc\u00e9rale avec les moyens l\u00e9gaux d\u00e9j\u00e0 existants. \u00ab\u00a0Nous exigeons le transfert imm\u00e9diat des d\u00e9tenus condamn\u00e9s sans permis de visite vers des \u00e9tablissements moins satur\u00e9s. Nous en avons plus de 350\u00a0\u00bb, pr\u00e9cise Marine Orengo. \u00c0 cela s\u2019ajoutent 90 d\u00e9tenus sous ITF (interdiction du territoire fran\u00e7ais) ou OQTF (obligation de quitter le territoire fran\u00e7ais) qui n\u2019ont pas vocation \u00e0 rester sur le territoire. \u00ab\u00a0Ce sont plus de <strong>440 personnes<\/strong> qui pourraient \u00eatre envoy\u00e9es ailleurs, mais rien ne bouge.\u00a0\u00bb<\/p>\n<p class=\" wall-content\">L\u2019\u00e9tablissement de Villeneuve-l\u00e8s-Maguelone n\u2019est pas un cas isol\u00e9, mais il cristallise une crise structurelle du syst\u00e8me carc\u00e9ral fran\u00e7ais. La prison d\u00e9borde, et avec elle la patience de ceux qui y travaillent.\u00a0<\/p>\n<p class=\" wall-content\">Suivez toute l\u2019actualit\u00e9 de vos villes et m\u00e9dias favoris en vous inscrivant \u00e0 <a href=\"https:\/\/moncompte.actu.fr\" title=\"D\u00e9couvez Mon Actu\" rel=\"nofollow noopener\" data-trk=\"{&quot;cta&quot;:{&quot;action&quot;:&quot;https:\\\/\\\/moncompte.actu.fr&quot;,&quot;category&quot;:&quot;mon compte&quot;,&quot;from&quot;:&quot;article footer&quot;,&quot;name&quot;:&quot;Mon actu&quot;,&quot;type&quot;:&quot;cta&quot;}}\" target=\"_blank\">Mon Actu<\/a>.<\/p>\n","protected":false},"excerpt":{"rendered":"Par R\u00e9daction M\u00e9tropolitain Publi\u00e9 le 27 mai 2025 \u00e0 18h42 ; mis \u00e0 jour le 27 mai 2025&hellip;\n","protected":false},"author":2,"featured_media":132707,"comment_status":"","ping_status":"","sticky":false,"template":"","format":"standard","meta":{"footnotes":""},"categories":[9599],"tags":[1111,11,1777,674,1011,27,2208,12,2680,899,25,104],"class_list":{"0":"post-132706","1":"post","2":"type-post","3":"status-publish","4":"format-standard","5":"has-post-thumbnail","7":"category-montpellier","8":"tag-actu","9":"tag-actualites","10":"tag-eu","11":"tag-europe","12":"tag-fr","13":"tag-france","14":"tag-montpellier","15":"tag-news","16":"tag-occitanie","17":"tag-prisons","18":"tag-republique-francaise","19":"tag-societe"},"share_on_mastodon":{"url":"https:\/\/pubeurope.com\/@fr\/114581896135874916","error":""},"_links":{"self":[{"href":"https:\/\/www.europesays.com\/fr\/wp-json\/wp\/v2\/posts\/132706","targetHints":{"allow":["GET"]}}],"collection":[{"href":"https:\/\/www.europesays.com\/fr\/wp-json\/wp\/v2\/posts"}],"about":[{"href":"https:\/\/www.europesays.com\/fr\/wp-json\/wp\/v2\/types\/post"}],"author":[{"embeddable":true,"href":"https:\/\/www.europesays.com\/fr\/wp-json\/wp\/v2\/users\/2"}],"replies":[{"embeddable":true,"href":"https:\/\/www.europesays.com\/fr\/wp-json\/wp\/v2\/comments?post=132706"}],"version-history":[{"count":0,"href":"https:\/\/www.europesays.com\/fr\/wp-json\/wp\/v2\/posts\/132706\/revisions"}],"wp:featuredmedia":[{"embeddable":true,"href":"https:\/\/www.europesays.com\/fr\/wp-json\/wp\/v2\/media\/132707"}],"wp:attachment":[{"href":"https:\/\/www.europesays.com\/fr\/wp-json\/wp\/v2\/media?parent=132706"}],"wp:term":[{"taxonomy":"category","embeddable":true,"href":"https:\/\/www.europesays.com\/fr\/wp-json\/wp\/v2\/categories?post=132706"},{"taxonomy":"post_tag","embeddable":true,"href":"https:\/\/www.europesays.com\/fr\/wp-json\/wp\/v2\/tags?post=132706"}],"curies":[{"name":"wp","href":"https:\/\/api.w.org\/{rel}","templated":true}]}}