{"id":132708,"date":"2025-05-27T21:22:12","date_gmt":"2025-05-27T21:22:12","guid":{"rendered":"https:\/\/www.europesays.com\/fr\/132708\/"},"modified":"2025-05-27T21:22:12","modified_gmt":"2025-05-27T21:22:12","slug":"le-tableau-complet-des-transferts-arrivees-et-departs","status":"publish","type":"post","link":"https:\/\/www.europesays.com\/fr\/132708\/","title":{"rendered":"Le tableau complet des transferts, arriv\u00e9es et d\u00e9parts"},"content":{"rendered":"<p style=\"text-align: justify;\"><strong>TRANSFERTS MONTPELLIER \u2013 Retrouvez tous les mouvements du Montpellier H\u00e9rault SC pour l\u2019intersaison 2025 en Ligue 2. Arriv\u00e9es, d\u00e9part, pr\u00eats, transferts d\u00e9finitifs, ne ratez rien du mercato estival.\u00a0<\/strong><\/p>\n<p>Tableau des transferts du Montpellier HSC 2025-2026<\/p>\n<p style=\"text-align: justify;\"><strong>Tableau mis \u00e0 jour le 27 mai 2025.<\/strong><\/p>\n<tr>\n<td style=\"text-align: center;vertical-align: middle;width: 400px\" colspan=\"2\"><strong><img loading=\"lazy\" decoding=\"async\" class=\"alignnone wp-image-45021 perfmatters-lazy\" alt=\"\" width=\"100\" height=\"100\" src=\"https:\/\/www.europesays.com\/fr\/wp-content\/uploads\/2025\/05\/Montpellier_H\u00e9rault_Sport_Club_logo_2000.png\"  data-\/><br \/>MONTPELLIER<\/strong><\/td>\n<\/tr>\n<tr>\n<td style=\"text-align: center;vertical-align: middle;width: 400px\"><strong>\u25bc ARRIV\u00c9ES<\/strong><\/td>\n<td style=\"text-align: center;vertical-align: middle;width: 400px\"><strong>\u25b2 D\u00c9PARTS<\/strong><\/td>\n<\/tr>\n<tr>\n<td style=\"vertical-align: middle;text-align: justify;width: 400px\"><strong>JULIEN LAPORTE<\/strong> \u2192 Lorient (fin de contrat)<br \/><strong>BIRAMA TOUR\u00c9<\/strong> \u2192 Manisa (retour de pr\u00eat)<\/td>\n<td style=\"vertical-align: middle;text-align: justify;width: 400px\"><strong>BAMO ME\u00cfT\u00c9<\/strong> \u2192 Marseille (retour de pr\u00eat)<br \/><strong>RABBY NZINGOULA<\/strong> \u2192 Strasbourg (retour de pr\u00eat)<br \/><strong>ANDY DELORT<\/strong> \u2192 MC Alger (retour de pr\u00eat)<\/td>\n<\/tr>\n<p>Source : <a href=\"https:\/\/www.transfermarkt.fr\/\" target=\"_blank\" rel=\"noopener\">Transfermarkt<\/a><\/p>\n<p>\u00c0 ce sujet<\/p>\n","protected":false},"excerpt":{"rendered":"TRANSFERTS MONTPELLIER \u2013 Retrouvez tous les mouvements du Montpellier H\u00e9rault SC pour l\u2019intersaison 2025 en Ligue 2. Arriv\u00e9es,&hellip;\n","protected":false},"author":2,"featured_media":132709,"comment_status":"","ping_status":"","sticky":false,"template":"","format":"standard","meta":{"footnotes":""},"categories":[9599],"tags":[1111,11,1777,674,1011,27,2208,25781,12,2680,25,24139],"class_list":{"0":"post-132708","1":"post","2":"type-post","3":"status-publish","4":"format-standard","5":"has-post-thumbnail","7":"category-montpellier","8":"tag-actu","9":"tag-actualites","10":"tag-eu","11":"tag-europe","12":"tag-fr","13":"tag-france","14":"tag-montpellier","15":"tag-montpellier-hsc","16":"tag-news","17":"tag-occitanie","18":"tag-republique-francaise","19":"tag-tableau-des-transferts"},"share_on_mastodon":{"url":"https:\/\/pubeurope.com\/@fr\/114581900248898045","error":""},"_links":{"self":[{"href":"https:\/\/www.europesays.com\/fr\/wp-json\/wp\/v2\/posts\/132708","targetHints":{"allow":["GET"]}}],"collection":[{"href":"https:\/\/www.europesays.com\/fr\/wp-json\/wp\/v2\/posts"}],"about":[{"href":"https:\/\/www.europesays.com\/fr\/wp-json\/wp\/v2\/types\/post"}],"author":[{"embeddable":true,"href":"https:\/\/www.europesays.com\/fr\/wp-json\/wp\/v2\/users\/2"}],"replies":[{"embeddable":true,"href":"https:\/\/www.europesays.com\/fr\/wp-json\/wp\/v2\/comments?post=132708"}],"version-history":[{"count":0,"href":"https:\/\/www.europesays.com\/fr\/wp-json\/wp\/v2\/posts\/132708\/revisions"}],"wp:featuredmedia":[{"embeddable":true,"href":"https:\/\/www.europesays.com\/fr\/wp-json\/wp\/v2\/media\/132709"}],"wp:attachment":[{"href":"https:\/\/www.europesays.com\/fr\/wp-json\/wp\/v2\/media?parent=132708"}],"wp:term":[{"taxonomy":"category","embeddable":true,"href":"https:\/\/www.europesays.com\/fr\/wp-json\/wp\/v2\/categories?post=132708"},{"taxonomy":"post_tag","embeddable":true,"href":"https:\/\/www.europesays.com\/fr\/wp-json\/wp\/v2\/tags?post=132708"}],"curies":[{"name":"wp","href":"https:\/\/api.w.org\/{rel}","templated":true}]}}