{"id":132715,"date":"2025-05-27T21:29:56","date_gmt":"2025-05-27T21:29:56","guid":{"rendered":"https:\/\/www.europesays.com\/fr\/132715\/"},"modified":"2025-05-27T21:29:56","modified_gmt":"2025-05-27T21:29:56","slug":"a-rennes-ce-nouveau-restaurant-indien-sest-fait-cambrioler-a-deux-reprises-en-un-week-end","status":"publish","type":"post","link":"https:\/\/www.europesays.com\/fr\/132715\/","title":{"rendered":"\u00c0 Rennes, ce nouveau restaurant indien s&rsquo;est fait cambrioler \u00e0 deux reprises en un week-end"},"content":{"rendered":"<p>            Par<br \/>\n        <strong><br \/>\n            <a href=\"https:\/\/actu.fr\/auteur\/lou-batteux\" title=\"Consulter tous les articles de Lou Batteux\" rel=\"nofollow noopener\" target=\"_blank\">Lou Batteux<\/a><br \/>\n        <\/strong><\/p>\n<p>        Publi\u00e9 le<\/p>\n<p>            26 mai 2025 \u00e0 17h35        <\/p>\n<p>Dans la nuit du vendredi\u00a023 au samedi 24\u00a0 mai 2025, <strong>un ou plusieurs individu (s)<\/strong> ont cass\u00e9 la vitre du restaurant Zulfood, rue Saint-Melaine \u00e0 <a href=\"https:\/\/actu.fr\/rennes\/\" rel=\"nofollow noopener\" target=\"_blank\">Rennes<\/a>, d\u00e9plac\u00e9 le comptoir de r\u00e9ception afin de p\u00e9n\u00e9trer \u00e0 l\u2019int\u00e9rieur, puis d\u00e9branch\u00e9 les deux cam\u00e9ras (qui n\u2019\u00e9taient en r\u00e9alit\u00e9 que dissuasives) avant de <strong>s\u2019emparer du fonds de caisse, de deux tablettes et de quatre canettes<\/strong> de soda.<\/p>\n<p>Deux cambriolages et un vigile agress\u00e9<\/p>\n<p class=\" wall-content\">Comme si cela ne suffisait pas, <strong>un deuxi\u00e8me cambriolage<\/strong> a eu lieu dans la nuit de samedi \u00e0 dimanche, alors qu\u2019un vigile \u00e9tait pr\u00e9sent sur place. Trois des cinq cambrioleurs venus ce soir-l\u00e0 ont <strong>agress\u00e9 le vigile<\/strong> pendant que les deux autres sont entr\u00e9s \u00e0 l\u2019int\u00e9rieur du restaurant par effraction pour voler le nouveau fonds de caisse et la tablette de remplacement.<\/p>\n<p class=\" wall-content\">Ils ont cass\u00e9 l\u2019\u00e9cran de caisse ainsi que les cam\u00e9ras qui avaient \u00e9t\u00e9 r\u00e9par\u00e9es samedi dans la journ\u00e9e, puis sont descendus \u00e0 la salle du sous-sol pour d\u00e9molir la t\u00e9l\u00e9vision.<\/p>\n<p>Un g\u00e9rant d\u00e9concert\u00e9, mais pas abattu<\/p>\n<p class=\" wall-content\">\u00c0 l\u2019heure o\u00f9 nous rencontrons M. Mahar, lundi 26\u00a0mai, quelques heures apr\u00e8s les faits, cela ne fait que <strong>trois mois<\/strong> qu\u2019il a ouvert son restaurant. Un passant s\u2019arr\u00eate un instant et constate les d\u00e9g\u00e2ts avec d\u00e9sarroi. Pourtant, le g\u00e9rant assure\u2009: <strong>\u00ab\u2009ce n\u2019est pas \u00e7a qui va m\u2019arr\u00eater\u2009\u00bb<\/strong>. En effet, le restaurant reste ouvert malgr\u00e9 les d\u00e9g\u00e2ts.<\/p>\n<p class=\" wall-content\">Ces derniers sont estim\u00e9s \u00e0 <strong>5\u2009000\u00a0euros<\/strong> par le g\u00e9rant. S\u2019il est all\u00e9 <strong>voir la police pour porter plainte<\/strong> d\u00e8s dimanche 25\u00a0mai, le g\u00e9rant ne semble pas penser que cela ait \u00e9t\u00e9 d\u2019un grand int\u00e9r\u00eat.<\/p>\n<blockquote class=\"ac-article-quote wall-content\">\n<p>On m&rsquo;a gentiment fait comprendre qu&rsquo;il n&rsquo;y avait pas assez d&rsquo;effectifs. D&rsquo;ailleurs, dans la nuit de samedi \u00e0 dimanche, le vigile m&rsquo;a inform\u00e9 qu&rsquo;il n&rsquo;avait vu qu&rsquo;une seule voiture de police passer. Est-ce qu&rsquo;on va devoir faire la police nous-m\u00eame ?<\/p>\n<p>    <strong>M. Mahar<\/strong><br \/>\n        G\u00e9rant du restaurant indien Zulfood, \u00e0 Rennes    <\/p><\/blockquote>\n<p class=\" wall-content\">En attendant, <strong>un vigile reste en continu devant le restaurant<\/strong> jusqu\u2019\u00e0 mardi et le remplacement de la vitre bris\u00e9e. M. Mahar esp\u00e8re obtenir une aide de la mairie de Rennes, sans vraiment y croire.<\/p>\n<p class=\" wall-content\">Il explique avoir remplac\u00e9 ses tablettes vol\u00e9es par celles de son ancien restaurant. Pour la caisse\u2009: \u00ab\u2009on fait comme \u00e0 l\u2019ancienne, avec une calculatrice\u2009\u00bb.<\/p>\n<p>Le restaurant indien Zulfood est ouvert du mardi au dimanche, de 11h30 \u00e0 14h15 puis de 18h30 \u00e0 22h30 (23h les vendredi et samedi).<\/p>\n<p class=\" wall-content\">Suivez toute l\u2019actualit\u00e9 de vos villes et m\u00e9dias favoris en vous inscrivant \u00e0 <a href=\"https:\/\/moncompte.actu.fr\" title=\"D\u00e9couvez Mon Actu\" rel=\"nofollow noopener\" data-trk=\"{&quot;cta&quot;:{&quot;action&quot;:&quot;https:\\\/\\\/moncompte.actu.fr&quot;,&quot;category&quot;:&quot;mon compte&quot;,&quot;from&quot;:&quot;article footer&quot;,&quot;name&quot;:&quot;Mon actu&quot;,&quot;type&quot;:&quot;cta&quot;}}\" target=\"_blank\">Mon Actu<\/a>.<\/p>\n","protected":false},"excerpt":{"rendered":"Par Lou Batteux Publi\u00e9 le 26 mai 2025 \u00e0 17h35 Dans la nuit du vendredi\u00a023 au samedi 24\u00a0&hellip;\n","protected":false},"author":2,"featured_media":132716,"comment_status":"","ping_status":"","sticky":false,"template":"","format":"standard","meta":{"footnotes":""},"categories":[2821],"tags":[1111,11,829,1174,1777,674,118,1011,27,12,1072,584,25,1340],"class_list":{"0":"post-132715","1":"post","2":"type-post","3":"status-publish","4":"format-standard","5":"has-post-thumbnail","7":"category-rennes","8":"tag-actu","9":"tag-actualites","10":"tag-bretagne","11":"tag-cambriolage","12":"tag-eu","13":"tag-europe","14":"tag-faits-divers","15":"tag-fr","16":"tag-france","17":"tag-news","18":"tag-police","19":"tag-rennes","20":"tag-republique-francaise","21":"tag-restaurant"},"share_on_mastodon":{"url":"https:\/\/pubeurope.com\/@fr\/114581931542289100","error":""},"_links":{"self":[{"href":"https:\/\/www.europesays.com\/fr\/wp-json\/wp\/v2\/posts\/132715","targetHints":{"allow":["GET"]}}],"collection":[{"href":"https:\/\/www.europesays.com\/fr\/wp-json\/wp\/v2\/posts"}],"about":[{"href":"https:\/\/www.europesays.com\/fr\/wp-json\/wp\/v2\/types\/post"}],"author":[{"embeddable":true,"href":"https:\/\/www.europesays.com\/fr\/wp-json\/wp\/v2\/users\/2"}],"replies":[{"embeddable":true,"href":"https:\/\/www.europesays.com\/fr\/wp-json\/wp\/v2\/comments?post=132715"}],"version-history":[{"count":0,"href":"https:\/\/www.europesays.com\/fr\/wp-json\/wp\/v2\/posts\/132715\/revisions"}],"wp:featuredmedia":[{"embeddable":true,"href":"https:\/\/www.europesays.com\/fr\/wp-json\/wp\/v2\/media\/132716"}],"wp:attachment":[{"href":"https:\/\/www.europesays.com\/fr\/wp-json\/wp\/v2\/media?parent=132715"}],"wp:term":[{"taxonomy":"category","embeddable":true,"href":"https:\/\/www.europesays.com\/fr\/wp-json\/wp\/v2\/categories?post=132715"},{"taxonomy":"post_tag","embeddable":true,"href":"https:\/\/www.europesays.com\/fr\/wp-json\/wp\/v2\/tags?post=132715"}],"curies":[{"name":"wp","href":"https:\/\/api.w.org\/{rel}","templated":true}]}}