{"id":132752,"date":"2025-05-27T21:50:09","date_gmt":"2025-05-27T21:50:09","guid":{"rendered":"https:\/\/www.europesays.com\/fr\/132752\/"},"modified":"2025-05-27T21:50:09","modified_gmt":"2025-05-27T21:50:09","slug":"nous-avons-la-responsabilite-de-mettre-fin-a-ce-genocide","status":"publish","type":"post","link":"https:\/\/www.europesays.com\/fr\/132752\/","title":{"rendered":"Nous avons la responsabilit\u00e9 de mettre fin \u00e0 ce g\u00e9nocide"},"content":{"rendered":"<p>\u00c0 Paris, comme dans treize villes europ\u00e9enne \u00e9tait organis\u00e9e une manifestation d&rsquo;Isra\u00e9liens r\u00e9clamant l&rsquo;interruption de la guerre \u00e0 Gaza. L&rsquo;historien et ex-ambassadeur Elie Barnavi a pris part \u00e0 la mobilisation, d\u00e9non\u00e7ant une \u00ab\u00a0folie\u00a0\u00bb. \u00ab\u00a0Nous avons la responsabilit\u00e9 de mettre fin \u00e0 ce g\u00e9nocide\u00a0\u00bb, a soulign\u00e9 sur France 24 l&rsquo;une des organisatrices du rassemblement.<\/p>\n<p>Des rassemblements ont \u00e9t\u00e9 organis\u00e9s, mardi 27 mai, dans treize villes europ\u00e9ennes, dont Paris, devant le minist\u00e8re fran\u00e7ais des Affaires \u00e9trang\u00e8res, \u00e0 l&rsquo;initiative de l&rsquo;UJFP (Union juive fran\u00e7aise pour la paix) et de plusieurs personnalit\u00e9s isra\u00e9liennes qui r\u00e9clament l&rsquo;interruption de la guerre \u00e0 <a href=\"https:\/\/www.france24.com\/fr\/tag\/gaza\/\" class=\"link \" rel=\"nofollow noopener\" target=\"_blank\" data-ylk=\"slk:Gaza;elm:context_link;itc:0;sec:content-canvas\">Gaza<\/a>.<\/p>\n<p>Parmi ces personnalit\u00e9s, a manifest\u00e9 \u00e0 Paris, l&rsquo;historien et ancien ambassadeur d&rsquo;<a href=\"https:\/\/www.france24.com\/fr\/tag\/isra\u00ebl\/\" class=\"link \" rel=\"nofollow noopener\" target=\"_blank\" data-ylk=\"slk:Isra\u00ebl;elm:context_link;itc:0;sec:content-canvas\">Isra\u00ebl<\/a> en France, Elie Barnavi. \u00ab\u00a0Si on n&rsquo;arr\u00eate pas cette folie, on risque de se perdre, Isra\u00ebl aura un visage tel que des gens comme moi ne pourrons plus y vivre\u00a0\u00bb, a-t-il dit au micro de France 24.<\/p>\n<p>\u00c0 lire aussi<a href=\"https:\/\/www.france24.com\/fr\/moyen-orient\/20250527-gaza-ghf-ong-livraison-nourriture-fondation-humanitaire-israel-guerre-famine\" class=\"link \" rel=\"nofollow noopener\" target=\"_blank\" data-ylk=\"slk:\u00c0 Gaza, la foule affam\u00e9e se rue sur un centre de distribution d&#039;aide;elm:context_link;itc:0;sec:content-canvas\">\u00c0 Gaza, la foule affam\u00e9e se rue sur un centre de distribution d&rsquo;aide<\/a><\/p>\n<p>\u00ab\u00a0Nous avons la responsabilit\u00e9 de mettre fin \u00e0 ce g\u00e9nocide\u00a0\u00bb, affirme-t-elle, ajoutant que les Isra\u00e9liens ne croient plus la parole du Premier ministre <a href=\"https:\/\/www.france24.com\/fr\/tag\/benjamin-netanyahu\/\" class=\"link \" rel=\"nofollow noopener\" target=\"_blank\" data-ylk=\"slk:Benjamin Netanyahu;elm:context_link;itc:0;sec:content-canvas\">Benjamin Netanyahu<\/a> sur le retour des otages.<\/p>\n<p><a href=\"https:\/\/www.france24.com\/fr\/moyen-orient\/20250527-manifestation-isra%C3%A9liens-paris-nous-avons-responsabilit%C3%A9-mettre-fin-g%C3%A9nocide\" rel=\"nofollow noopener\" target=\"_blank\" data-ylk=\"slk:Lire la suite sur FRANCE 24;elm:context_link;itc:0;sec:content-canvas\" class=\"link \">Lire la suite sur FRANCE 24<\/a><\/p>\n<p>Lire aussi:<br \/><a href=\"https:\/\/www.france24.com\/fr\/moyen-orient\/20250527-gaza-ghf-ong-livraison-nourriture-fondation-humanitaire-israel-guerre-famine\" rel=\"nofollow noopener\" target=\"_blank\" data-ylk=\"slk:\u00c0 Gaza, la foule affam\u00e9e se rue sur un centre de distribution d&#039;aide;elm:context_link;itc:0;sec:content-canvas\" class=\"link \">\u00c0 Gaza, la foule affam\u00e9e se rue sur un centre de distribution d&rsquo;aide<\/a><br \/><a href=\"https:\/\/www.france24.com\/fr\/moyen-orient\/20250526-isra%C3%ABl-frappe-ancienne-%C3%A9cole-bande-de-gaza-autorit%C3%A9s-d%C3%A9plorent-au-moins-13-morts-offensive-bombardement-hamas\" rel=\"nofollow noopener\" target=\"_blank\" data-ylk=\"slk:Gaza : Isra\u00ebl intensifie son offensive, le Hamas dit accepter une proposition de tr\u00eave;elm:context_link;itc:0;sec:content-canvas\" class=\"link \">Gaza : Isra\u00ebl intensifie son offensive, le Hamas dit accepter une proposition de tr\u00eave<\/a><\/p>\n","protected":false},"excerpt":{"rendered":"\u00c0 Paris, comme dans treize villes europ\u00e9enne \u00e9tait organis\u00e9e une manifestation d&rsquo;Isra\u00e9liens r\u00e9clamant l&rsquo;interruption de la guerre \u00e0&hellip;\n","protected":false},"author":2,"featured_media":5539,"comment_status":"","ping_status":"","sticky":false,"template":"","format":"standard","meta":{"footnotes":""},"categories":[1888],"tags":[1111,1928,11,1927,25782,1777,674,1011,27,8858,665,25783,12,1926,626,1925,25],"class_list":{"0":"post-132752","1":"post","2":"type-post","3":"status-publish","4":"format-standard","5":"has-post-thumbnail","7":"category-paris","8":"tag-actu","9":"tag-actu-paris","10":"tag-actualites","11":"tag-actualites-paris","12":"tag-elie-barnavi","13":"tag-eu","14":"tag-europe","15":"tag-fr","16":"tag-france","17":"tag-france-24","18":"tag-gaza","19":"tag-ministere-francais-des-affaires-etrangeres","20":"tag-news","21":"tag-news-paris","22":"tag-paris","23":"tag-paris-news","24":"tag-republique-francaise"},"share_on_mastodon":{"url":"https:\/\/pubeurope.com\/@fr\/114582010426671060","error":""},"_links":{"self":[{"href":"https:\/\/www.europesays.com\/fr\/wp-json\/wp\/v2\/posts\/132752","targetHints":{"allow":["GET"]}}],"collection":[{"href":"https:\/\/www.europesays.com\/fr\/wp-json\/wp\/v2\/posts"}],"about":[{"href":"https:\/\/www.europesays.com\/fr\/wp-json\/wp\/v2\/types\/post"}],"author":[{"embeddable":true,"href":"https:\/\/www.europesays.com\/fr\/wp-json\/wp\/v2\/users\/2"}],"replies":[{"embeddable":true,"href":"https:\/\/www.europesays.com\/fr\/wp-json\/wp\/v2\/comments?post=132752"}],"version-history":[{"count":0,"href":"https:\/\/www.europesays.com\/fr\/wp-json\/wp\/v2\/posts\/132752\/revisions"}],"wp:featuredmedia":[{"embeddable":true,"href":"https:\/\/www.europesays.com\/fr\/wp-json\/wp\/v2\/media\/5539"}],"wp:attachment":[{"href":"https:\/\/www.europesays.com\/fr\/wp-json\/wp\/v2\/media?parent=132752"}],"wp:term":[{"taxonomy":"category","embeddable":true,"href":"https:\/\/www.europesays.com\/fr\/wp-json\/wp\/v2\/categories?post=132752"},{"taxonomy":"post_tag","embeddable":true,"href":"https:\/\/www.europesays.com\/fr\/wp-json\/wp\/v2\/tags?post=132752"}],"curies":[{"name":"wp","href":"https:\/\/api.w.org\/{rel}","templated":true}]}}