{"id":132753,"date":"2025-05-27T21:51:08","date_gmt":"2025-05-27T21:51:08","guid":{"rendered":"https:\/\/www.europesays.com\/fr\/132753\/"},"modified":"2025-05-27T21:51:08","modified_gmt":"2025-05-27T21:51:08","slug":"a-paris-mobilisation-pour-les-jeunes-migrants-expulses-de-la-gaite-lyrique-liberation","status":"publish","type":"post","link":"https:\/\/www.europesays.com\/fr\/132753\/","title":{"rendered":"\u00e0 Paris, mobilisation pour les jeunes migrants expuls\u00e9s de la Ga\u00eet\u00e9 lyrique \u2013 Lib\u00e9ration"},"content":{"rendered":"<p class=\"sc-ksZaOG ehjQrN text-element\">Sous la verri\u00e8re dominant la salle Croizat de la Bourse du travail, dans le Xe arrondissement de Paris, militants et soutiens des plus de 400 jeunes migrants <a href=\"https:\/\/www.liberation.fr\/societe\/immigration\/a-la-gaite-lyrique-cernee-au-petit-matin-par-les-crs-vous-voulez-une-evacuation-et-vous-ne-laissez-pas-partir-les-gens-20250318_DUWYEXJW5ZBNJIYJCJVZQVIA2I\/\" target=\"_blank\" rel=\"noreferrer nofollow noopener\" title=\"https:\/\/www.liberation.fr\/societe\/immigration\/a-la-gaite-lyrique-cernee-au-petit-matin-par-les-crs-vous-voulez-une-evacuation-et-vous-ne-laissez-pas-partir-les-gens-20250318_DUWYEXJW5ZBNJIYJCJVZQVIA2I\/\">expuls\u00e9s le 18\u00a0mars de la Ga\u00eet\u00e9 lyrique<\/a> se serrent sur de longs bancs en bois. Ce mardi 27\u00a0mai, un \u00abmeeting unitaire contre les OQTF\u00bb, rassemble plusieurs centaines de personnes \u00e0 l\u2019appel de diff\u00e9rents collectifs, dont celui des <a href=\"https:\/\/www.liberation.fr\/societe\/immigration\/installe-sur-les-quais-de-paris-depuis-leur-expulsion-de-la-gaite-lyrique-des-exiles-evacues-par-la-police-20250401_MWISMLO4RNCG3GR4BERMAKRYIU\/\" target=\"_blank\" rel=\"noreferrer nofollow noopener\" title=\"https:\/\/www.liberation.fr\/societe\/immigration\/installe-sur-les-quais-de-paris-depuis-leur-expulsion-de-la-gaite-lyrique-des-exiles-evacues-par-la-police-20250401_MWISMLO4RNCG3GR4BERMAKRYIU\/\">jeunes du parc de Belleville<\/a>. Dans le calme, malgr\u00e9 une br\u00e8ve action du groupe d\u2019extr\u00eame droite N\u00e9m\u00e9sis aux portes de la salle. A l\u2019int\u00e9rieur, deux mouvements frapp\u00e9s d\u2019une proc\u00e9dure de dissolution \u2013 la Jeune<\/p>\n","protected":false},"excerpt":{"rendered":"Sous la verri\u00e8re dominant la salle Croizat de la Bourse du travail, dans le Xe arrondissement de Paris,&hellip;\n","protected":false},"author":2,"featured_media":132754,"comment_status":"","ping_status":"","sticky":false,"template":"","format":"standard","meta":{"footnotes":""},"categories":[1888],"tags":[11,22140,1777,674,1011,27,1061,12,626,25],"class_list":{"0":"post-132753","1":"post","2":"type-post","3":"status-publish","4":"format-standard","5":"has-post-thumbnail","7":"category-paris","8":"tag-actualites","9":"tag-adele-haenel","10":"tag-eu","11":"tag-europe","12":"tag-fr","13":"tag-france","14":"tag-immigration","15":"tag-news","16":"tag-paris","17":"tag-republique-francaise"},"share_on_mastodon":{"url":"https:\/\/pubeurope.com\/@fr\/114582014100306105","error":""},"_links":{"self":[{"href":"https:\/\/www.europesays.com\/fr\/wp-json\/wp\/v2\/posts\/132753","targetHints":{"allow":["GET"]}}],"collection":[{"href":"https:\/\/www.europesays.com\/fr\/wp-json\/wp\/v2\/posts"}],"about":[{"href":"https:\/\/www.europesays.com\/fr\/wp-json\/wp\/v2\/types\/post"}],"author":[{"embeddable":true,"href":"https:\/\/www.europesays.com\/fr\/wp-json\/wp\/v2\/users\/2"}],"replies":[{"embeddable":true,"href":"https:\/\/www.europesays.com\/fr\/wp-json\/wp\/v2\/comments?post=132753"}],"version-history":[{"count":0,"href":"https:\/\/www.europesays.com\/fr\/wp-json\/wp\/v2\/posts\/132753\/revisions"}],"wp:featuredmedia":[{"embeddable":true,"href":"https:\/\/www.europesays.com\/fr\/wp-json\/wp\/v2\/media\/132754"}],"wp:attachment":[{"href":"https:\/\/www.europesays.com\/fr\/wp-json\/wp\/v2\/media?parent=132753"}],"wp:term":[{"taxonomy":"category","embeddable":true,"href":"https:\/\/www.europesays.com\/fr\/wp-json\/wp\/v2\/categories?post=132753"},{"taxonomy":"post_tag","embeddable":true,"href":"https:\/\/www.europesays.com\/fr\/wp-json\/wp\/v2\/tags?post=132753"}],"curies":[{"name":"wp","href":"https:\/\/api.w.org\/{rel}","templated":true}]}}