{"id":132765,"date":"2025-05-27T21:57:10","date_gmt":"2025-05-27T21:57:10","guid":{"rendered":"https:\/\/www.europesays.com\/fr\/132765\/"},"modified":"2025-05-27T21:57:10","modified_gmt":"2025-05-27T21:57:10","slug":"un-homme-se-retrouve-coince-sous-laccoudoir-dun-train-en-cherchant-un-de-ses-ecouteurs","status":"publish","type":"post","link":"https:\/\/www.europesays.com\/fr\/132765\/","title":{"rendered":"un homme se retrouve coinc\u00e9 sous l&rsquo;accoudoir d&rsquo;un train en cherchant un de ses \u00e9couteurs"},"content":{"rendered":"<p class=\"article-p mdl\">Le vendredi 23 mai, des pompiers ont d\u00fb intervenir dans un train \u00e0 la gare de Lehr car un passager s&rsquo;est coinc\u00e9 le bras sous un accoudoir. Cette situation atypique a d\u00e9but\u00e9 lorsque l&rsquo;individu concern\u00e9 a tent\u00e9 de r\u00e9cup\u00e9rer l&rsquo;un de ses \u00e9couteurs sans fil, tomb\u00e9 entre deux si\u00e8ges, malgr\u00e9 tous ses efforts, le passager n&rsquo;est pas parvenu \u00e0 se d\u00e9gager.<\/p>\n<p class=\"article-p mdl\">Une fois l&rsquo;appareil arriv\u00e9 \u00e0 la gare de Lehr, l&rsquo;intervention des pompiers s&rsquo;est r\u00e9v\u00e9l\u00e9e compliqu\u00e9e. \u00ab\u00a0<strong>La main de la personne avait tellement enfl\u00e9 entre-temps qu\u2019elle ne pouvait plus \u00eatre lib\u00e9r\u00e9e \u00e0 l\u2019aide d\u2019un \u00e9quipement de sauvetage simple<\/strong>\u00ab\u00a0, ont indiqu\u00e9 les pompiers locaux dans un communiqu\u00e9 publi\u00e9 le samedi 24 mai.<\/p>\n<p class=\"article-p mdl\">Pour lib\u00e9rer le passager, il aura fallu <strong>d\u00e9monter un porte-bagages ainsi que des si\u00e8ges<\/strong>. Les secours ont aussi sci\u00e9 un accoudoir\u00a0puis utilis\u00e9 un \u00e9quipement hydraulique pour d\u00e9gager l\u2019homme.<\/p>\n<p>            Un incident ayant entra\u00een\u00e9 une \u00e9vacuation des passagers<\/p>\n<p class=\"article-p mdl\">La dur\u00e9e de l\u2019op\u00e9ration, s&rsquo;\u00e9talant sur une heure, a requis une \u00e9vacuation du v\u00e9hicule. Un autre train a \u00e9t\u00e9 affr\u00e9t\u00e9 pour que les passagers\u00a0puissent n\u00e9anmoins poursuivre leur trajet. Autre mesure insolite,\u00a0<a class=\"link\" href=\"https:\/\/www.leparisien.fr\/societe\/coince-sous-laccoudoir-dun-train-en-cherchant-un-de-ses-airpods-un-passager-secouru-par-les-pompiers-allemands-27-05-2025-LHLVRA534VGOZBC7RJBRGFEHI4.php\" target=\"_blank\" rel=\"noopener\">une couverture de sauvetage<\/a>\u00a0a \u00e9t\u00e9 attach\u00e9e \u00e0 l\u2019ext\u00e9rieur du train pour\u00a0\u00ab\u00a0emp\u00eacher les\u00a0badauds de prendre des photos\u00a0de la personne pi\u00e9g\u00e9e\u00a0\u00bb,\u00a0<a class=\"link\" href=\"https:\/\/www.ouest-france.fr\/europe\/allemagne\/en-cherchant-un-de-ses-ecouteurs-il-se-retrouve-coince-sous-laccoudoir-du-train-pendant-une-heure-95b6df8e-3ae6-11f0-b8d5-a46dfa1c3681\" target=\"_blank\" rel=\"noopener\">a soulign\u00e9 la police allemande dans la presse<\/a>.<\/p>\n<p class=\"article-p mdl\">Finalement, apr\u00e8s un moment embarrassant d&rsquo;une heure et demie et la r\u00e9ussite de l&rsquo;intervention de pompiers, le passager concern\u00e9 a pu quitter le train et <strong>r\u00e9cup\u00e9rer ses deux \u00e9couteurs<\/strong>.<\/p>\n<p>    La r\u00e9daction vous recommande<\/p>\n<p class=\"s-newsletter__title\">\n                L\u2019actualit\u00e9 par la r\u00e9daction de RTL dans votre bo\u00eete mail.\n            <\/p>\n<p class=\"s-newsletter__subtitle\">\n                Gr\u00e2ce \u00e0 votre compte RTL abonnez-vous \u00e0 la newsletter RTL info pour suivre toute l&rsquo;actualit\u00e9 au quotidien\n            <\/p>\n<p>\n                                    Lire la suite\n                                <\/p>\n","protected":false},"excerpt":{"rendered":"Le vendredi 23 mai, des pompiers ont d\u00fb intervenir dans un train \u00e0 la gare de Lehr car&hellip;\n","protected":false},"author":2,"featured_media":132766,"comment_status":"","ping_status":"","sticky":false,"template":"","format":"standard","meta":{"footnotes":""},"categories":[1587],"tags":[119,11,672,1804,1805,1803,1777,674,107,1801,1757,12,1311,1802,5811,800],"class_list":{"0":"post-132765","1":"post","2":"type-post","3":"status-publish","4":"format-standard","5":"has-post-thumbnail","7":"category-allemagne","8":"tag-accident","9":"tag-actualites","10":"tag-allemagne","11":"tag-bundesrepublik-deutschland","12":"tag-de","13":"tag-deutschland","14":"tag-eu","15":"tag-europe","16":"tag-fil-info","17":"tag-germany","18":"tag-insolite","19":"tag-news","20":"tag-pompiers","21":"tag-republique-federale-dallemagne","22":"tag-trains","23":"tag-transports"},"share_on_mastodon":{"url":"https:\/\/pubeurope.com\/@fr\/114582037743124993","error":""},"_links":{"self":[{"href":"https:\/\/www.europesays.com\/fr\/wp-json\/wp\/v2\/posts\/132765","targetHints":{"allow":["GET"]}}],"collection":[{"href":"https:\/\/www.europesays.com\/fr\/wp-json\/wp\/v2\/posts"}],"about":[{"href":"https:\/\/www.europesays.com\/fr\/wp-json\/wp\/v2\/types\/post"}],"author":[{"embeddable":true,"href":"https:\/\/www.europesays.com\/fr\/wp-json\/wp\/v2\/users\/2"}],"replies":[{"embeddable":true,"href":"https:\/\/www.europesays.com\/fr\/wp-json\/wp\/v2\/comments?post=132765"}],"version-history":[{"count":0,"href":"https:\/\/www.europesays.com\/fr\/wp-json\/wp\/v2\/posts\/132765\/revisions"}],"wp:featuredmedia":[{"embeddable":true,"href":"https:\/\/www.europesays.com\/fr\/wp-json\/wp\/v2\/media\/132766"}],"wp:attachment":[{"href":"https:\/\/www.europesays.com\/fr\/wp-json\/wp\/v2\/media?parent=132765"}],"wp:term":[{"taxonomy":"category","embeddable":true,"href":"https:\/\/www.europesays.com\/fr\/wp-json\/wp\/v2\/categories?post=132765"},{"taxonomy":"post_tag","embeddable":true,"href":"https:\/\/www.europesays.com\/fr\/wp-json\/wp\/v2\/tags?post=132765"}],"curies":[{"name":"wp","href":"https:\/\/api.w.org\/{rel}","templated":true}]}}