{"id":132776,"date":"2025-05-27T22:05:09","date_gmt":"2025-05-27T22:05:09","guid":{"rendered":"https:\/\/www.europesays.com\/fr\/132776\/"},"modified":"2025-05-27T22:05:09","modified_gmt":"2025-05-27T22:05:09","slug":"wainiqolo-signe-a-lyon-pour-trois-saisons","status":"publish","type":"post","link":"https:\/\/www.europesays.com\/fr\/132776\/","title":{"rendered":"Wainiqolo signe \u00e0 Lyon pour trois saisons"},"content":{"rendered":"<p>Le LOU enregistre l\u2019arriv\u00e9e de l\u2019international fidjien jusqu\u2019en 2028.<\/p>\n<p class=\"fig-paragraph\">L&rsquo;ailier international fidjien du RC Toulon, Jiuta Wainiqolo, a sign\u00e9 un contrat de trois ans en faveur de Lyon, jusqu&rsquo;en 2028, a annonc\u00e9 mardi le club lyonnais, 11e du Top 14 de rugby.<\/p>\n<p class=\"fig-paragraph\">Le joueur (1,87 m, 97 kg), \u00e2g\u00e9 de 26 ans, pass\u00e9 par le rugby \u00e0 XIII, jouait depuis 2021 \u00e0 Toulon o\u00f9 il a disput\u00e9 81 matches (170 points). Il lui restait un an de contrat avec le club varois.<\/p>\n<p class=\"fig-paragraph\">Il compte treize s\u00e9lections avec les Fidji depuis 2021 mais il est aussi international en rugby \u00e0 VII, m\u00e9daill\u00e9 d&rsquo;or aux Jeux Olympiques de Tokyo.<\/p>\n","protected":false},"excerpt":{"rendered":"Le LOU enregistre l\u2019arriv\u00e9e de l\u2019international fidjien jusqu\u2019en 2028. L&rsquo;ailier international fidjien du RC Toulon, Jiuta Wainiqolo, a&hellip;\n","protected":false},"author":2,"featured_media":132777,"comment_status":"","ping_status":"","sticky":false,"template":"","format":"standard","meta":{"footnotes":""},"categories":[1416],"tags":[525,4590,1981,2313,814,1011,27,955,4589,2311,1980,479,1468,2259,60,478,2310,2312],"class_list":{"0":"post-132776","1":"post","2":"type-post","3":"status-publish","4":"format-standard","5":"has-post-thumbnail","7":"category-rugby","8":"tag-calendrier","9":"tag-championnat-france","10":"tag-classement","11":"tag-clermont","12":"tag-direct","13":"tag-fr","14":"tag-france","15":"tag-match","16":"tag-phase-finale","17":"tag-racing","18":"tag-resultats","19":"tag-rugby","20":"tag-rugby-football","21":"tag-score","22":"tag-sports","23":"tag-top-14","24":"tag-toulon","25":"tag-toulouse"},"share_on_mastodon":{"url":"https:\/\/pubeurope.com\/@fr\/114582069146927143","error":""},"_links":{"self":[{"href":"https:\/\/www.europesays.com\/fr\/wp-json\/wp\/v2\/posts\/132776","targetHints":{"allow":["GET"]}}],"collection":[{"href":"https:\/\/www.europesays.com\/fr\/wp-json\/wp\/v2\/posts"}],"about":[{"href":"https:\/\/www.europesays.com\/fr\/wp-json\/wp\/v2\/types\/post"}],"author":[{"embeddable":true,"href":"https:\/\/www.europesays.com\/fr\/wp-json\/wp\/v2\/users\/2"}],"replies":[{"embeddable":true,"href":"https:\/\/www.europesays.com\/fr\/wp-json\/wp\/v2\/comments?post=132776"}],"version-history":[{"count":0,"href":"https:\/\/www.europesays.com\/fr\/wp-json\/wp\/v2\/posts\/132776\/revisions"}],"wp:featuredmedia":[{"embeddable":true,"href":"https:\/\/www.europesays.com\/fr\/wp-json\/wp\/v2\/media\/132777"}],"wp:attachment":[{"href":"https:\/\/www.europesays.com\/fr\/wp-json\/wp\/v2\/media?parent=132776"}],"wp:term":[{"taxonomy":"category","embeddable":true,"href":"https:\/\/www.europesays.com\/fr\/wp-json\/wp\/v2\/categories?post=132776"},{"taxonomy":"post_tag","embeddable":true,"href":"https:\/\/www.europesays.com\/fr\/wp-json\/wp\/v2\/tags?post=132776"}],"curies":[{"name":"wp","href":"https:\/\/api.w.org\/{rel}","templated":true}]}}