{"id":132778,"date":"2025-05-27T22:06:08","date_gmt":"2025-05-27T22:06:08","guid":{"rendered":"https:\/\/www.europesays.com\/fr\/132778\/"},"modified":"2025-05-27T22:06:08","modified_gmt":"2025-05-27T22:06:08","slug":"roland-garros-moutet-au-public-avant-daffronter-djokovic-au-deuxieme-tour-mettez-vous-daccord-si-vous-voulez-du-spectacle-ou-pas-parce-que-la-je-netais-pas-trop-sur-parfois-j","status":"publish","type":"post","link":"https:\/\/www.europesays.com\/fr\/132778\/","title":{"rendered":"Roland Garros > Moutet au public avant d&rsquo;affronter Djokovic au deuxi\u00e8me tour : \u00ab\u00a0Mettez-vous d\u2019accord si vous voulez du spectacle ou pas parce que l\u00e0, je n&rsquo;\u00e9tais pas trop s\u00fbr. Parfois, j\u2019avais l\u2019impression que je vous satisfaisais, et apr\u00e8s, vous \u00e9tiez d\u00e9\u00e7us&#8230;\u00a0\u00bb"},"content":{"rendered":"<p>Lors de l\u2019in\u00adter\u00adview sur le court apr\u00e8s sa victoire face au qualifi\u00e9 fran\u00ad\u00e7ais Cl\u00e9ment Tabur (6\u22123, 7\u20136, 6\u20133), qui lui permet de retrouver Novak Djokovic au deuxi\u00e8me tour de Roland\u2010Garros, Corentin Moutet a fait passer un message au public du Simone\u2010Mathieu, dont les r\u00e9ac\u00adtions l\u2019ont parfois \u00e9tonn\u00e9.\u00a0<\/p>\n<p><strong>\u00ab\u202fMettez\u2010vous d\u2019accord si vous voulez du spec\u00adtacle ou pas, parce qu\u2019aujourd\u2019hui (mardi), j\u2019\u00e9tais pas trop s\u00fbr. Parfois, j\u2019avais l\u2019impression que je vous satis\u00adfai\u00adsais, apr\u00e8s, vous \u00e9tiez d\u00e9\u00e7us. Soit c\u2019est \u00e0 moi de m\u2019am\u00e9liorer soit c\u2019est \u00e0 vous de me dire ce que vous pr\u00e9f\u00e9rez. Mais vous savez, moi je m\u2019entra\u00eene pour vous faire plaisir. Je ne suis pas l\u00e0 pour\u00a0moi.\u202f\u00bb<\/strong><\/p>\n<p class=\"post-published-date\" style=\"color: silver; font-size: 75%; text-align: left;\">Publi\u00e9 le mardi 27 mai 2025 \u00e0 21:48<\/p>\n","protected":false},"excerpt":{"rendered":"Lors de l\u2019in\u00adter\u00adview sur le court apr\u00e8s sa victoire face au qualifi\u00e9 fran\u00ad\u00e7ais Cl\u00e9ment Tabur (6\u22123, 7\u20136, 6\u20133),&hellip;\n","protected":false},"author":2,"featured_media":132779,"comment_status":"","ping_status":"","sticky":false,"template":"","format":"standard","meta":{"footnotes":""},"categories":[1415],"tags":[105,1011,27,60,1467],"class_list":{"0":"post-132778","1":"post","2":"type-post","3":"status-publish","4":"format-standard","5":"has-post-thumbnail","7":"category-tennis","8":"tag-djokovic","9":"tag-fr","10":"tag-france","11":"tag-sports","12":"tag-tennis"},"share_on_mastodon":{"url":"https:\/\/pubeurope.com\/@fr\/114582073046351208","error":""},"_links":{"self":[{"href":"https:\/\/www.europesays.com\/fr\/wp-json\/wp\/v2\/posts\/132778","targetHints":{"allow":["GET"]}}],"collection":[{"href":"https:\/\/www.europesays.com\/fr\/wp-json\/wp\/v2\/posts"}],"about":[{"href":"https:\/\/www.europesays.com\/fr\/wp-json\/wp\/v2\/types\/post"}],"author":[{"embeddable":true,"href":"https:\/\/www.europesays.com\/fr\/wp-json\/wp\/v2\/users\/2"}],"replies":[{"embeddable":true,"href":"https:\/\/www.europesays.com\/fr\/wp-json\/wp\/v2\/comments?post=132778"}],"version-history":[{"count":0,"href":"https:\/\/www.europesays.com\/fr\/wp-json\/wp\/v2\/posts\/132778\/revisions"}],"wp:featuredmedia":[{"embeddable":true,"href":"https:\/\/www.europesays.com\/fr\/wp-json\/wp\/v2\/media\/132779"}],"wp:attachment":[{"href":"https:\/\/www.europesays.com\/fr\/wp-json\/wp\/v2\/media?parent=132778"}],"wp:term":[{"taxonomy":"category","embeddable":true,"href":"https:\/\/www.europesays.com\/fr\/wp-json\/wp\/v2\/categories?post=132778"},{"taxonomy":"post_tag","embeddable":true,"href":"https:\/\/www.europesays.com\/fr\/wp-json\/wp\/v2\/tags?post=132778"}],"curies":[{"name":"wp","href":"https:\/\/api.w.org\/{rel}","templated":true}]}}