{"id":132784,"date":"2025-05-27T22:10:13","date_gmt":"2025-05-27T22:10:13","guid":{"rendered":"https:\/\/www.europesays.com\/fr\/132784\/"},"modified":"2025-05-27T22:10:13","modified_gmt":"2025-05-27T22:10:13","slug":"cyclisme-alors-que-lalpes-isere-tour-debute-ce-mardi-pourquoi-le-nord-isere-nest-pas-encore-une-terre-de-cyclisme","status":"publish","type":"post","link":"https:\/\/www.europesays.com\/fr\/132784\/","title":{"rendered":"Cyclisme. Alors que l&rsquo;Alpes Is\u00e8re Tour d\u00e9bute ce mardi, pourquoi le Nord-Is\u00e8re n\u2019est pas (encore) une terre de cyclisme"},"content":{"rendered":"<p>Ils vont \u00eatre si beaux avec leurs chaussettes blanches relev\u00e9es, leurs mollets cisel\u00e9s, leurs cuisses de titans et leur peau tann\u00e9e par le soleil. Les connaisseurs sont au courant\u00a0: \u00e0 partir de ce mercredi 28\u00a0mai, pendant cinq jours et un peu plus de 800 kilom\u00e8tres, des cyclistes professionnels aux dents longues rouleront en Nord-Is\u00e8re \u00e0 l\u2019occasion de <a href=\"https:\/\/www.ledauphine.com\/sport\/2025\/05\/27\/une-derniere-etape-dantesque-des-pepites-au-depart-cinq-choses-a-savoir-sur-la-34e-edition\" target=\"_blank\" rel=\"noopener\">l\u2019Alpes Is\u00e8re Tour<\/a>. De tr\u00e8s bonnes \u00e9quipes du peloton professionnel seront l\u00e0 mais pas les meilleurs coureurs, cette date \u00e9tant r\u00e9serv\u00e9e depuis un moment aux jeunes loups, \u00e0 ceux qui\u00a0n\u2019ont connu ni France 98, ni Richard Virenque sur un v\u00e9lo. N\u2019emp\u00eache, le plateau est relev\u00e9, excitant m\u00eame (Groupama FDJ, Soudal Quick-Step, Decathlon AG2R, Visma\u2026) mais demandez autour de vous\u00a0: qui est au courant\u00a0? Surtout, qui a pr\u00e9vu d\u2019aller y faire un tour malgr\u00e9 toutes les pancartes plant\u00e9es dans les villages ces derniers jours\u00a0?<\/p>\n<p>Les organisateurs \u00e9voquent plus de 10\u00a0000 spectateurs chaque ann\u00e9e. \u00ab\u00a0Bien s\u00fbr, ce n\u2019est pas le Tour de France mais dans des&#8230;<\/p>\n","protected":false},"excerpt":{"rendered":"Ils vont \u00eatre si beaux avec leurs chaussettes blanches relev\u00e9es, leurs mollets cisel\u00e9s, leurs cuisses de titans et&hellip;\n","protected":false},"author":2,"featured_media":132785,"comment_status":"","ping_status":"","sticky":false,"template":"","format":"standard","meta":{"footnotes":""},"categories":[1411],"tags":[25260,18314,25801,25834,25810,25809,25808,12919,13047,25788,20716,16267,14021,25784,25797,130,25799,25825,25789,1154,207,25812,25261,33,115,116,111,25824,25832,25798,1011,27,25800,25830,25819,25786,108,25831,3354,17442,25826,25827,25813,22528,25795,25787,25833,25796,25823,25263,25815,25802,25816,25803,25794,25804,25829,25818,25264,25805,25785,25817,25791,25814,25793,25262,25828,25790,25821,517,60,25811,25807,25820,25806,216,25792,25822],"class_list":{"0":"post-132784","1":"post","2":"type-post","3":"status-publish","4":"format-standard","5":"has-post-thumbnail","7":"category-cyclisme","8":"tag-alpes-isere-tour","9":"tag-anjou","10":"tag-aoste","11":"tag-auberives-sur-vareze","12":"tag-belmont","13":"tag-biol","14":"tag-blandin","15":"tag-bourgoin-jallieu","16":"tag-bourgoin-jallieu-bassin","17":"tag-bouvesse-quirieu","18":"tag-cessieu","19":"tag-charvieu-chavagneux","20":"tag-chasse-sur-rhone","21":"tag-chavanoz","22":"tag-chozeau","23":"tag-consommation","24":"tag-corbelin","25":"tag-cour-et-buis","26":"tag-courtenay","27":"tag-cycling","28":"tag-cyclisme","29":"tag-doissin","30":"tag-dolomieu","31":"tag-economie","32":"tag-edition-bourgoin-jallieu-nord-dauphine","33":"tag-edition-la-tour-du-pin-nord-dauphine","34":"tag-edition-vienne-roussillon","35":"tag-eyzin-pinet","36":"tag-faramans","37":"tag-faverges-de-la-tour","38":"tag-fr","39":"tag-france","40":"tag-granieu","41":"tag-grenay","42":"tag-heyrieux","43":"tag-hieres-sur-amby","44":"tag-isere","45":"tag-janneyrias","46":"tag-jardin","47":"tag-le-pont-de-beauvoisin","48":"tag-meyssiez","49":"tag-moidieu-detourbe","50":"tag-montagnieu","51":"tag-montalieu-vercieu","52":"tag-moras","53":"tag-optevoz","54":"tag-pact","55":"tag-panossas","56":"tag-pont-eveque","57":"tag-primarette","58":"tag-rochetoirin","59":"tag-romagnieu","60":"tag-ruy","61":"tag-saint-albin-de-vaulserre","62":"tag-saint-chef","63":"tag-saint-jean-davelanne","64":"tag-saint-just-chaleyssin","65":"tag-saint-marcel-bel-accueil","66":"tag-saint-maurice-lexil","67":"tag-saint-ondras","68":"tag-saint-romain-de-jalionas","69":"tag-saint-savin","70":"tag-saint-sorlin-de-morestel","71":"tag-saint-victor-de-cessieu","72":"tag-salagnon","73":"tag-satolas-et-bonce","74":"tag-septeme","75":"tag-sermerieu","76":"tag-seyssuel","77":"tag-sport","78":"tag-sports","79":"tag-torchefelon","80":"tag-val-de-virieu","81":"tag-valencin","82":"tag-valencogne","83":"tag-vie-des-entreprises","84":"tag-vignieu","85":"tag-villette-de-vienne"},"share_on_mastodon":{"url":"","error":"Validation failed: Text character limit of 500 exceeded"},"_links":{"self":[{"href":"https:\/\/www.europesays.com\/fr\/wp-json\/wp\/v2\/posts\/132784","targetHints":{"allow":["GET"]}}],"collection":[{"href":"https:\/\/www.europesays.com\/fr\/wp-json\/wp\/v2\/posts"}],"about":[{"href":"https:\/\/www.europesays.com\/fr\/wp-json\/wp\/v2\/types\/post"}],"author":[{"embeddable":true,"href":"https:\/\/www.europesays.com\/fr\/wp-json\/wp\/v2\/users\/2"}],"replies":[{"embeddable":true,"href":"https:\/\/www.europesays.com\/fr\/wp-json\/wp\/v2\/comments?post=132784"}],"version-history":[{"count":0,"href":"https:\/\/www.europesays.com\/fr\/wp-json\/wp\/v2\/posts\/132784\/revisions"}],"wp:featuredmedia":[{"embeddable":true,"href":"https:\/\/www.europesays.com\/fr\/wp-json\/wp\/v2\/media\/132785"}],"wp:attachment":[{"href":"https:\/\/www.europesays.com\/fr\/wp-json\/wp\/v2\/media?parent=132784"}],"wp:term":[{"taxonomy":"category","embeddable":true,"href":"https:\/\/www.europesays.com\/fr\/wp-json\/wp\/v2\/categories?post=132784"},{"taxonomy":"post_tag","embeddable":true,"href":"https:\/\/www.europesays.com\/fr\/wp-json\/wp\/v2\/tags?post=132784"}],"curies":[{"name":"wp","href":"https:\/\/api.w.org\/{rel}","templated":true}]}}